{"id":387529,"date":"2025-09-13T09:39:12","date_gmt":"2025-09-13T09:39:12","guid":{"rendered":"https:\/\/www.europesays.com\/fr\/387529\/"},"modified":"2025-09-13T09:39:12","modified_gmt":"2025-09-13T09:39:12","slug":"loire-operation-pour-une-cinquantaine-de-manifestants-du-mouvement-bloquons-tout-a-saint-etienne","status":"publish","type":"post","link":"https:\/\/www.europesays.com\/fr\/387529\/","title":{"rendered":"Loire. Op\u00e9ration pour une cinquantaine de manifestants du mouvement \u00ab Bloquons tout \u00bb \u00e0 Saint-\u00c9tienne"},"content":{"rendered":"<p>Samedi 13 septembre, dans la matin\u00e9e, une cinquantaine de personnes, dont beaucoup se d\u00e9pla\u00e7aient \u00e0 v\u00e9lo, ont provoqu\u00e9 un fort ralentissement au rond pont de Monthieu, vers le Burger King, \u00e0 Saint-\u00c9tienne.<\/p>\n<p>Les manifestants <a href=\"https:\/\/www.leprogres.fr\/social\/2025\/09\/11\/mobilisation-du-10-septembre-quelques-actions-encore-aujourd-hui-dans-la-loire\" target=\"_blank\" rel=\"nofollow noopener\">du mouvement \u00ab Bloquons tout \u00bb<\/a> ont effectu\u00e9 des cercles concentriques pour ralentir la circulation sur le rond-point. Ils se sont \u00e9galement d\u00e9plac\u00e9s vers d\u2019autres croisements.<\/p>\n<p>Les automobilistes se sont montr\u00e9s compr\u00e9hensifs et patients. Pour rappel, un rassemblement est pr\u00e9vu ce samedi 13 septembre, devant la mairie de Saint-\u00c9tienne.<\/p>\n","protected":false},"excerpt":{"rendered":"Samedi 13 septembre, dans la matin\u00e9e, une cinquantaine de personnes, dont beaucoup se d\u00e9pla\u00e7aient \u00e0 v\u00e9lo, ont provoqu\u00e9&hellip;\n","protected":false},"author":2,"featured_media":387530,"comment_status":"","ping_status":"","sticky":false,"template":"","format":"standard","meta":{"footnotes":""},"categories":[9653],"tags":[1111,11,2430,9671,7539,1777,674,1011,27,3367,12,316,25,4001,801,104],"class_list":{"0":"post-387529","1":"post","2":"type-post","3":"status-publish","4":"format-standard","5":"has-post-thumbnail","7":"category-saint-etienne","8":"tag-actu","9":"tag-actualites","10":"tag-auvergne-rhone-alpes","11":"tag-conflit-social","12":"tag-edition-loire-sud","13":"tag-eu","14":"tag-europe","15":"tag-fr","16":"tag-france","17":"tag-loire","18":"tag-news","19":"tag-politique","20":"tag-republique-francaise","21":"tag-saint-etienne","22":"tag-social","23":"tag-societe"},"share_on_mastodon":{"url":"https:\/\/pubeurope.com\/@fr\/115196327564907764","error":""},"_links":{"self":[{"href":"https:\/\/www.europesays.com\/fr\/wp-json\/wp\/v2\/posts\/387529","targetHints":{"allow":["GET"]}}],"collection":[{"href":"https:\/\/www.europesays.com\/fr\/wp-json\/wp\/v2\/posts"}],"about":[{"href":"https:\/\/www.europesays.com\/fr\/wp-json\/wp\/v2\/types\/post"}],"author":[{"embeddable":true,"href":"https:\/\/www.europesays.com\/fr\/wp-json\/wp\/v2\/users\/2"}],"replies":[{"embeddable":true,"href":"https:\/\/www.europesays.com\/fr\/wp-json\/wp\/v2\/comments?post=387529"}],"version-history":[{"count":0,"href":"https:\/\/www.europesays.com\/fr\/wp-json\/wp\/v2\/posts\/387529\/revisions"}],"wp:featuredmedia":[{"embeddable":true,"href":"https:\/\/www.europesays.com\/fr\/wp-json\/wp\/v2\/media\/387530"}],"wp:attachment":[{"href":"https:\/\/www.europesays.com\/fr\/wp-json\/wp\/v2\/media?parent=387529"}],"wp:term":[{"taxonomy":"category","embeddable":true,"href":"https:\/\/www.europesays.com\/fr\/wp-json\/wp\/v2\/categories?post=387529"},{"taxonomy":"post_tag","embeddable":true,"href":"https:\/\/www.europesays.com\/fr\/wp-json\/wp\/v2\/tags?post=387529"}],"curies":[{"name":"wp","href":"https:\/\/api.w.org\/{rel}","templated":true}]}}