{"id":387531,"date":"2025-09-13T09:40:13","date_gmt":"2025-09-13T09:40:13","guid":{"rendered":"https:\/\/www.europesays.com\/fr\/387531\/"},"modified":"2025-09-13T09:40:13","modified_gmt":"2025-09-13T09:40:13","slug":"municipales-2026-a-villey-saint-etienne-le-maire-jean-pierre-couteau-passera-le-relais","status":"publish","type":"post","link":"https:\/\/www.europesays.com\/fr\/387531\/","title":{"rendered":"Municipales 2026. \u00c0 Villey-Saint-\u00c9tienne, le maire Jean-Pierre Couteau passera le relais"},"content":{"rendered":"<p>C\u2019est une page qui va se tourner dans la vie municipale. Apr\u00e8s plus de trente-cinq ans au conseil et cinq mandats cons\u00e9cutifs en tant que maire, Jean-Pierre Couteau a annonc\u00e9 qu\u2019il ne postulera pas \u00e0 sa propre succession aux Municipales de mars\u00a02026.<\/p>\n<p>\u00c9lu conseiller en 1983, puis maire en 1995, l\u2019\u00e9dile aura marqu\u00e9 la commune par sa long\u00e9vit\u00e9 et ses nombreux projets. \u00ab\u00a0Il est temps de laisser place \u00e0 de nouvelles \u00e9nergies\u00a0\u00bb, confie-t-il. S\u2019il renonce au fauteuil de premier magistrat, Jean-Pierre Couteau ne quitte pas compl\u00e8tement la sc\u00e8ne politique locale\u00a0: il accompagnera la future t\u00eate de liste et apportera son exp\u00e9rience au sein de l\u2019\u00e9quipe qui se pr\u00e9pare. Avec cette d\u00e9cision, l\u2019\u00e9lu pr\u00e9pare une transition en douceur, concluant un engagement qui restera comme l\u2019un des plus longs de l\u2019histoire municipale de la commune.<\/p>\n","protected":false},"excerpt":{"rendered":"C\u2019est une page qui va se tourner dans la vie municipale. Apr\u00e8s plus de trente-cinq ans au conseil&hellip;\n","protected":false},"author":2,"featured_media":387532,"comment_status":"","ping_status":"","sticky":false,"template":"","format":"standard","meta":{"footnotes":""},"categories":[9653],"tags":[1111,11,2430,11735,1705,4188,1777,674,1011,27,12,316,25,4001,19671],"class_list":{"0":"post-387531","1":"post","2":"type-post","3":"status-publish","4":"format-standard","5":"has-post-thumbnail","7":"category-saint-etienne","8":"tag-actu","9":"tag-actualites","10":"tag-auvergne-rhone-alpes","11":"tag-cc-terres-touloises-54d","12":"tag-edition-toul","13":"tag-elections-municipales","14":"tag-eu","15":"tag-europe","16":"tag-fr","17":"tag-france","18":"tag-news","19":"tag-politique","20":"tag-republique-francaise","21":"tag-saint-etienne","22":"tag-villey-saint-etienne"},"share_on_mastodon":{"url":"https:\/\/pubeurope.com\/@fr\/115196331490950931","error":""},"_links":{"self":[{"href":"https:\/\/www.europesays.com\/fr\/wp-json\/wp\/v2\/posts\/387531","targetHints":{"allow":["GET"]}}],"collection":[{"href":"https:\/\/www.europesays.com\/fr\/wp-json\/wp\/v2\/posts"}],"about":[{"href":"https:\/\/www.europesays.com\/fr\/wp-json\/wp\/v2\/types\/post"}],"author":[{"embeddable":true,"href":"https:\/\/www.europesays.com\/fr\/wp-json\/wp\/v2\/users\/2"}],"replies":[{"embeddable":true,"href":"https:\/\/www.europesays.com\/fr\/wp-json\/wp\/v2\/comments?post=387531"}],"version-history":[{"count":0,"href":"https:\/\/www.europesays.com\/fr\/wp-json\/wp\/v2\/posts\/387531\/revisions"}],"wp:featuredmedia":[{"embeddable":true,"href":"https:\/\/www.europesays.com\/fr\/wp-json\/wp\/v2\/media\/387532"}],"wp:attachment":[{"href":"https:\/\/www.europesays.com\/fr\/wp-json\/wp\/v2\/media?parent=387531"}],"wp:term":[{"taxonomy":"category","embeddable":true,"href":"https:\/\/www.europesays.com\/fr\/wp-json\/wp\/v2\/categories?post=387531"},{"taxonomy":"post_tag","embeddable":true,"href":"https:\/\/www.europesays.com\/fr\/wp-json\/wp\/v2\/tags?post=387531"}],"curies":[{"name":"wp","href":"https:\/\/api.w.org\/{rel}","templated":true}]}}