{"id":387537,"date":"2025-09-13T09:43:12","date_gmt":"2025-09-13T09:43:12","guid":{"rendered":"https:\/\/www.europesays.com\/fr\/387537\/"},"modified":"2025-09-13T09:43:12","modified_gmt":"2025-09-13T09:43:12","slug":"la-bibliotheque-dobjets-cible-desormais-les-etudiants-toulonnais","status":"publish","type":"post","link":"https:\/\/www.europesays.com\/fr\/387537\/","title":{"rendered":"La \u00ab\u00a0biblioth\u00e8que d\u2019objets\u00a0\u00bb cible d\u00e9sormais les \u00e9tudiants toulonnais"},"content":{"rendered":"<p>Consommer moins mais mieux. C&rsquo;est ce que promet le mode de vie \u00ab\u00a0Low Tech\u00a0\u00bb. Une pratique destin\u00e9e \u00e0 r\u00e9duire sa consommation en technologie sophistiqu\u00e9e au profit d\u2019alternatives plus saines pour la plan\u00e8te. Exit les iPhones et autres inventions high-tech, et bonjour les fours solaires, les marmites norv\u00e9giennes et autres chignoles vintages. Cr\u00e9\u00e9e en avril 2024 \u00e0 La Garde, l&rsquo;association Lowbjeth\u00e8que est la premi\u00e8re dans la r\u00e9gion \u00e0 proposer au consommateur l&#8217;emprunt de ce type d&rsquo;objets. Sophie Ayoubi et Valentin Douarre ont d\u00e9cid\u00e9 de rendre concret leur projet apr\u00e8s avoir pass\u00e9 trois mois au sein d\u2019Inter Made \u00e0 Marseille, qui accompagne les entreprises dans le secteur de l&rsquo;\u00e9conomie sociale et solidaire. \u00a0\u00bb L&rsquo;association nous a aid\u00e9s pour d\u00e9finir notre premier budget pr\u00e9visionnel et, comme je ne voulais pas \u00eatre seule dans ce projet, j&rsquo;ai demand\u00e9 \u00e0 Valentin de me rejoindre\u00a0\u00bb, raconte Sophie.<\/p>\n<p>La jeunesse, un public cible pour l\u2019association<\/p>\n<p>En cette p\u00e9riode de rentr\u00e9e, les \u00e9tudiants, dont le budget est souvent restreint, peuvent faire appel \u00e0 leurs services puisqu&rsquo;ils b\u00e9n\u00e9ficient d&rsquo;un tarif avantageux de 5 euros par an afin de bricoler, cuisiner ainsi que se divertir \u00e0 petit prix. Stanislas, 20 ans, est un membre actif, aussi bien en tant qu&#8217;emprunteur que b\u00e9n\u00e9vole: \u00ab\u00a0Je connaissais Sophie et quand elle m&rsquo;a parl\u00e9 de son concept, j&rsquo;ai tout de suite voulu rejoindre les rangs\u00a0\u00bb, explique-t-il.<\/p>\n<p>Cet \u00e9tudiant en commerce \u00e0 Nice participe activement \u00e0 diff\u00e9rentes associations li\u00e9es \u00e0 la pr\u00e9servation de la nature, cela lui permet de r\u00e9fl\u00e9chir \u00e0 comment consommer mieux: \u00ab\u00a0C&rsquo;est important de pouvoir pr\u00e9server les ressources naturelles et je trouve que l&rsquo;id\u00e9e de mettre en commun des objets \u201clow tech\u00a0\u00bb et de pouvoir les emprunter \u00e0 la semaine est tr\u00e8s judicieuse \u00bb.<\/p>\n<p>Sophie Ayoubi ajoute: \u00ab\u00a0Notre strat\u00e9gie est de cibler les \u00e9tudiants. L\u2019association \u00e9tudiante de l&rsquo;universit\u00e9 de Toulon, campus de La Garde, nous garantit un encart dans sa newsletter afin de promouvoir notre concept\u00a0\u00bb.<\/p>\n<p>Des activit\u00e9s qui attirent de membres potentiels<\/p>\n<p>La Lowbjeth\u00e8que n\u2019est pas seulement une biblioth\u00e8que d\u2019objets, elle organise aussi bon nombre d\u2019activit\u00e9s, la plus populaire \u00e9tant le Repair caf\u00e9 qui a lieu au domaine priv\u00e9 de Massacan: \u00ab\u00a0Depuis le d\u00e9but de cette activit\u00e9, on a accueilli une quarantaine de personnes et r\u00e9par\u00e9 une soixantaine d\u2019objets gr\u00e2ce au \u201cProlow\u00a0\u00bb qui est le surnom de nos intervenants \u00bb.<\/p>\n<p>Ils ont aussi comme projet de mener une activit\u00e9 appel\u00e9e \u00ab\u00a0Les Ressourci\u00e8res\u00a0\u00bb: \u00ab\u00a0On pr\u00e9pare des mati\u00e8res recyclables afin d\u2019en faire des objets comme transformer du plastique en trousse ou bien du carton en chaise\u00a0\u00bb. Pour se faire conna\u00eetre, ils organisent aussi des fresques du partage afin de sensibiliser les consommateurs \u00e0 la surconsommation et aux diff\u00e9rents moyens de la limiter. \u00ab\u00a0Une ma\u00eetresse de primaire m\u2019a contact\u00e9e afin d\u2019organiser ces fresques pour ses \u00e9l\u00e8ves, \u00e7a prouve que chaque g\u00e9n\u00e9ration est concern\u00e9e par ce sujet, grands comme petits\u00a0\u00bb, conclut Sophie.<\/p>\n<p>Site web: <a href=\"https:\/\/lowbjetheque.fr\" target=\"_blank\" rel=\"noopener\">lowbjetheque.fr<\/a><\/p>\n","protected":false},"excerpt":{"rendered":"Consommer moins mais mieux. C&rsquo;est ce que promet le mode de vie \u00ab\u00a0Low Tech\u00a0\u00bb. Une pratique destin\u00e9e \u00e0&hellip;\n","protected":false},"author":2,"featured_media":387538,"comment_status":"","ping_status":"","sticky":false,"template":"","format":"standard","meta":{"footnotes":""},"categories":[9619],"tags":[1111,11,1777,674,1011,27,12,882,25,2310,3366],"class_list":{"0":"post-387537","1":"post","2":"type-post","3":"status-publish","4":"format-standard","5":"has-post-thumbnail","7":"category-toulon","8":"tag-actu","9":"tag-actualites","10":"tag-eu","11":"tag-europe","12":"tag-fr","13":"tag-france","14":"tag-news","15":"tag-provence-alpes-cote-dazur","16":"tag-republique-francaise","17":"tag-toulon","18":"tag-vie-locale"},"share_on_mastodon":{"url":"https:\/\/pubeurope.com\/@fr\/115196343342280087","error":""},"_links":{"self":[{"href":"https:\/\/www.europesays.com\/fr\/wp-json\/wp\/v2\/posts\/387537","targetHints":{"allow":["GET"]}}],"collection":[{"href":"https:\/\/www.europesays.com\/fr\/wp-json\/wp\/v2\/posts"}],"about":[{"href":"https:\/\/www.europesays.com\/fr\/wp-json\/wp\/v2\/types\/post"}],"author":[{"embeddable":true,"href":"https:\/\/www.europesays.com\/fr\/wp-json\/wp\/v2\/users\/2"}],"replies":[{"embeddable":true,"href":"https:\/\/www.europesays.com\/fr\/wp-json\/wp\/v2\/comments?post=387537"}],"version-history":[{"count":0,"href":"https:\/\/www.europesays.com\/fr\/wp-json\/wp\/v2\/posts\/387537\/revisions"}],"wp:featuredmedia":[{"embeddable":true,"href":"https:\/\/www.europesays.com\/fr\/wp-json\/wp\/v2\/media\/387538"}],"wp:attachment":[{"href":"https:\/\/www.europesays.com\/fr\/wp-json\/wp\/v2\/media?parent=387537"}],"wp:term":[{"taxonomy":"category","embeddable":true,"href":"https:\/\/www.europesays.com\/fr\/wp-json\/wp\/v2\/categories?post=387537"},{"taxonomy":"post_tag","embeddable":true,"href":"https:\/\/www.europesays.com\/fr\/wp-json\/wp\/v2\/tags?post=387537"}],"curies":[{"name":"wp","href":"https:\/\/api.w.org\/{rel}","templated":true}]}}