{"id":387542,"date":"2025-09-13T09:46:12","date_gmt":"2025-09-13T09:46:12","guid":{"rendered":"https:\/\/www.europesays.com\/fr\/387542\/"},"modified":"2025-09-13T09:46:12","modified_gmt":"2025-09-13T09:46:12","slug":"pres-de-montpellier-agression-du-maire-de-perols-quelle-condamnation-pour-lex-raseteur","status":"publish","type":"post","link":"https:\/\/www.europesays.com\/fr\/387542\/","title":{"rendered":"Pr\u00e8s de Montpellier. Agression du maire de P\u00e9rols : quelle condamnation pour l&rsquo;ex-raseteur\u00a0?"},"content":{"rendered":"<p>            Par<br \/>\n        <strong><br \/>\n            <a href=\"https:\/\/actu.fr\/auteur\/jm-aubert\" title=\"Consulter tous les articles de Jean-Marc Aubert\" target=\"_blank\" rel=\"noopener\">Jean-Marc Aubert<\/a><br \/>\n        <\/strong><\/p>\n<p>        Publi\u00e9 le<\/p>\n<p>            13 sept. 2025 \u00e0 10h36<br \/>\n        ; mis \u00e0 jour le 13 sept. 2025 \u00e0 10h44    <\/p>\n<p>La justice a tranch\u00e9 huit mois apr\u00e8s les faits pr\u00e9sum\u00e9s : un P\u00e9rolien \u00e2g\u00e9 de 57 ans, un ex-raseteur connu dans la famille de la bouvine, a \u00e9t\u00e9 condamn\u00e9 \u00e0 <strong>six mois de prison avec un sursis probatoire de deux ans,\u00a0<\/strong>ce jeudi 11 septembre 2025, par le <strong>tribunal correctionnel de Montpellier,<\/strong> une peine assortie d\u2019une obligation d\u2019indemniser la victime et de rembourser ses frais de justice, <strong>avec ex\u00e9cution provisoire<\/strong>, c\u2019est-\u00e0-dire imm\u00e9diate \u00e0 partir du jour o\u00f9 le jugement lui sera signifi\u00e9 par un commissaire de justice, m\u00eame s\u2019il interjette appel.<\/p>\n<p>    <a href=\"https:\/\/www.google.com\/maps\/embed?pb=!1m18!1m12!1m3!1d2473.570817364237!2d3.9520413450200693!3d43.56377035061522!2m3!1f0!2f0!3f0!3m2!1i1024!2i768!4f13.1!3m3!1m2!1s0x12b6bb2e85503eb1%3A0x22234b35612f89b7!2sMAIRIE%20de%20P%C3%89ROLS%27!5e0!3m2!1sfr!2sfr!4v1757750680929!5m2!1sfr!2sfr\" title=\"Ouvrie le lien\" target=\"_blank\" rel=\"noopener\">Cliquez ici pour visualiser le contenu<\/a><\/p>\n<p class=\" wall-content\">Le quinquag\u00e9naire \u00e9tait jug\u00e9 pour avoir agress\u00e9 le<strong> maire de P\u00e9rols<\/strong>,<strong> Jean-Pierre Rico<\/strong>, le 31 janvier 2025, devant la mairie, o\u00f9 la police municipale \u00e9tait intervenue rapidement. Tout avait d\u00e9g\u00e9n\u00e9r\u00e9 quand l\u2019\u00e9dile a indiqu\u00e9 au pr\u00e9venu connu dans le monde de la bouvine -il a notamment \u00e9t\u00e9 raseteur- re\u00e7u en mairie pour consulter les comptes du Club Taurin de la commune, qu\u2019il ne pouvait pas le faire sans envoyer un courrier au pr\u00e9alable.\u00a0<\/p>\n<p class=\" wall-content\">Le P\u00e9rolien l\u2019avait mal pris, mais \u00e9tait rest\u00e9 calme, mais quand il s\u2019est retrouv\u00e9 sur le parvis de l\u2019H\u00f4tel de Ville accompagn\u00e9 du maire, en apercevant des policiers municipaux arriver sir\u00e8nes hurlantes et se garer, il a \u00ab\u00a0p\u00e9t\u00e9 les plombs\u00a0\u00bb. Il prof\u00e9rait des insultes, des menaces, puis saisissait et soulevait Jean-Pierre Rico par le col de ses v\u00eatements, avant de s\u2019enfuir et de regagner son domicile.\u00a0<\/p>\n<p class=\" wall-content\">Le maire a d\u00e9pos\u00e9 plainte contre l\u2019agresseur, facilement identifi\u00e9, au bureau de la police nationale de Lattes, ce qui a permis sa convocation, puis son placement en garde \u00e0 vue. Au proc\u00e8s, ce jeudi, le pr\u00e9venu a ni\u00e9 avoir fait acte de violences, \u00e9voquant seulement une simple bousculade, niant les insultes et les menaces \u00e9voqu\u00e9es par le maire. Pourtant, les policiers municipaux t\u00e9moins de la sc\u00e8ne, les ont bien entendues. \u00ab\u00a0Donc, ces policiers ont menti dans votre rapport ?\u00a0\u00bb, a questionn\u00e9 la procureure de la R\u00e9publique. \u00ab\u00a0Oui, ils ont menti\u00a0\u00bb, a r\u00e9pondu le quinquag\u00e9naire, d\u00e9j\u00e0 condamn\u00e9 \u00e0 quatre reprises.<\/p>\n<p>Vid\u00e9os : en ce moment sur Actu\u00ab\u00a0Les maires de plus en plus agress\u00e9s\u00a0\u00bb<\/p>\n<p class=\" wall-content\">\u00ab\u00a0Je m\u2019\u00e9trangle quand j\u2019entends dire que la police municipale a fait un faux\u00a0\u00bb, a r\u00e9agi la magistrate du parquet, invitant le pr\u00e9venu \u00ab\u00a0\u00e0 surveiller son langage\u00a0\u00bb.\u00a0L\u2019avocate du maire de P\u00e9rols a rappel\u00e9 que, \u00ab\u00a0les maires sont de plus en plus agress\u00e9s par des citoyens. C\u2019est quelque chose qu\u2019il faut combattre\u00a0\u00bb. <a href=\"https:\/\/actu.fr\/occitanie\/montpellier_34172\/herault-l-association-des-maires-de-france-et-france-victimes-au-chevet-des-elus-agresses_63034311.html\" target=\"_blank\" rel=\"noopener\">Dans l\u2019H\u00e9rault, des maires ont d\u00e9j\u00e0 \u00e9t\u00e9 victimes de violences volontaires<\/a> et de menaces de mort de la part de citoyens m\u00e9contents.<\/p>\n<p>Votre r\u00e9gion, votre actu !<\/p>\n<p>Recevez chaque jour les infos qui comptent pour vous.<\/p>\n<p>\t<a href=\"https:\/\/actu.fr\/newsletter\" class=\"ac-btn ac-btn--corner ac-btn--medium ac-btn--blue800\" target=\"_blank\" rel=\"noopener\">S&rsquo;incrire<\/a><\/p>\n<p class=\" wall-content\">En d\u00e9fense pour l\u2019ancien raseteur, une avocate de N\u00eemes a d\u00e9nonc\u00e9 \u00ab\u00a0une violation manifeste d\u2019un article de la Constitution sur la protection de la libert\u00e9 individuelle et le recours du maire aux forces de l\u2019ordre, alors qu\u2019il n\u2019y avait aucun trouble \u00e0 l\u2019ordre public lorsque son client s\u2019est pr\u00e9sent\u00e9 \u00e0 la mairie. Tout s\u2019est d\u00e9roul\u00e9 dans le sas de la mairie, donc \u00e0 l\u2019int\u00e9rieur et non pas dehors\u00a0\u00bb, regrettant une proc\u00e9dure men\u00e9e \u00e0 charge. Le P\u00e9rolien tr\u00e8s connu pour \u00eatre membre d\u2019associations de la ville a un d\u00e9lai de dix jours pour faire appel, avec une condamnation qui n\u2019est donc pas suspensive, en raison de l\u2019ex\u00e9cution provisoire.<\/p>\n<p class=\" wall-content\">Personnalisez votre actualit\u00e9 en ajoutant vos villes et m\u00e9dias en favori avec <a href=\"https:\/\/moncompte.actu.fr\" title=\"D\u00e9couvez Mon Actu\" rel=\"nofollow noopener\" data-trk=\"{&quot;cta&quot;:{&quot;action&quot;:&quot;https:\\\/\\\/moncompte.actu.fr&quot;,&quot;category&quot;:&quot;mon compte&quot;,&quot;from&quot;:&quot;article footer&quot;,&quot;name&quot;:&quot;Mon actu&quot;,&quot;type&quot;:&quot;cta&quot;}}\" target=\"_blank\">Mon Actu<\/a>.<\/p>\n","protected":false},"excerpt":{"rendered":"Par Jean-Marc Aubert Publi\u00e9 le 13 sept. 2025 \u00e0 10h36 ; mis \u00e0 jour le 13 sept. 2025&hellip;\n","protected":false},"author":2,"featured_media":387543,"comment_status":"","ping_status":"","sticky":false,"template":"","format":"standard","meta":{"footnotes":""},"categories":[9599],"tags":[1111,11,1777,674,1011,27,303,2208,12,2680,1072,25,104,9547],"class_list":{"0":"post-387542","1":"post","2":"type-post","3":"status-publish","4":"format-standard","5":"has-post-thumbnail","7":"category-montpellier","8":"tag-actu","9":"tag-actualites","10":"tag-eu","11":"tag-europe","12":"tag-fr","13":"tag-france","14":"tag-justice","15":"tag-montpellier","16":"tag-news","17":"tag-occitanie","18":"tag-police","19":"tag-republique-francaise","20":"tag-societe","21":"tag-violences-contre-les-elus"},"share_on_mastodon":{"url":"https:\/\/pubeurope.com\/@fr\/115196355245702379","error":""},"_links":{"self":[{"href":"https:\/\/www.europesays.com\/fr\/wp-json\/wp\/v2\/posts\/387542","targetHints":{"allow":["GET"]}}],"collection":[{"href":"https:\/\/www.europesays.com\/fr\/wp-json\/wp\/v2\/posts"}],"about":[{"href":"https:\/\/www.europesays.com\/fr\/wp-json\/wp\/v2\/types\/post"}],"author":[{"embeddable":true,"href":"https:\/\/www.europesays.com\/fr\/wp-json\/wp\/v2\/users\/2"}],"replies":[{"embeddable":true,"href":"https:\/\/www.europesays.com\/fr\/wp-json\/wp\/v2\/comments?post=387542"}],"version-history":[{"count":0,"href":"https:\/\/www.europesays.com\/fr\/wp-json\/wp\/v2\/posts\/387542\/revisions"}],"wp:featuredmedia":[{"embeddable":true,"href":"https:\/\/www.europesays.com\/fr\/wp-json\/wp\/v2\/media\/387543"}],"wp:attachment":[{"href":"https:\/\/www.europesays.com\/fr\/wp-json\/wp\/v2\/media?parent=387542"}],"wp:term":[{"taxonomy":"category","embeddable":true,"href":"https:\/\/www.europesays.com\/fr\/wp-json\/wp\/v2\/categories?post=387542"},{"taxonomy":"post_tag","embeddable":true,"href":"https:\/\/www.europesays.com\/fr\/wp-json\/wp\/v2\/tags?post=387542"}],"curies":[{"name":"wp","href":"https:\/\/api.w.org\/{rel}","templated":true}]}}