{"id":387548,"date":"2025-09-13T09:49:15","date_gmt":"2025-09-13T09:49:15","guid":{"rendered":"https:\/\/www.europesays.com\/fr\/387548\/"},"modified":"2025-09-13T09:49:15","modified_gmt":"2025-09-13T09:49:15","slug":"metropole-de-grenoble-deux-adolescentes-placees-en-garde-a-vue-apres-une-agression-a-fontaine","status":"publish","type":"post","link":"https:\/\/www.europesays.com\/fr\/387548\/","title":{"rendered":"M\u00e9tropole de Grenoble. Deux adolescentes plac\u00e9es en garde \u00e0 vue apr\u00e8s une agression \u00e0 Fontaine"},"content":{"rendered":"<p>Deux adolescentes \u00e2g\u00e9es d\u2019une quinzaine d\u2019ann\u00e9es ont \u00e9t\u00e9 interpell\u00e9es et plac\u00e9es en garde \u00e0 vue \u00e0 l\u2019h\u00f4tel de police de Grenoble vendredi soir \u00e0 la suite d\u2019une agression.<\/p>\n<p>Selon les premi\u00e8res informations, pour une raison inconnue, elles ont pris \u00e0 partie vers 18\u00a0h\u00a030 un couple d\u2019adolescents du m\u00eame \u00e2ge au niveau de l\u2019arr\u00eat Les Fontainades \u00e0 Fontaine, la circulation des tramways \u00e9tant interrompue.<\/p>\n<p>La police municipale de Fontaine est alors intervenue mais les protagonistes de l\u2019affaire avaient disparu. Quelques minutes plus tard, les agents ont \u00e9t\u00e9 appel\u00e9s une nouvelle fois pour des faits semblables \u00e0 Louis-Maisonnat, des effectifs de la police nationale \u00e9tant \u00e9galement mobilis\u00e9s car des t\u00e9moins venaient de voir l\u2019une des jeunes filles brandir un couteau.<\/p>\n<p>Sur place, la confusion r\u00e9gnait, des badauds tentant de perturber l\u2019op\u00e9ration de contr\u00f4le qui s\u2019ensuivit. L\u2019une des agresseuses a \u00e9t\u00e9 retrouv\u00e9e en possession d\u2019un couteau et a \u00e9t\u00e9 interpell\u00e9e, tout comme une autre adolescente.<\/p>\n<p>Une plainte a \u00e9t\u00e9 d\u00e9pos\u00e9e par les victimes &#8211; qui n\u2019ont pas \u00e9t\u00e9 bless\u00e9es\u00a0&#8211; et les deux jeunes filles suspect\u00e9es de l\u2019agression ont donc \u00e9t\u00e9 plac\u00e9es en garde \u00e0 vue.<\/p>\n","protected":false},"excerpt":{"rendered":"Deux adolescentes \u00e2g\u00e9es d\u2019une quinzaine d\u2019ann\u00e9es ont \u00e9t\u00e9 interpell\u00e9es et plac\u00e9es en garde \u00e0 vue \u00e0 l\u2019h\u00f4tel de&hellip;\n","protected":false},"author":2,"featured_media":387549,"comment_status":"","ping_status":"","sticky":false,"template":"","format":"standard","meta":{"footnotes":""},"categories":[9566],"tags":[1111,11,2430,271,272,112,1777,674,274,107,9592,11680,1011,27,2731,108,12,25],"class_list":{"0":"post-387548","1":"post","2":"type-post","3":"status-publish","4":"format-standard","5":"has-post-thumbnail","7":"category-grenoble","8":"tag-actu","9":"tag-actualites","10":"tag-auvergne-rhone-alpes","11":"tag-crime","12":"tag-delit-et-contravention","13":"tag-edition-grenoble-agglomeration","14":"tag-eu","15":"tag-europe","16":"tag-faits-divers-justice","17":"tag-fil-info","18":"tag-fontaine","19":"tag-fontaine-bassin","20":"tag-fr","21":"tag-france","22":"tag-grenoble","23":"tag-isere","24":"tag-news","25":"tag-republique-francaise"},"share_on_mastodon":{"url":"https:\/\/pubeurope.com\/@fr\/115196367025383151","error":""},"_links":{"self":[{"href":"https:\/\/www.europesays.com\/fr\/wp-json\/wp\/v2\/posts\/387548","targetHints":{"allow":["GET"]}}],"collection":[{"href":"https:\/\/www.europesays.com\/fr\/wp-json\/wp\/v2\/posts"}],"about":[{"href":"https:\/\/www.europesays.com\/fr\/wp-json\/wp\/v2\/types\/post"}],"author":[{"embeddable":true,"href":"https:\/\/www.europesays.com\/fr\/wp-json\/wp\/v2\/users\/2"}],"replies":[{"embeddable":true,"href":"https:\/\/www.europesays.com\/fr\/wp-json\/wp\/v2\/comments?post=387548"}],"version-history":[{"count":0,"href":"https:\/\/www.europesays.com\/fr\/wp-json\/wp\/v2\/posts\/387548\/revisions"}],"wp:featuredmedia":[{"embeddable":true,"href":"https:\/\/www.europesays.com\/fr\/wp-json\/wp\/v2\/media\/387549"}],"wp:attachment":[{"href":"https:\/\/www.europesays.com\/fr\/wp-json\/wp\/v2\/media?parent=387548"}],"wp:term":[{"taxonomy":"category","embeddable":true,"href":"https:\/\/www.europesays.com\/fr\/wp-json\/wp\/v2\/categories?post=387548"},{"taxonomy":"post_tag","embeddable":true,"href":"https:\/\/www.europesays.com\/fr\/wp-json\/wp\/v2\/tags?post=387548"}],"curies":[{"name":"wp","href":"https:\/\/api.w.org\/{rel}","templated":true}]}}