{"id":387554,"date":"2025-09-13T09:52:18","date_gmt":"2025-09-13T09:52:18","guid":{"rendered":"https:\/\/www.europesays.com\/fr\/387554\/"},"modified":"2025-09-13T09:52:18","modified_gmt":"2025-09-13T09:52:18","slug":"bourse-aux-velos-marquage-antivol-les-immanquables-de-la-semaine-de-la-mobilite-a-rennes","status":"publish","type":"post","link":"https:\/\/www.europesays.com\/fr\/387554\/","title":{"rendered":"Bourse aux v\u00e9los, marquage antivol\u00a0: les immanquables de la semaine de la Mobilit\u00e9 \u00e0 Rennes"},"content":{"rendered":"<p>Pour encourager les d\u00e9placements alternatifs \u00e0 la voiture, le v\u00e9lo en t\u00eate, une semaine europ\u00e9enne de la Mobilit\u00e9 a \u00e9t\u00e9 cr\u00e9\u00e9e en 2002. Elle donne lieu \u00e0 plusieurs \u00e9v\u00e9nements dans Rennes et sa m\u00e9tropole. Voici ce qu\u2019il ne faut pas rater.<\/p>\n<p>Tatouer son v\u00e9lo<\/p>\n<p>Ou plus exactement le marquer d\u2019une immatriculation pour lutter contre le vol et surtout la revente. <a href=\"https:\/\/rennes.maville.com\/actu\/actudet_-comment-eviter-de-se-faire-voler-son-velo-voici-nos-conseils-_54135-5143429_actu.Htm\" target=\"_self\" rel=\"noopener\">Un num\u00e9ro d\u2019identification unique, le Bicycode<\/a>, est ainsi grav\u00e9 directement sur le cadre.<\/p>\n<p>Plusieurs sessions sont propos\u00e9es par l\u2019association Rayons d\u2019action\u00a0: mardi 16\u00a0septembre, de 16\u00a0h \u00e0 19\u00a0h, sur le campus de la facult\u00e9 d\u2019\u00e9conomie place Hoche, et le vendredi 19\u00a0septembre \u00e0 Acign\u00e9 \u00e0 la Passerelle (de 15\u00a0h\u00a030 \u00e0 18\u00a0h\u00a030). Ces marquages, qui co\u00fbtent habituellement entre 5 et 10\u00a0\u20ac, seront gratuits. Attention, la pr\u00e9sentation d\u2019une pi\u00e8ce d\u2019identit\u00e9 est obligatoire.<\/p>\n<p>Session de rattrapage, plut\u00f4t \u00e0 destination des \u00e9tudiants, sur le campus de Rennes 2\u00a0le 25\u00a0septembre, de 10\u00a0h \u00e0 14\u00a0h, pr\u00e8s du b\u00e2timent de l\u2019Er\u00e8ve.<\/p>\n<p>Par ici les bonnes affaires<\/p>\n<p>M\u00eame endroit, m\u00eame jour\u00a0: une grande bourse aux v\u00e9los sera organis\u00e9e \u00e0 Villejean, de 8\u00a0h \u00e0 16\u00a0h. Le d\u00e9p\u00f4t est pr\u00e9vu entre 8\u00a0h et 10\u00a0h. La vente, sans commission, suivra. Il n\u2019est pas possible de vendre plus de dix v\u00e9los par personne. Les paiements se feront en liquide.<\/p>\n<p>Retaper son biclou<\/p>\n<p><a href=\"https:\/\/rennes.maville.com\/actu\/actudet_-barometre-velo-rayons-d-action-se-felicite-d-un-nombre-de-votants-en-hausse-dans-rennes-metropole-_52674-6838251_actu.Htm\" target=\"_self\" rel=\"noopener\">Rayons d\u2019action <\/a>propose deux rendez-vous pour remettre son deux-roues en \u00e9tat. Dans Rennes d\u2019abord, le mercredi 17\u00a0septembre entre 17\u00a0h\u00a030 et 19\u00a0h, du c\u00f4t\u00e9 du mail Fran\u00e7ois-Mitterrand. Un diagnostic sera offert ainsi <strong>\u00ab\u00a0qu\u2019un entretien l\u00e9ger de votre monture\u00a0\u00bb<\/strong> pr\u00e9vient l\u2019association. Samedi 20\u00a0septembre, \u00e0 Chantepie (dans le local situ\u00e9 rue du Petit Pr\u00e9), c\u2019est cette fois un atelier d\u2019autor\u00e9paration qui est propos\u00e9.<\/p>\n<p>Le 25\u00a0septembre, sur le campus de Villejean ce sont cette fois les associations Ar Vuhez et La Petite Rennes qui, de 10\u00a0h \u00e0 14\u00a0h \u00e0 l\u2019Agora, donneront quelques conseils et astuces pour apprendre \u00e0 entretenir ou r\u00e9parer son v\u00e9lo.<\/p>\n<p>\u00a0<\/p>\n","protected":false},"excerpt":{"rendered":"Pour encourager les d\u00e9placements alternatifs \u00e0 la voiture, le v\u00e9lo en t\u00eate, une semaine europ\u00e9enne de la Mobilit\u00e9&hellip;\n","protected":false},"author":2,"featured_media":387555,"comment_status":"","ping_status":"","sticky":false,"template":"","format":"standard","meta":{"footnotes":""},"categories":[2821],"tags":[1111,11,52003,340,829,1777,674,1011,27,30934,52002,1137,12,584,25,5572,825],"class_list":{"0":"post-387554","1":"post","2":"type-post","3":"status-publish","4":"format-standard","5":"has-post-thumbnail","7":"category-rennes","8":"tag-actu","9":"tag-actualites","10":"tag-antivol","11":"tag-bourse","12":"tag-bretagne","13":"tag-eu","14":"tag-europe","15":"tag-fr","16":"tag-france","17":"tag-immanquables","18":"tag-marquage","19":"tag-mobilite","20":"tag-news","21":"tag-rennes","22":"tag-republique-francaise","23":"tag-semaine","24":"tag-velos"},"share_on_mastodon":{"url":"https:\/\/pubeurope.com\/@fr\/115196378728676497","error":""},"_links":{"self":[{"href":"https:\/\/www.europesays.com\/fr\/wp-json\/wp\/v2\/posts\/387554","targetHints":{"allow":["GET"]}}],"collection":[{"href":"https:\/\/www.europesays.com\/fr\/wp-json\/wp\/v2\/posts"}],"about":[{"href":"https:\/\/www.europesays.com\/fr\/wp-json\/wp\/v2\/types\/post"}],"author":[{"embeddable":true,"href":"https:\/\/www.europesays.com\/fr\/wp-json\/wp\/v2\/users\/2"}],"replies":[{"embeddable":true,"href":"https:\/\/www.europesays.com\/fr\/wp-json\/wp\/v2\/comments?post=387554"}],"version-history":[{"count":0,"href":"https:\/\/www.europesays.com\/fr\/wp-json\/wp\/v2\/posts\/387554\/revisions"}],"wp:featuredmedia":[{"embeddable":true,"href":"https:\/\/www.europesays.com\/fr\/wp-json\/wp\/v2\/media\/387555"}],"wp:attachment":[{"href":"https:\/\/www.europesays.com\/fr\/wp-json\/wp\/v2\/media?parent=387554"}],"wp:term":[{"taxonomy":"category","embeddable":true,"href":"https:\/\/www.europesays.com\/fr\/wp-json\/wp\/v2\/categories?post=387554"},{"taxonomy":"post_tag","embeddable":true,"href":"https:\/\/www.europesays.com\/fr\/wp-json\/wp\/v2\/tags?post=387554"}],"curies":[{"name":"wp","href":"https:\/\/api.w.org\/{rel}","templated":true}]}}