{"id":387556,"date":"2025-09-13T09:53:11","date_gmt":"2025-09-13T09:53:11","guid":{"rendered":"https:\/\/www.europesays.com\/fr\/387556\/"},"modified":"2025-09-13T09:53:11","modified_gmt":"2025-09-13T09:53:11","slug":"andreas-lins-succede-a-philippe-crevoisier","status":"publish","type":"post","link":"https:\/\/www.europesays.com\/fr\/387556\/","title":{"rendered":"Andreas Lins succ\u00e8de \u00e0 Philippe Crevoisier"},"content":{"rendered":"<p>\u00c0 l\u2019occasion de la r\u00e9union de son comit\u00e9 le 8\u00a0septembre\u00a02025, l\u2019association du Corps consulaire de Strasbourg a act\u00e9 le changement de pr\u00e9sidence de l\u2019association. Andr\u00e9as Lins, Consul g\u00e9n\u00e9ral d\u2019Autriche, succ\u00e8de, en tant que pr\u00e9sident du Corps consulaire, \u00e0 Philippe Crevoisier, Consul g\u00e9n\u00e9ral de Suisse qui quitte ses fonctions \u00e0 Strasbourg. L\u2019association a \u00e9galement chang\u00e9 de secr\u00e9taire g\u00e9n\u00e9ral, Christophe Kieffer, Consul honoraire des Pays-Bas, prend la suite de Francis Hirn, Consul honoraire de Lituanie. L\u2019association du Corps consulaire de Strasbourg est compos\u00e9e des consuls g\u00e9n\u00e9raux et consuls professionnels ainsi que des consuls honoraires \u00e9tablis \u00e0 Strasbourg et dans le Grand Est. Avec les repr\u00e9sentants permanents aupr\u00e8s du Conseil de l\u2019Europe, elle contribue \u00e0 faire de Strasbourg la seconde ville diplomatique de France. Au-del\u00e0 des missions sp\u00e9cifiques de ses membres, l\u2019action du Corps consulaire dans son ensemble entend contribuer au rayonnement international de Strasbourg, de l\u2019Alsace et du Grand Est. Elle permet de faciliter l\u2019accueil \u00e0 Strasbourg des repr\u00e9sentants des pays ainsi que les relations entre ses membres et les autorit\u00e9s r\u00e9gionales.<\/p>\n","protected":false},"excerpt":{"rendered":"\u00c0 l\u2019occasion de la r\u00e9union de son comit\u00e9 le 8\u00a0septembre\u00a02025, l\u2019association du Corps consulaire de Strasbourg a act\u00e9&hellip;\n","protected":false},"author":2,"featured_media":387557,"comment_status":"","ping_status":"","sticky":false,"template":"","format":"standard","meta":{"footnotes":""},"categories":[2820],"tags":[1111,11,2389,2649,2880,1777,674,107,1011,27,775,12,316,25,640,2879],"class_list":{"0":"post-387556","1":"post","2":"type-post","3":"status-publish","4":"format-standard","5":"has-post-thumbnail","7":"category-strasbourg","8":"tag-actu","9":"tag-actualites","10":"tag-alsace","11":"tag-bas-rhin","12":"tag-edition-strasbourg","13":"tag-eu","14":"tag-europe","15":"tag-fil-info","16":"tag-fr","17":"tag-france","18":"tag-grand-est","19":"tag-news","20":"tag-politique","21":"tag-republique-francaise","22":"tag-strasbourg","23":"tag-strasbourg-ville"},"share_on_mastodon":{"url":"https:\/\/pubeurope.com\/@fr\/115196382761546085","error":""},"_links":{"self":[{"href":"https:\/\/www.europesays.com\/fr\/wp-json\/wp\/v2\/posts\/387556","targetHints":{"allow":["GET"]}}],"collection":[{"href":"https:\/\/www.europesays.com\/fr\/wp-json\/wp\/v2\/posts"}],"about":[{"href":"https:\/\/www.europesays.com\/fr\/wp-json\/wp\/v2\/types\/post"}],"author":[{"embeddable":true,"href":"https:\/\/www.europesays.com\/fr\/wp-json\/wp\/v2\/users\/2"}],"replies":[{"embeddable":true,"href":"https:\/\/www.europesays.com\/fr\/wp-json\/wp\/v2\/comments?post=387556"}],"version-history":[{"count":0,"href":"https:\/\/www.europesays.com\/fr\/wp-json\/wp\/v2\/posts\/387556\/revisions"}],"wp:featuredmedia":[{"embeddable":true,"href":"https:\/\/www.europesays.com\/fr\/wp-json\/wp\/v2\/media\/387557"}],"wp:attachment":[{"href":"https:\/\/www.europesays.com\/fr\/wp-json\/wp\/v2\/media?parent=387556"}],"wp:term":[{"taxonomy":"category","embeddable":true,"href":"https:\/\/www.europesays.com\/fr\/wp-json\/wp\/v2\/categories?post=387556"},{"taxonomy":"post_tag","embeddable":true,"href":"https:\/\/www.europesays.com\/fr\/wp-json\/wp\/v2\/tags?post=387556"}],"curies":[{"name":"wp","href":"https:\/\/api.w.org\/{rel}","templated":true}]}}