{"id":387560,"date":"2025-09-13T09:55:09","date_gmt":"2025-09-13T09:55:09","guid":{"rendered":"https:\/\/www.europesays.com\/fr\/387560\/"},"modified":"2025-09-13T09:55:09","modified_gmt":"2025-09-13T09:55:09","slug":"ce-sublime-hotel-de-la-cote-dazur-bientot-dans-la-serie-the-white-lotus-la-rumeur-enfle","status":"publish","type":"post","link":"https:\/\/www.europesays.com\/fr\/387560\/","title":{"rendered":"Ce sublime h\u00f4tel de la C\u00f4te d\u2019Azur bient\u00f4t dans la s\u00e9rie \u00ab\u00a0The White Lotus\u00a0\u00bb ? La rumeur enfle"},"content":{"rendered":"<p>            Par<br \/>\n        <strong><br \/>\n            <a href=\"https:\/\/actu.fr\/auteur\/manon-reinhardt\" title=\"Consulter tous les articles de Manon Reinhardt\" target=\"_blank\" rel=\"noopener\">Manon Reinhardt<\/a><br \/>\n        <\/strong><\/p>\n<p>        Publi\u00e9 le<\/p>\n<p>            13 sept. 2025 \u00e0 7h12        <\/p>\n<p>C\u2019est l\u2019un des \u00e9tablissements les plus pris\u00e9s de la C\u00f4te d\u2019Azur. Mais aussi l\u2019un des plus r\u00e9put\u00e9s pour ses prestations luxueuses. Ce sublime h\u00f4tel, situ\u00e9 \u00e0 Saint-Jean-Cap-Ferrat pr\u00e8s de <a href=\"https:\/\/actu.fr\/provence-alpes-cote-d-azur\/nice_06088\" target=\"_blank\" rel=\"noopener\">Nice<\/a> (<a href=\"https:\/\/actu.fr\/provence-alpes-cote-d-azur\/alpes-maritimes_06\" target=\"_blank\" rel=\"noopener\">Alpes-Maritimes<\/a>), pourrait bien appara\u00eetre prochainement dans vos \u00e9crans. En effet, selon les informations du site <a href=\"https:\/\/deadline.com\/2025\/09\/the-white-lotus-season-4-location-france-hbo-1236507930\/\" target=\"_blank\" rel=\"noopener\">Deadline<\/a>, il serait pressenti <strong>comme lieu de tournage<\/strong> de la quatri\u00e8me saison de la s\u00e9rie \u00e0 succ\u00e8s \u00ab\u2009The White Lotus\u2009\u00bb diffus\u00e9e en France sur Canal +.\u00a0<\/p>\n<p>Le Grand H\u00f4tel du Cap Ferrat sur nos \u00e9crans\u2009?<\/p>\n<p class=\" wall-content\">La s\u00e9rie \u00e0 succ\u00e8s \u00ab\u2009The White Lotus\u2009\u00bb produite par HBO va bient\u00f4t commencer le tournage de sa saison 4. Si plusieurs lieux de tournage sont \u00e9voqu\u00e9s par les rumeurs, apr\u00e8s Hawa\u00ef, la Sicile et la Tha\u00eflande, la France devrait en effet accueillir les \u00e9quipes de la production am\u00e9ricaine.<\/p>\n<p class=\" wall-content\">D\u2019apr\u00e8s les informations de nos confr\u00e8res, plusieurs palaces se trouveraient dans le viseur de Mike White. Mais l\u2019un d\u2019eux, situ\u00e9 sur la C\u00f4te d\u2019Azur, revient avec insistance.<\/p>\n<p class=\" wall-content\">En effet, le r\u00e9alisateur aurait \u00e9t\u00e9 r\u00e9cemment aper\u00e7u dans le Grand H\u00f4tel du Cap-Ferrat, \u00e0 <strong>Saint-Jean-Cap-Ferrat<\/strong>. Il aurait d\u2019ailleurs s\u00e9journ\u00e9 au Negresco, sur la promenade des Anglais, le temps de son d\u00e9placement.<\/p>\n<p>    <a href=\"https:\/\/www.google.com\/maps\/embed?pb=!4v1757508576705!6m8!1m7!1sCAoSF0NJSE0wb2dLRUlDQWdJQ0V6TXZQa3dF!2m2!1d43.67698951060761!2d7.331465059746452!3f351.5587916641334!4f-0.6191949257057274!5f0.7820865974627469\" title=\"Ouvrie le lien\" target=\"_blank\" rel=\"noopener\">Cliquez ici pour visualiser le contenu<\/a><\/p>\n<p>La direction de l\u2019h\u00f4tel r\u00e9pond<\/p>\n<p class=\" wall-content\">D\u2019autres h\u00f4tels pourraient \u00e9galement l\u2019int\u00e9resser, comme le Four Seasons \u00e0 Meg\u00e8ve ou encore le tr\u00e8s c\u00e9l\u00e8bre George V \u00e0 Paris.<\/p>\n<p class=\" wall-content\">Le site estime tout de m\u00eame que les d\u00e9cors du Cap-Ferrat restent les \u00ab\u2009plus proches\u2009\u00bb des trois premi\u00e8res saisons de \u00ab\u2009The White Lotus\u2009\u00bb. Il pourrait ainsi s\u2019imposer comme son choix <strong>le plus probable<\/strong>.<\/p>\n<p>Votre r\u00e9gion, votre actu !<\/p>\n<p>Recevez chaque jour les infos qui comptent pour vous.<\/p>\n<p>\t<a href=\"https:\/\/actu.fr\/newsletter\" class=\"ac-btn ac-btn--corner ac-btn--medium ac-btn--blue800\" target=\"_blank\" rel=\"noopener\">S&rsquo;incrire<\/a><\/p>\n<p class=\" wall-content\">Contact\u00e9, le service communication de l\u2019h\u00f4tel a toutefois indiqu\u00e9 \u00e0 actu Nice ne pas avoir d\u2019informations \u00e0 ce sujet.\u00a0Surprise donc, mais il faudrait patienter jusqu\u2019\u00e0 fin 2026, a minima, voire 2027, pour la diffusion.<\/p>\n<p class=\" wall-content\">Personnalisez votre actualit\u00e9 en ajoutant vos villes et m\u00e9dias en favori avec <a href=\"https:\/\/moncompte.actu.fr\" title=\"D\u00e9couvez Mon Actu\" rel=\"nofollow noopener\" data-trk=\"{&quot;cta&quot;:{&quot;action&quot;:&quot;https:\\\/\\\/moncompte.actu.fr&quot;,&quot;category&quot;:&quot;mon compte&quot;,&quot;from&quot;:&quot;article footer&quot;,&quot;name&quot;:&quot;Mon actu&quot;,&quot;type&quot;:&quot;cta&quot;}}\" target=\"_blank\">Mon Actu<\/a>.<\/p>\n","protected":false},"excerpt":{"rendered":"Par Manon Reinhardt Publi\u00e9 le 13 sept. 2025 \u00e0 7h12 C\u2019est l\u2019un des \u00e9tablissements les plus pris\u00e9s de&hellip;\n","protected":false},"author":2,"featured_media":387561,"comment_status":"","ping_status":"","sticky":false,"template":"","format":"standard","meta":{"footnotes":""},"categories":[2819],"tags":[1111,11,650,1777,674,1011,27,1652,2425,12,2401,882,25,1314],"class_list":{"0":"post-387560","1":"post","2":"type-post","3":"status-publish","4":"format-standard","5":"has-post-thumbnail","7":"category-nice","8":"tag-actu","9":"tag-actualites","10":"tag-cinema","11":"tag-eu","12":"tag-europe","13":"tag-fr","14":"tag-france","15":"tag-loisirs-culture","16":"tag-luxe","17":"tag-news","18":"tag-nice","19":"tag-provence-alpes-cote-dazur","20":"tag-republique-francaise","21":"tag-series"},"share_on_mastodon":{"url":"https:\/\/pubeurope.com\/@fr\/115196390472170537","error":""},"_links":{"self":[{"href":"https:\/\/www.europesays.com\/fr\/wp-json\/wp\/v2\/posts\/387560","targetHints":{"allow":["GET"]}}],"collection":[{"href":"https:\/\/www.europesays.com\/fr\/wp-json\/wp\/v2\/posts"}],"about":[{"href":"https:\/\/www.europesays.com\/fr\/wp-json\/wp\/v2\/types\/post"}],"author":[{"embeddable":true,"href":"https:\/\/www.europesays.com\/fr\/wp-json\/wp\/v2\/users\/2"}],"replies":[{"embeddable":true,"href":"https:\/\/www.europesays.com\/fr\/wp-json\/wp\/v2\/comments?post=387560"}],"version-history":[{"count":0,"href":"https:\/\/www.europesays.com\/fr\/wp-json\/wp\/v2\/posts\/387560\/revisions"}],"wp:featuredmedia":[{"embeddable":true,"href":"https:\/\/www.europesays.com\/fr\/wp-json\/wp\/v2\/media\/387561"}],"wp:attachment":[{"href":"https:\/\/www.europesays.com\/fr\/wp-json\/wp\/v2\/media?parent=387560"}],"wp:term":[{"taxonomy":"category","embeddable":true,"href":"https:\/\/www.europesays.com\/fr\/wp-json\/wp\/v2\/categories?post=387560"},{"taxonomy":"post_tag","embeddable":true,"href":"https:\/\/www.europesays.com\/fr\/wp-json\/wp\/v2\/tags?post=387560"}],"curies":[{"name":"wp","href":"https:\/\/api.w.org\/{rel}","templated":true}]}}