{"id":387573,"date":"2025-09-13T10:02:15","date_gmt":"2025-09-13T10:02:15","guid":{"rendered":"https:\/\/www.europesays.com\/fr\/387573\/"},"modified":"2025-09-13T10:02:15","modified_gmt":"2025-09-13T10:02:15","slug":"restos-a-toulouse-cette-cantine-nest-vraiment-pas-comme-les-autres-et-cest-le-mangeur-masque-qui-le-dit","status":"publish","type":"post","link":"https:\/\/www.europesays.com\/fr\/387573\/","title":{"rendered":"Restos \u00e0 Toulouse. Cette cantine n&rsquo;est vraiment pas comme les autres (et c&rsquo;est le Mangeur Masqu\u00e9 qui le dit !)"},"content":{"rendered":"<p>            Par<br \/>\n        <strong><br \/>\n            <a href=\"https:\/\/actu.fr\/auteur\/redaction-toulouse\" title=\"Consulter tous les articles de R\u00e9daction de Toulouse\" target=\"_blank\" rel=\"noopener\">R\u00e9daction de Toulouse<\/a><br \/>\n        <\/strong><\/p>\n<p>        Publi\u00e9 le<\/p>\n<p>            13 sept. 2025 \u00e0 11h10        <\/p>\n<p>Il n\u2019y a qu\u2019\u00e0 voir les sourires sur les visages. Solaires. Les tables se remplir de quadra, de quinqua, d\u2019un jeune couple aussi, qui se d\u00e9vorera des yeux tout le repas. C\u2019est dire si ce lieu \u00e9tait attendu. Esp\u00e9r\u00e9 et enfin investi, dans un quartier, <strong>les Izards<\/strong>, o\u00f9 la restauration se veut surtout rapide. Vite aval\u00e9e, vite oubli\u00e9e. Prenons le temps de se construire des souvenirs \u00e0 la table de<a href=\"https:\/\/actu.fr\/occitanie\/toulouse_31555\/toulouse-porte-par-des-habitants-du-quartier-un-nouveau-restaurant-va-ouvrir-aux-izards_62467615.html\" target=\"_blank\" rel=\"noopener\"> \u00ab\u00a0Si ma cantine m\u2019\u00e9tait cont\u00e9e\u00a0\u00bb<\/a> \u00e0 Toulouse.<\/p>\n<p>Une femme de combat<br \/>\n    <img   decoding=\"async\" loading=\"lazy\" src=\"https:\/\/www.europesays.com\/fr\/wp-content\/uploads\/2025\/09\/b28fa6ae7eb86a68fa6ae7eb89d8fav-960x640.jpg\" alt=\"Les plats voyagent beaucoup, comme ce Salmorejo venu d'Espagne.\" width=\"960\" height=\"640\"\/><br \/>\n    Les plats voyagent beaucoup, comme ce Salmorejo venu d\u2019Espagne. (\u00a9L.M.M.)<\/p>\n<p class=\" wall-content\">Au d\u00e9part, il y a un projet que d\u2019aucuns pensaient fou : faire venir l<strong>e bio<\/strong> et le <strong>bien manger<\/strong> aux Izards. Aussi \u00e9l\u00e9mentaire qu\u2019alimentaire. Un projet qui a grandi pendant deux ans autour des cantines \u00e9ph\u00e9m\u00e8res, o\u00f9 les habitants venaient cuisiner des produits locaux et de saison avant de les servir \u00e0 table aux clients.<\/p>\n<p class=\" wall-content\">Et puis l\u2019id\u00e9e d\u2019ouvrir un restaurant permanent a fait son chemin. De longs mois de travaux, un soutien populaire et institutionnel, et voici une belle b\u00e2tisse blanche, salle grande ouverte sur une terrasse pos\u00e9e <strong>au pied d\u2019un immeuble flambant neuf<\/strong>, \u00e0 100\u00a0m\u00e8tres de la station de m\u00e9tro Trois Cocus.<\/p>\n<p class=\" wall-content\">\u00c0 l\u2019initiative \u00e0 chaque fois : <strong>Yamina A\u00efssa Abdi<\/strong>. Ancienne gestionnaire de centre dentaire, cette femme de combat et de conviction a choisi de s\u2019investir dans le milieu associatif pour recr\u00e9er du lien social dans un quartier caboss\u00e9, le sien, qui n\u2019attendait que \u00e7a.<\/p>\n<p>Simplicit\u00e9 et malice en cuisine<br \/>\n    <img   decoding=\"async\" loading=\"lazy\" src=\"https:\/\/www.europesays.com\/fr\/wp-content\/uploads\/2025\/09\/21a276ae7eb8665a276ae7eb83aa27v-960x640.jpg\" alt=\"De la betterave dans un banoffee ! Pari r\u00e9ussi\" width=\"960\" height=\"640\"\/><br \/>\n    De la betterave dans un banoffee ! Pari r\u00e9ussi (\u00a9L.M.M.)<\/p>\n<p>Votre r\u00e9gion, votre actu !<\/p>\n<p>Recevez chaque jour les infos qui comptent pour vous.<\/p>\n<p>\t<a href=\"https:\/\/actu.fr\/newsletter\" class=\"ac-btn ac-btn--corner ac-btn--medium ac-btn--blue800\" target=\"_blank\" rel=\"noopener\">S&rsquo;incrire<\/a><\/p>\n<p class=\" wall-content\">Dans les assiettes, une volont\u00e9 : celle de bien faire. Et de satisfaire tout le monde, que la table soit compos\u00e9e de <strong>mangeur carn\u00e9 ou v\u00e9g\u00e9<\/strong> (voire m\u00eame masqu\u00e9). Le menu d\u00e9jeuner (19 \u20ac pour la formule compl\u00e8te) propose au choix, deux entr\u00e9es, deux plats et deux desserts.<\/p>\n<p class=\" wall-content\">Renouvel\u00e9 chaque semaine, avec des produits cuisin\u00e9s avec justesse, simplicit\u00e9, et ce qu\u2019il faut de malice. Ce midi-l\u00e0, jolie couleur et longueur en bouche sur <strong>le Salmorejo<\/strong> (une cr\u00e8me froide et \u00e9paisse \u00e0 base de pain et de tomate). Cuisson parfaite sur la <strong>butternut<\/strong>, <strong>fondante \u00e0 souhait<\/strong> et \u00e0 son aise dans ce gratin accompagn\u00e9 de morceaux de fourme d\u2019Ambert (fromage \u00e9minemment sous-cot\u00e9).<\/p>\n<p class=\" wall-content\">Sans oublier la roquette tr\u00e8s chouette avec ses <strong>tagliatelles de courgettes jaunes<\/strong>. En dessert, \u00e9tonnant <strong>banoffee<\/strong>, r\u00e9invent\u00e9 pour l\u2019occasion avec un crumble de sp\u00e9culoos pour l\u2019assise, et une astucieuse mousse de betterave rouge pour la gourmandise (oui, oui). En voil\u00e0 un joli conte, qui n\u2019a pas fini de s\u2019\u00e9crire.<\/p>\n<p class=\" wall-content\"><b>LE MANGEUR MASQU\u00c9 <\/b><br \/>Suivez-le <a href=\"https:\/\/www.instagram.com\/le_mangeur_masque\/?hl=fr\" target=\"_blank\" rel=\"noopener\">sur Insta<\/a><\/p>\n<p>Si ma cantine m\u2019\u00e9tait cont\u00e9e, 2 Chemin des Izards<\/p>\n<p class=\" wall-content\">Personnalisez votre actualit\u00e9 en ajoutant vos villes et m\u00e9dias en favori avec <a href=\"https:\/\/moncompte.actu.fr\" title=\"D\u00e9couvez Mon Actu\" rel=\"nofollow noopener\" data-trk=\"{&quot;cta&quot;:{&quot;action&quot;:&quot;https:\\\/\\\/moncompte.actu.fr&quot;,&quot;category&quot;:&quot;mon compte&quot;,&quot;from&quot;:&quot;article footer&quot;,&quot;name&quot;:&quot;Mon actu&quot;,&quot;type&quot;:&quot;cta&quot;}}\" target=\"_blank\">Mon Actu<\/a>.<\/p>\n<p>                    <script async src=\"\/\/www.instagram.com\/embed.js\"><\/script><\/p>\n","protected":false},"excerpt":{"rendered":"Par R\u00e9daction de Toulouse Publi\u00e9 le 13 sept. 2025 \u00e0 11h10 Il n\u2019y a qu\u2019\u00e0 voir les sourires&hellip;\n","protected":false},"author":2,"featured_media":387574,"comment_status":"","ping_status":"","sticky":false,"template":"","format":"standard","meta":{"footnotes":""},"categories":[2816],"tags":[1111,11,1777,674,1011,27,1652,12,2849,2680,25,2850,1341,2312],"class_list":{"0":"post-387573","1":"post","2":"type-post","3":"status-publish","4":"format-standard","5":"has-post-thumbnail","7":"category-toulouse","8":"tag-actu","9":"tag-actualites","10":"tag-eu","11":"tag-europe","12":"tag-fr","13":"tag-france","14":"tag-loisirs-culture","15":"tag-news","16":"tag-nouveaux-commerces-a-toulouse","17":"tag-occitanie","18":"tag-republique-francaise","19":"tag-restaurants-de-toulouse","20":"tag-sortir-a-toulouse","21":"tag-toulouse"},"share_on_mastodon":{"url":"https:\/\/pubeurope.com\/@fr\/115196418289834695","error":""},"_links":{"self":[{"href":"https:\/\/www.europesays.com\/fr\/wp-json\/wp\/v2\/posts\/387573","targetHints":{"allow":["GET"]}}],"collection":[{"href":"https:\/\/www.europesays.com\/fr\/wp-json\/wp\/v2\/posts"}],"about":[{"href":"https:\/\/www.europesays.com\/fr\/wp-json\/wp\/v2\/types\/post"}],"author":[{"embeddable":true,"href":"https:\/\/www.europesays.com\/fr\/wp-json\/wp\/v2\/users\/2"}],"replies":[{"embeddable":true,"href":"https:\/\/www.europesays.com\/fr\/wp-json\/wp\/v2\/comments?post=387573"}],"version-history":[{"count":0,"href":"https:\/\/www.europesays.com\/fr\/wp-json\/wp\/v2\/posts\/387573\/revisions"}],"wp:featuredmedia":[{"embeddable":true,"href":"https:\/\/www.europesays.com\/fr\/wp-json\/wp\/v2\/media\/387574"}],"wp:attachment":[{"href":"https:\/\/www.europesays.com\/fr\/wp-json\/wp\/v2\/media?parent=387573"}],"wp:term":[{"taxonomy":"category","embeddable":true,"href":"https:\/\/www.europesays.com\/fr\/wp-json\/wp\/v2\/categories?post=387573"},{"taxonomy":"post_tag","embeddable":true,"href":"https:\/\/www.europesays.com\/fr\/wp-json\/wp\/v2\/tags?post=387573"}],"curies":[{"name":"wp","href":"https:\/\/api.w.org\/{rel}","templated":true}]}}