{"id":387575,"date":"2025-09-13T10:03:11","date_gmt":"2025-09-13T10:03:11","guid":{"rendered":"https:\/\/www.europesays.com\/fr\/387575\/"},"modified":"2025-09-13T10:03:11","modified_gmt":"2025-09-13T10:03:11","slug":"croix-une-tentative-de-cambriolage-echoue-grace-aux-voisins-qui-maintiennent-les-intrus-sur-place","status":"publish","type":"post","link":"https:\/\/www.europesays.com\/fr\/387575\/","title":{"rendered":"Croix. Une tentative de cambriolage \u00e9choue gr\u00e2ce aux voisins, qui maintiennent les intrus sur place"},"content":{"rendered":"<p>            Par<br \/>\n        <strong><br \/>\n            <a href=\"https:\/\/actu.fr\/auteur\/margot-nicodeme\" title=\"Consulter tous les articles de Margot Nicod\u00e8me\" rel=\"nofollow noopener\" target=\"_blank\">Margot Nicod\u00e8me<\/a><br \/>\n        <\/strong><\/p>\n<p>        Publi\u00e9 le<\/p>\n<p>            13 sept. 2025 \u00e0 12h00        <\/p>\n<p>\u00ab\u00a0Voisins vigilants\u00a0\u00bb \u00e0 <a href=\"https:\/\/actu.fr\/hauts-de-france\/croix_59163\" rel=\"nofollow noopener\" target=\"_blank\">Croix<\/a> (Nord), ce n\u2019est pas juste une inscription sur un panneau dans la ville. En effet, c\u2019est bien gr\u00e2ce \u00e0 la solidarit\u00e9 de riverains qu\u2019<b>une tentative de cambriolage a \u00e9t\u00e9 mise en \u00e9chec<\/b>, le 10 septembre 2025 dans la soir\u00e9e. Quand la police est arriv\u00e9e sur place, plusieurs habitants retenaient les trois intrus.\u00a0<\/p>\n<p>Tentative de cambriolage \u00e0 Croix : les voisins maintiennent les trois auteurs sur place<\/p>\n<p class=\" wall-content\">Les fonctionnaires sont pr\u00e9venus qu\u2019un cambriolage est en cours rue du Tonkin \u00e0 Croix vers 22h, mercredi 10 septembre. L\u2019habitation cibl\u00e9e a effectivement sa porte d\u2019entr\u00e9e forc\u00e9e, et des traces de pes\u00e9e y sont visibles. Les trois cambrioleurs, \u00e2g\u00e9s de 23, 29 et 58 ans, n\u2019ont rien eu le temps de voler, tant l\u2019intervention des voisins, t\u00e9moins de la sc\u00e8ne, fut rapide. Maintenus sur place contre leur gr\u00e9, les policiers les ont interpell\u00e9s et plac\u00e9s en garde \u00e0 vue.<\/p>\n<p class=\" wall-content\">Personnalisez votre actualit\u00e9 en ajoutant vos villes et m\u00e9dias en favori avec <a href=\"https:\/\/moncompte.actu.fr\" title=\"D\u00e9couvez Mon Actu\" rel=\"nofollow noopener\" data-trk=\"{&quot;cta&quot;:{&quot;action&quot;:&quot;https:\\\/\\\/moncompte.actu.fr&quot;,&quot;category&quot;:&quot;mon compte&quot;,&quot;from&quot;:&quot;article footer&quot;,&quot;name&quot;:&quot;Mon actu&quot;,&quot;type&quot;:&quot;cta&quot;}}\" target=\"_blank\">Mon Actu<\/a>.<\/p>\n","protected":false},"excerpt":{"rendered":"Par Margot Nicod\u00e8me Publi\u00e9 le 13 sept. 2025 \u00e0 12h00 \u00ab\u00a0Voisins vigilants\u00a0\u00bb \u00e0 Croix (Nord), ce n\u2019est pas&hellip;\n","protected":false},"author":2,"featured_media":387576,"comment_status":"","ping_status":"","sticky":false,"template":"","format":"standard","meta":{"footnotes":""},"categories":[2815],"tags":[1111,11,1174,1777,674,118,1011,27,811,1307,12,1072,25],"class_list":{"0":"post-387575","1":"post","2":"type-post","3":"status-publish","4":"format-standard","5":"has-post-thumbnail","7":"category-lille","8":"tag-actu","9":"tag-actualites","10":"tag-cambriolage","11":"tag-eu","12":"tag-europe","13":"tag-faits-divers","14":"tag-fr","15":"tag-france","16":"tag-hauts-de-france","17":"tag-lille","18":"tag-news","19":"tag-police","20":"tag-republique-francaise"},"share_on_mastodon":{"url":"https:\/\/pubeurope.com\/@fr\/115196422038440509","error":""},"_links":{"self":[{"href":"https:\/\/www.europesays.com\/fr\/wp-json\/wp\/v2\/posts\/387575","targetHints":{"allow":["GET"]}}],"collection":[{"href":"https:\/\/www.europesays.com\/fr\/wp-json\/wp\/v2\/posts"}],"about":[{"href":"https:\/\/www.europesays.com\/fr\/wp-json\/wp\/v2\/types\/post"}],"author":[{"embeddable":true,"href":"https:\/\/www.europesays.com\/fr\/wp-json\/wp\/v2\/users\/2"}],"replies":[{"embeddable":true,"href":"https:\/\/www.europesays.com\/fr\/wp-json\/wp\/v2\/comments?post=387575"}],"version-history":[{"count":0,"href":"https:\/\/www.europesays.com\/fr\/wp-json\/wp\/v2\/posts\/387575\/revisions"}],"wp:featuredmedia":[{"embeddable":true,"href":"https:\/\/www.europesays.com\/fr\/wp-json\/wp\/v2\/media\/387576"}],"wp:attachment":[{"href":"https:\/\/www.europesays.com\/fr\/wp-json\/wp\/v2\/media?parent=387575"}],"wp:term":[{"taxonomy":"category","embeddable":true,"href":"https:\/\/www.europesays.com\/fr\/wp-json\/wp\/v2\/categories?post=387575"},{"taxonomy":"post_tag","embeddable":true,"href":"https:\/\/www.europesays.com\/fr\/wp-json\/wp\/v2\/tags?post=387575"}],"curies":[{"name":"wp","href":"https:\/\/api.w.org\/{rel}","templated":true}]}}