{"id":387579,"date":"2025-09-13T10:05:10","date_gmt":"2025-09-13T10:05:10","guid":{"rendered":"https:\/\/www.europesays.com\/fr\/387579\/"},"modified":"2025-09-13T10:05:10","modified_gmt":"2025-09-13T10:05:10","slug":"a-marseille-lancrage-historique-de-la-ndrangheta-la-puissante-mafia-italienne","status":"publish","type":"post","link":"https:\/\/www.europesays.com\/fr\/387579\/","title":{"rendered":"\u00c0 Marseille, l&rsquo;ancrage historique de la &lsquo;Ndrangheta, la puissante mafia italienne"},"content":{"rendered":"<p>N\u00e9e au XIXe si\u00e8cle en <a href=\"https:\/\/www.laprovence.com\/article\/france-monde\/6576137\/en-calabre-la-difficile-cohabitation-au-quotidien-avec-la-mafia.html\" target=\"_blank\" rel=\"noopener\">Calabre<\/a>, la r\u00e9gion la plus pauvre d\u2019Italie, la &lsquo;Ndrangheta est longtemps rest\u00e9e dans l\u2019ombre de ses deux grandes s\u0153urs avant de devenir, pour Interpol, une \u00ab\u00a0organisation criminelle hautement sophistiqu\u00e9e\u00a0\u00bb et la \u00ab\u00a0seule mafia italienne pr\u00e9sente sur tous les continents\u00a0\u00bb. Selon une \u00e9tude italienne de Demoskopika, la soci\u00e9t\u00e9 criminelle calabraise p\u00e8se autant que la Deutsche Bank et McDonald&rsquo;s r\u00e9unis, soit 53 milliards d\u2019euros en 2013, 3,5% du PIB italien.<\/p>\n<p>La <a href=\"https:\/\/www.laprovence.com\/article\/faits-divers-justice\/1176956300427415\/tonnes-de-cocaine-ferrari-et-argent-sale-comme-la-mafia-calabraise-tisse-sa-toile-dans-le-sud-de-la-france\" target=\"_blank\" rel=\"noopener\">&lsquo;Ndrangheta<\/a> est partout, tissant sa toile d\u00e8s les ann\u00e9es 1950 par le biais de la diaspora italienne. \u00c0 Marseille, l\u2019expansion de son influence passe par le narcotrafic, dont les revenus ont donn\u00e9 \u00e0 l\u2019organisation criminelle toute sa puissance \u00e9conomique. \u00ab\u00a0Les rapports entre Marseille et la \u2018Ndrangheta sont historiques, confirme Luigi Bonaventura, ancien chef de la mafia calabraise repenti depuis\u00a02006. Mon grand-p\u00e8re \u00e9tait extr\u00eamement proche de la criminalit\u00e9 marseillaise, notamment \u00e0 l\u2019\u00e9poque de la contrebande du tabac, et j\u2019avais moi-m\u00eame un r\u00e9f\u00e9rent \u00e0 Nice. On s\u2019appuyait sur des personnes qui habitaient ici pour de la drogue mais aussi des armes, des cartes clon\u00e9es pour les t\u00e9l\u00e9phones.\u00a0\u00bb<\/p>\n<p>300 clans familiaux, 60\u00a0000 membres<\/p>\n<p>Dans son livre Dans les coulisses de la &lsquo;Ndrangheta (sorti en ao\u00fbt 2025 aux \u00e9ditions Basset), l\u2019analyste sp\u00e9cialis\u00e9e en criminalit\u00e9 organis\u00e9e et collaboratrice d\u2019Interpol, Gabriella Mar\u00e0* rappelle l\u2019op\u00e9ration \u00ab\u00a0Carthage\u00a0\u00bb, r\u00e9alis\u00e9e en 2018. Une op\u00e9ration qui avait lev\u00e9 le voile sur des millions d\u2019euros de revenus g\u00e9n\u00e9r\u00e9s par l\u2019importation de coca\u00efne en provenance d\u2019Am\u00e9rique du Sud via le port de Marseille. Sur la C\u00f4te d&rsquo;Azur, les <a href=\"https:\/\/www.laprovence.com\/article\/faits-divers-justice\/5842127\/quand-la-mafia-calabraise-sinvite-dans-le-sud.html\" target=\"_blank\" rel=\"noopener\">fr\u00e8res Magnoli<\/a> ont \u00e9t\u00e9 condamn\u00e9s pour <a href=\"https:\/\/www.laprovence.com\/article\/faits-divers-justice\/1923313386245815\/trafic-maritime-de-cocaine-demantele-9-suspects-ecroues-au-total\" target=\"_blank\" rel=\"noopener\">trafic de coca\u00efne<\/a> pour des peines allant jusqu\u2019\u00e0 13 ans de prison et 100 000 \u20ac d\u2019amende en mars 2025 par le tribunal correctionnel de Marseille. Des liens ont \u00e9galement \u00e9t\u00e9 observ\u00e9s par les services d&rsquo;enqu\u00eate des bandes criminelles locale, comme celle de la <a href=\"https:\/\/www.laprovence.com\/article\/faits-divers-justice\/62226878956919\/mariani-guazzelli-michelosi-le-gang-de-la-brise-de-mer-une-histoire-de-clans-et-de-familles\" target=\"_blank\" rel=\"noopener\">Brise de mer<\/a>, en Haute-Corse.<\/p>\n<p>Dans l&rsquo;hexagone comme partout dans le monde, la &lsquo;Ndrangheta d\u00e9veloppe \u00e9galement ses activit\u00e9s criminelles de blanchiment, d\u2019extorsion mais aussi de corruption, solidement ancr\u00e9e dans une structure et des r\u00e8gles claniques. Compos\u00e9e de plus de 300 clans familiaux et 60 000 membres selon les autorit\u00e9s, elle puise \u00e9galement sa force dans sa capacit\u00e9 \u00e0 s&rsquo;adapter aux r\u00e8gles des soci\u00e9t\u00e9s o\u00f9 elle s&rsquo;implante. \u00c0 sa t\u00eate, il n&rsquo;y a pas un parrain des parrains mais un \u00ab\u00a0crimine\u00a0\u00bb, sorte de conseil d&rsquo;administration compos\u00e9 de mafieux. Selon le procureur de Catanzaro, Nicola Gratteri, \u00ab\u00a0c&rsquo;est une sorte de holding moderne qui travaille en toute autonomie\u00a0\u00bb. Pour l\u2019ancien premier ministre italien <a href=\"https:\/\/www.laprovence.com\/article\/france-monde\/43577484690064\/declassee-par-lamerique-lue-lance-un-vaste-chantier-de-reformes\" target=\"_blank\" rel=\"noopener\">Mario Draghi<\/a>, elle est \u00ab\u00a0la force dominante absolue du monde criminel\u00a0\u00bb. En janvier 2023 pourtant, l&rsquo;\u00e9p\u00e9e de la justice a durement frapp\u00e9 la &lsquo;Ndrangheta, condamnant 207 de ses membres lors d&rsquo;un proc\u00e8s historique. 2 150 ann\u00e9es de prison avaient alors \u00e9t\u00e9 prononc\u00e9es.<\/p>\n<p>*Gabriella Mar\u00e0 est un pseudonyme.<\/p>\n","protected":false},"excerpt":{"rendered":"N\u00e9e au XIXe si\u00e8cle en Calabre, la r\u00e9gion la plus pauvre d\u2019Italie, la &lsquo;Ndrangheta est longtemps rest\u00e9e dans&hellip;\n","protected":false},"author":2,"featured_media":387580,"comment_status":"","ping_status":"","sticky":false,"template":"","format":"standard","meta":{"footnotes":""},"categories":[2814],"tags":[52006,17,1111,11,1777,674,274,1011,27,15287,52007,44114,3642,884,12,882,21600,25],"class_list":{"0":"post-387579","1":"post","2":"type-post","3":"status-publish","4":"format-standard","5":"has-post-thumbnail","7":"category-marseille","8":"tag-ndrangheta","9":"tag-17","10":"tag-actu","11":"tag-actualites","12":"tag-eu","13":"tag-europe","14":"tag-faits-divers-justice","15":"tag-fr","16":"tag-france","17":"tag-historique","18":"tag-italienne","19":"tag-lancrage","20":"tag-mafia","21":"tag-marseille","22":"tag-news","23":"tag-provence-alpes-cote-dazur","24":"tag-puissante","25":"tag-republique-francaise"},"share_on_mastodon":{"url":"https:\/\/pubeurope.com\/@fr\/115196429964812409","error":""},"_links":{"self":[{"href":"https:\/\/www.europesays.com\/fr\/wp-json\/wp\/v2\/posts\/387579","targetHints":{"allow":["GET"]}}],"collection":[{"href":"https:\/\/www.europesays.com\/fr\/wp-json\/wp\/v2\/posts"}],"about":[{"href":"https:\/\/www.europesays.com\/fr\/wp-json\/wp\/v2\/types\/post"}],"author":[{"embeddable":true,"href":"https:\/\/www.europesays.com\/fr\/wp-json\/wp\/v2\/users\/2"}],"replies":[{"embeddable":true,"href":"https:\/\/www.europesays.com\/fr\/wp-json\/wp\/v2\/comments?post=387579"}],"version-history":[{"count":0,"href":"https:\/\/www.europesays.com\/fr\/wp-json\/wp\/v2\/posts\/387579\/revisions"}],"wp:featuredmedia":[{"embeddable":true,"href":"https:\/\/www.europesays.com\/fr\/wp-json\/wp\/v2\/media\/387580"}],"wp:attachment":[{"href":"https:\/\/www.europesays.com\/fr\/wp-json\/wp\/v2\/media?parent=387579"}],"wp:term":[{"taxonomy":"category","embeddable":true,"href":"https:\/\/www.europesays.com\/fr\/wp-json\/wp\/v2\/categories?post=387579"},{"taxonomy":"post_tag","embeddable":true,"href":"https:\/\/www.europesays.com\/fr\/wp-json\/wp\/v2\/tags?post=387579"}],"curies":[{"name":"wp","href":"https:\/\/api.w.org\/{rel}","templated":true}]}}