{"id":387583,"date":"2025-09-13T10:07:11","date_gmt":"2025-09-13T10:07:11","guid":{"rendered":"https:\/\/www.europesays.com\/fr\/387583\/"},"modified":"2025-09-13T10:07:11","modified_gmt":"2025-09-13T10:07:11","slug":"une-porte-criblee-de-balles-et-incendiee-nouvelle-intimidation-sur-fond-de-trafic-de-drogue","status":"publish","type":"post","link":"https:\/\/www.europesays.com\/fr\/387583\/","title":{"rendered":"une porte cribl\u00e9e de balles et incendi\u00e9e, nouvelle intimidation sur fond de trafic de drogue ?"},"content":{"rendered":"<p itemprop=\"description\"><strong>Ce sont toujours des r\u00e9veils en sursaut pour les habitants des immeubles cibl\u00e9s par ces tentatives d&rsquo;intimidation.<\/strong><\/p>\n<p>Dans la nuit de jeudi \u00e0 vendredi, des tirs d&rsquo;arme \u00e0 feu ont retenti dans les parties communes du 100 avenue Paul Santy. Plusieurs individus ont men\u00e9 un commando pour ouvrir le feu sur une porte cribl\u00e9e de balles, avant de tenter de l&rsquo;incendier.<\/p>\n<p>Le groupe a pris la fuite, tandis que le feu \u00e9tait rapidement \u00e9teint par des riverains.<\/p>\n<p>Une enqu\u00eate a \u00e9t\u00e9 ouverte face \u00e0 ce qui ressemble \u00e0 une tentative d&rsquo;intimidation li\u00e9e au trafic de drogue ou \u00e0 une dette. Le profil du locataire vis\u00e9 permettra peut-\u00eatre aux forces de l&rsquo;ordre de comprendre pourquoi sa porte a ainsi \u00e9t\u00e9 prise pour cible.<\/p>\n","protected":false},"excerpt":{"rendered":"Ce sont toujours des r\u00e9veils en sursaut pour les habitants des immeubles cibl\u00e9s par ces tentatives d&rsquo;intimidation. Dans&hellip;\n","protected":false},"author":2,"featured_media":387584,"comment_status":"","ping_status":"","sticky":false,"template":"","format":"standard","meta":{"footnotes":""},"categories":[1889],"tags":[1111,11,2813,2190,2430,1109,251,1112,2811,1777,674,118,1011,27,1922,1110,1114,2428,2810,12,241,316,25,2812,517,800],"class_list":{"0":"post-387583","1":"post","2":"type-post","3":"status-publish","4":"format-standard","5":"has-post-thumbnail","7":"category-lyon","8":"tag-actu","9":"tag-actualites","10":"tag-article","11":"tag-asvel","12":"tag-auvergne-rhone-alpes","13":"tag-breves","14":"tag-culture","15":"tag-depeches","16":"tag-economique","17":"tag-eu","18":"tag-europe","19":"tag-faits-divers","20":"tag-fr","21":"tag-france","22":"tag-info","23":"tag-informations","24":"tag-infos","25":"tag-lyon","26":"tag-lyonmag","27":"tag-news","28":"tag-ol","29":"tag-politique","30":"tag-republique-francaise","31":"tag-sociale","32":"tag-sport","33":"tag-transports"},"share_on_mastodon":{"url":"https:\/\/pubeurope.com\/@fr\/115196437799752311","error":""},"_links":{"self":[{"href":"https:\/\/www.europesays.com\/fr\/wp-json\/wp\/v2\/posts\/387583","targetHints":{"allow":["GET"]}}],"collection":[{"href":"https:\/\/www.europesays.com\/fr\/wp-json\/wp\/v2\/posts"}],"about":[{"href":"https:\/\/www.europesays.com\/fr\/wp-json\/wp\/v2\/types\/post"}],"author":[{"embeddable":true,"href":"https:\/\/www.europesays.com\/fr\/wp-json\/wp\/v2\/users\/2"}],"replies":[{"embeddable":true,"href":"https:\/\/www.europesays.com\/fr\/wp-json\/wp\/v2\/comments?post=387583"}],"version-history":[{"count":0,"href":"https:\/\/www.europesays.com\/fr\/wp-json\/wp\/v2\/posts\/387583\/revisions"}],"wp:featuredmedia":[{"embeddable":true,"href":"https:\/\/www.europesays.com\/fr\/wp-json\/wp\/v2\/media\/387584"}],"wp:attachment":[{"href":"https:\/\/www.europesays.com\/fr\/wp-json\/wp\/v2\/media?parent=387583"}],"wp:term":[{"taxonomy":"category","embeddable":true,"href":"https:\/\/www.europesays.com\/fr\/wp-json\/wp\/v2\/categories?post=387583"},{"taxonomy":"post_tag","embeddable":true,"href":"https:\/\/www.europesays.com\/fr\/wp-json\/wp\/v2\/tags?post=387583"}],"curies":[{"name":"wp","href":"https:\/\/api.w.org\/{rel}","templated":true}]}}