{"id":387603,"date":"2025-09-13T10:17:14","date_gmt":"2025-09-13T10:17:14","guid":{"rendered":"https:\/\/www.europesays.com\/fr\/387603\/"},"modified":"2025-09-13T10:17:14","modified_gmt":"2025-09-13T10:17:14","slug":"innovafeed-met-en-pause-ses-activites-aux-etats-unis-dans-lattente-de-sa-rentabilite","status":"publish","type":"post","link":"https:\/\/www.europesays.com\/fr\/387603\/","title":{"rendered":"Innovafeed met en pause ses activit\u00e9s aux \u00c9tats-Unis, dans l&rsquo;attente de sa rentabilit\u00e9"},"content":{"rendered":"<p>Est-ce un nouveau coup d&rsquo;arr\u00eat pour l&rsquo;industrie des prot\u00e9ines\u00a0d&rsquo;insectes ? Alors que la soci\u00e9t\u00e9 Ynsect peine \u00e0 trouver un repreneur et risque la liquidation, tandis qu&rsquo;Agronutris est pass\u00e9e par la case redressement judiciaire, Innovafeed vient de mettre en pause ses activit\u00e9s aux \u00c9tats-Unis.<\/p>\n<p>Interrog\u00e9e par La Tribune, la direction de la soci\u00e9t\u00e9\u00a0se veut n\u00e9anmoins rassurante. \u00ab\u00a0L&rsquo;usine n&rsquo;est pas abandonn\u00e9e. Nous conservons l&rsquo;usine, le foncier et les actifs pr\u00e9sents sur place. Nous avons simplement finalis\u00e9 notre programme de R&amp;D\u00a0l\u00e0-bas et obtenu des r\u00e9sultats satisfaisants \u00bb, commente Cl\u00e9ment Ray, le CEO d&rsquo;Innovafeed. Sur ce site industriel, bas\u00e9\u00a0\u00e0\u00a0Decatur (Illinois), Innovafeed a travaill\u00e9 sur une nouvelle source d&rsquo;alimentation de son insecte phare \u00e0 la base de tous ses produits : la mouche soldat noire.<\/p>\n","protected":false},"excerpt":{"rendered":"Est-ce un nouveau coup d&rsquo;arr\u00eat pour l&rsquo;industrie des prot\u00e9ines\u00a0d&rsquo;insectes ? Alors que la soci\u00e9t\u00e9 Ynsect peine \u00e0 trouver&hellip;\n","protected":false},"author":2,"featured_media":387604,"comment_status":"","ping_status":"","sticky":false,"template":"","format":"standard","meta":{"footnotes":""},"categories":[1589],"tags":[17,9835,11,1007,645,73,1866,52008,24925,3736,12,11965,2407,1864,1865,1863,308],"class_list":{"0":"post-387603","1":"post","2":"type-post","3":"status-publish","4":"format-standard","5":"has-post-thumbnail","7":"category-etats-unis","8":"tag-17","9":"tag-activites","10":"tag-actualites","11":"tag-aux","12":"tag-entreprises-finance","13":"tag-etats-unis","14":"tag-etats-unis-damerique","15":"tag-innovafeed","16":"tag-insectes","17":"tag-met","18":"tag-news","19":"tag-pause","20":"tag-ses","21":"tag-united-states","22":"tag-united-states-of-america","23":"tag-us","24":"tag-usa"},"share_on_mastodon":{"url":"https:\/\/pubeurope.com\/@fr\/115196477170236468","error":""},"_links":{"self":[{"href":"https:\/\/www.europesays.com\/fr\/wp-json\/wp\/v2\/posts\/387603","targetHints":{"allow":["GET"]}}],"collection":[{"href":"https:\/\/www.europesays.com\/fr\/wp-json\/wp\/v2\/posts"}],"about":[{"href":"https:\/\/www.europesays.com\/fr\/wp-json\/wp\/v2\/types\/post"}],"author":[{"embeddable":true,"href":"https:\/\/www.europesays.com\/fr\/wp-json\/wp\/v2\/users\/2"}],"replies":[{"embeddable":true,"href":"https:\/\/www.europesays.com\/fr\/wp-json\/wp\/v2\/comments?post=387603"}],"version-history":[{"count":0,"href":"https:\/\/www.europesays.com\/fr\/wp-json\/wp\/v2\/posts\/387603\/revisions"}],"wp:featuredmedia":[{"embeddable":true,"href":"https:\/\/www.europesays.com\/fr\/wp-json\/wp\/v2\/media\/387604"}],"wp:attachment":[{"href":"https:\/\/www.europesays.com\/fr\/wp-json\/wp\/v2\/media?parent=387603"}],"wp:term":[{"taxonomy":"category","embeddable":true,"href":"https:\/\/www.europesays.com\/fr\/wp-json\/wp\/v2\/categories?post=387603"},{"taxonomy":"post_tag","embeddable":true,"href":"https:\/\/www.europesays.com\/fr\/wp-json\/wp\/v2\/tags?post=387603"}],"curies":[{"name":"wp","href":"https:\/\/api.w.org\/{rel}","templated":true}]}}