{"id":387605,"date":"2025-09-13T10:18:16","date_gmt":"2025-09-13T10:18:16","guid":{"rendered":"https:\/\/www.europesays.com\/fr\/387605\/"},"modified":"2025-09-13T10:18:16","modified_gmt":"2025-09-13T10:18:16","slug":"visite-inattendue-en-ukraine-pour-le-prince-harry-avec-laccord-du-royaume-uni-et-de-meghan-2","status":"publish","type":"post","link":"https:\/\/www.europesays.com\/fr\/387605\/","title":{"rendered":"Visite inattendue en Ukraine pour le prince Harry, avec l\u2019accord du Royaume-Uni\u2026 et de Meghan"},"content":{"rendered":"<p class=\"mb-4 text-lg md:leading-8 break-words\">On le croyait \u00e0 Londres, ville o\u00f9 <a href=\"https:\/\/www.parismatch.com\/Royal-Blog\/le-prince-harry-de-retour-a-windsor-son-passage-remarque-sur-la-tombe-delizabeth-256741\" rel=\"nofollow noopener\" target=\"_blank\" data-ylk=\"slk:il est enfin le bienvenu;elm:context_link;itc:0;sec:content-canvas\" class=\"link \">il est enfin le bienvenu<\/a>, cinq ans apr\u00e8s\u00a0<a href=\"https:\/\/www.parismatch.com\/Royal-Blog\/Meghan-et-Harry-confirment-leur-depart-et-perdent-leurs-derniers-titres-1725483\" rel=\"nofollow noopener\" target=\"_blank\" data-ylk=\"slk:son exil volontaire;elm:context_link;itc:0;sec:content-canvas\" class=\"link \">son exil volontaire<\/a> aux \u00c9tats-Unis. Mais, en revenant en Europe, le prince Harry n\u2019avait visiblement pas pour seul projet de\u00a0<a href=\"https:\/\/www.parismatch.com\/Royal-Blog\/dans-les-coulisses-du-the-de-reconciliations-entre-le-prince-harry-et-charles-iii-256929\" rel=\"nofollow noopener\" target=\"_blank\" data-ylk=\"slk:se r\u00e9concilier avec Charles III;elm:context_link;itc:0;sec:content-canvas\" class=\"link \">se r\u00e9concilier avec Charles III<\/a> autour d\u2019un th\u00e9 et <a href=\"https:\/\/www.parismatch.com\/Royal-Blog\/combat-depee-ballon-et-joli-cadeau-pour-archie-harry-en-grande-forme-aux-wellchild-awards-256768\" rel=\"nofollow noopener\" target=\"_blank\" data-ylk=\"slk:d\u2019honorer des \u00e9v\u00e9nements caritatifs;elm:context_link;itc:0;sec:content-canvas\" class=\"link \">d\u2019honorer des \u00e9v\u00e9nements caritatifs<\/a>.<\/p>\n<p class=\"mb-4 text-lg md:leading-8 break-words\">Ce 12\u00a0septembre, le <a href=\"https:\/\/www.theguardian.com\/uk-news\/2025\/sep\/12\/prince-harry-ukraine-visit-kyiv\" rel=\"nofollow noopener\" target=\"_blank\" data-ylk=\"slk:\u00ab\u00a0Guardian\u00a0\u00bb;elm:context_link;itc:0;sec:content-canvas\" class=\"link \">\u00ab\u00a0Guardian\u00a0\u00bb <\/a>r\u00e9v\u00e8le en effet que le fr\u00e8re du prince William s\u2019est rendu en Ukraine pour la seconde fois de l\u2019ann\u00e9e, r\u00e9pondant \u00e0 une invitation du gouvernement local qui souhaitait convier la fondation des Invictus Games \u00e0 Kiev. La compagnie ferroviaire ukrainienne a notamment partag\u00e9 une vid\u00e9o du prince le montrant en train d\u2019arriver dans la capitale.<\/p>\n<p class=\"mb-4 text-lg md:leading-8 break-words\">\u00ab\u00a0Le prince a l\u2019intention de raconter en d\u00e9tail les initiatives mises en place pour le soutien et la r\u00e9habilitation des civils et des soldats bless\u00e9s suite aux actions du pays agresseur\u00a0\u00bb, \u00e9crit le compte Instagram. Depuis 2014, le prince Harry organise en effet de nombreuses actions en faveur des v\u00e9t\u00e9rans via la fondation des Invictus Games, des jeux pour invalides de guerre, dont l\u2019Ukraine est membre depuis 2017.<\/p>\n<p>\u00ab\u00a0J\u2019ai d\u00fb v\u00e9rifier avec ma femme\u2026\u00a0\u00bb<\/p>\n<p class=\"mb-4 text-lg md:leading-8 break-words\">Au \u00ab\u00a0Guardian\u00a0\u00bb qui a pu l\u2019accompagner \u00e0 Kiev, le prince Harry d\u00e9clare que \u00ab\u00a0nous ne pouvons pas arr\u00eater la guerre mais nous pouvons faire tout notre possible pour aider le processus de r&#8230;<\/p>\n<p class=\"mb-4 text-lg md:leading-8 break-words\"><a href=\"https:\/\/www.parismatch.com\/Royal-Blog\/visite-inattendue-en-ukraine-pour-le-prince-harry-avec-laccord-du-royaume-uni-et-de-meghan-256962?at_medium=affiliate&amp;at_campaign=Yahoo\" rel=\"nofollow noopener\" target=\"_blank\" data-ylk=\"slk:Lire la suite sur ParisMatch;elm:context_link;itc:0;sec:content-canvas\" class=\"link \">Lire la suite sur ParisMatch<\/a><\/p>\n","protected":false},"excerpt":{"rendered":"On le croyait \u00e0 Londres, ville o\u00f9 il est enfin le bienvenu, cinq ans apr\u00e8s\u00a0son exil volontaire aux&hellip;\n","protected":false},"author":2,"featured_media":387606,"comment_status":"","ping_status":"","sticky":false,"template":"","format":"standard","meta":{"footnotes":""},"categories":[1588],"tags":[11,1777,674,52010,52009,12,267,3936,473,1853,1851,1850,1852],"class_list":{"0":"post-387605","1":"post","2":"type-post","3":"status-publish","4":"format-standard","5":"has-post-thumbnail","7":"category-royaume-uni","8":"tag-actualites","9":"tag-eu","10":"tag-europe","11":"tag-invalides-de-guerre","12":"tag-invictus-games","13":"tag-news","14":"tag-prince-harry","15":"tag-prince-william","16":"tag-royaume-uni","17":"tag-royaume-uni-de-grande-bretagne-et-dirlande-du-nord","18":"tag-uk","19":"tag-united-kingdom","20":"tag-united-kingdom-of-great-britain-and-northern-ireland"},"share_on_mastodon":{"url":"https:\/\/pubeurope.com\/@fr\/115196480980899534","error":""},"_links":{"self":[{"href":"https:\/\/www.europesays.com\/fr\/wp-json\/wp\/v2\/posts\/387605","targetHints":{"allow":["GET"]}}],"collection":[{"href":"https:\/\/www.europesays.com\/fr\/wp-json\/wp\/v2\/posts"}],"about":[{"href":"https:\/\/www.europesays.com\/fr\/wp-json\/wp\/v2\/types\/post"}],"author":[{"embeddable":true,"href":"https:\/\/www.europesays.com\/fr\/wp-json\/wp\/v2\/users\/2"}],"replies":[{"embeddable":true,"href":"https:\/\/www.europesays.com\/fr\/wp-json\/wp\/v2\/comments?post=387605"}],"version-history":[{"count":0,"href":"https:\/\/www.europesays.com\/fr\/wp-json\/wp\/v2\/posts\/387605\/revisions"}],"wp:featuredmedia":[{"embeddable":true,"href":"https:\/\/www.europesays.com\/fr\/wp-json\/wp\/v2\/media\/387606"}],"wp:attachment":[{"href":"https:\/\/www.europesays.com\/fr\/wp-json\/wp\/v2\/media?parent=387605"}],"wp:term":[{"taxonomy":"category","embeddable":true,"href":"https:\/\/www.europesays.com\/fr\/wp-json\/wp\/v2\/categories?post=387605"},{"taxonomy":"post_tag","embeddable":true,"href":"https:\/\/www.europesays.com\/fr\/wp-json\/wp\/v2\/tags?post=387605"}],"curies":[{"name":"wp","href":"https:\/\/api.w.org\/{rel}","templated":true}]}}