{"id":387609,"date":"2025-09-13T10:20:12","date_gmt":"2025-09-13T10:20:12","guid":{"rendered":"https:\/\/www.europesays.com\/fr\/387609\/"},"modified":"2025-09-13T10:20:12","modified_gmt":"2025-09-13T10:20:12","slug":"a-quoi-servirait-le-mur-de-drones-europeen-aux-frontieres-avec-la-russie","status":"publish","type":"post","link":"https:\/\/www.europesays.com\/fr\/387609\/","title":{"rendered":"\u00e0 quoi servirait le \u00abmur de drones\u00bb europ\u00e9en aux fronti\u00e8res avec la Russie ?"},"content":{"rendered":"<p><strong>D\u00c9CRYPTAGE<\/strong> &#8211; Depuis plus d\u2019un an, les pays baltes, la Pologne, la Norv\u00e8ge et la Finlande travaillent sur un programme de d\u00e9fense et de surveillance de leurs fronti\u00e8res \u00e0 l\u2019aide d\u2019engins sans pilote. Un projet ambitieux mais qui a ses limites.<\/p>\n<p class=\"fig-paragraph\">La r\u00e9cente\u00a0<a href=\"http:\/\/www.lefigaro.fr\/international\/drones-russes-en-pologne-poutine-enclenche-l-escalade-l-otan-vit-son-premier-test-historique-20250910\" target=\"_blank\" data-fig-type=\"Article\" rel=\"noopener\" data-gtm-custom-categorie=\"navigation\" data-gtm-custom-action=\"crossclick\" data-gtm-custom-label=\"Contextuel\" data-gtm-event=\"customEventSPE\" data-fig-domain=\"LEFIGARO\">incursion de drones russes en territoire polonais<\/a>\u00a0va-t-elle servir d\u2019\u00e9lectrochoc\u00a0? Les 19 projectiles qui ont viol\u00e9 l\u2019espace a\u00e9rien de l\u2019Otan mercredi 10 septembre ont en tout cas fait resurgir un concept r\u00e9guli\u00e8rement \u00e9voqu\u00e9 depuis plus d\u2019un an\u00a0: celui d\u2019un \u00abmur de drones\u00bb, \u00e9rig\u00e9 sur\u00a0<a href=\"http:\/\/www.lefigaro.fr\/international\/finlande-arctique-poutine-renforce-ses-troupes-sur-le-flanc-nord-est-de-l-otan-20250526\" target=\"_blank\" data-fig-type=\"Article\" rel=\"noopener\" data-gtm-custom-categorie=\"navigation\" data-gtm-custom-action=\"crossclick\" data-gtm-custom-label=\"Contextuel\" data-gtm-event=\"customEventSPE\" data-fig-domain=\"LEFIGARO\">le flanc Est de l\u2019Europe<\/a>\u00a0aux fronti\u00e8res avec la Russie. Cette fois, il est pouss\u00e9 par Ursula von der Leyen en personne\u00a0: \u00abNous devons r\u00e9pondre \u00e0 l\u2019appel de nos amis baltes et construire un mur de drones\u00bb, a martel\u00e9 la pr\u00e9sidente de la Commission europ\u00e9enne\u00a0<a href=\"http:\/\/www.lefigaro.fr\/international\/l-europe-defendra-chaque-centimetre-carre-de-son-territoire-von-der-leyen-appelle-l-union-a-se-mobiliser-20250910\" target=\"_blank\" data-fig-type=\"Article\" rel=\"noopener\" data-gtm-custom-categorie=\"navigation\" data-gtm-custom-action=\"crossclick\" data-gtm-custom-label=\"Contextuel\" data-gtm-event=\"customEventSPE\" data-fig-domain=\"LEFIGARO\">lors de son discours sur l\u2019\u00e9tat de l\u2019Union<\/a>. \u00abLe flanc oriental de l\u2019Europe assure la s\u00e9curit\u00e9 de l\u2019Europe. De la mer Baltique \u00e0 la mer Noire. C\u2019est pourquoi nous devons investir pour le soutenir par le biais d\u2019une surveillance de l\u2019espace en temps r\u00e9el\u00bb, a-t-elle d\u00e9velopp\u00e9.<\/p>\n<p class=\"fig-paragraph\">Derri\u00e8re ce terme aussi accrocheur qu\u2019\u00e9vasif, un v\u00e9ritable projet est \u00e0 l\u2019\u0153uvre depuis plusieurs mois, pour d\u00e9fendre et surveiller les plus de 3000 km de fronti\u00e8res\u2026<\/p>\n<p class=\"fig-premium-paywall__infos\">\n        Cet article est r\u00e9serv\u00e9 aux abonn\u00e9s.        Il vous reste 82% \u00e0 d\u00e9couvrir.\n    <\/p>\n<p>                <img  data- alt=\"Le Figaro\" class=\"fig-img--complete fig-img\"\/><\/p>\n<p class=\"fig-premium-paywall__title\">Vous avez envie de lire la suite ?<\/p>\n<p class=\"fig-premium-paywall__subtitle\">D\u00e9bloquez tous les articles imm\u00e9diatement.<\/p>\n<p class=\"fig-premium-paywall__connect\">\n                D\u00e9j\u00e0 abonn\u00e9\u00a0?                <a class=\"fig-premium-paywall__connect-link\" href=\"https:\/\/connect.lefigaro.fr\/login?client=horizon_web&amp;type=main&amp;redirect_uri=https%3A%2F%2Fwww.lefigaro.fr%2Finternational%2Fsurveillance-contre-mesures-dissuasion-a-quoi-servirait-le-mur-de-drones-europeen-aux-frontieres-avec-la-russie-20250912\" data-js-gtm=\"{&quot;customCategorie&quot;: &quot;conversion&quot;, &quot;customAction&quot;: &quot;before_Landing_Connexion_paywall_auto&quot;, &quot;customLabel&quot;: &quot;bGVmaWdhcm8uZnJfXzFmMDhmYmM0LTNjOWUtNmZhNi1hZmE0LWFiNWM4MGQyN2Q0N19fQXJ0aWNsZQ==_Surveillance, contre-mesures, dissuasion\u00a0: \u00e0 quoi servirait le \u00abmur de drones\u00bb europ\u00e9en aux fronti\u00e8res avec la Russie\u00a0?_157&quot;, &quot;customIDSPE&quot;: &quot;bGVmaWdhcm8uZnJfXzFmMDhmYmM0LTNjOWUtNmZhNi1hZmE0LWFiNWM4MGQyN2Q0N19fQXJ0aWNsZQ==&quot;, &quot;event&quot;: &quot;customEventSPE&quot;}\" target=\"_blank\" rel=\"noopener\"><br \/>\n                    Connectez-vous<br \/>\n                <\/a>\n            <\/p>\n","protected":false},"excerpt":{"rendered":"D\u00c9CRYPTAGE &#8211; Depuis plus d\u2019un an, les pays baltes, la Pologne, la Norv\u00e8ge et la Finlande travaillent sur&hellip;\n","protected":false},"author":2,"featured_media":387610,"comment_status":"","ping_status":"","sticky":false,"template":"","format":"standard","meta":{"footnotes":""},"categories":[1586],"tags":[11,2024,1777,674,1011,27,6430,12,25,132],"class_list":{"0":"post-387609","1":"post","2":"type-post","3":"status-publish","4":"format-standard","5":"has-post-thumbnail","7":"category-europe","8":"tag-actualites","9":"tag-drones","10":"tag-eu","11":"tag-europe","12":"tag-fr","13":"tag-france","14":"tag-frontieres","15":"tag-news","16":"tag-republique-francaise","17":"tag-russie"},"share_on_mastodon":{"url":"https:\/\/pubeurope.com\/@fr\/115196489014263070","error":""},"_links":{"self":[{"href":"https:\/\/www.europesays.com\/fr\/wp-json\/wp\/v2\/posts\/387609","targetHints":{"allow":["GET"]}}],"collection":[{"href":"https:\/\/www.europesays.com\/fr\/wp-json\/wp\/v2\/posts"}],"about":[{"href":"https:\/\/www.europesays.com\/fr\/wp-json\/wp\/v2\/types\/post"}],"author":[{"embeddable":true,"href":"https:\/\/www.europesays.com\/fr\/wp-json\/wp\/v2\/users\/2"}],"replies":[{"embeddable":true,"href":"https:\/\/www.europesays.com\/fr\/wp-json\/wp\/v2\/comments?post=387609"}],"version-history":[{"count":0,"href":"https:\/\/www.europesays.com\/fr\/wp-json\/wp\/v2\/posts\/387609\/revisions"}],"wp:featuredmedia":[{"embeddable":true,"href":"https:\/\/www.europesays.com\/fr\/wp-json\/wp\/v2\/media\/387610"}],"wp:attachment":[{"href":"https:\/\/www.europesays.com\/fr\/wp-json\/wp\/v2\/media?parent=387609"}],"wp:term":[{"taxonomy":"category","embeddable":true,"href":"https:\/\/www.europesays.com\/fr\/wp-json\/wp\/v2\/categories?post=387609"},{"taxonomy":"post_tag","embeddable":true,"href":"https:\/\/www.europesays.com\/fr\/wp-json\/wp\/v2\/tags?post=387609"}],"curies":[{"name":"wp","href":"https:\/\/api.w.org\/{rel}","templated":true}]}}