{"id":38761,"date":"2025-04-20T11:29:24","date_gmt":"2025-04-20T11:29:24","guid":{"rendered":"https:\/\/www.europesays.com\/fr\/38761\/"},"modified":"2025-04-20T11:29:24","modified_gmt":"2025-04-20T11:29:24","slug":"national-las-nancy-lorraine-apercoit-lascenseur-au-bout-du-couloir-tout-proche","status":"publish","type":"post","link":"https:\/\/www.europesays.com\/fr\/38761\/","title":{"rendered":"National. L\u2019AS Nancy-Lorraine aper\u00e7oit l\u2019ascenseur, au bout du couloir, tout proche\u2026"},"content":{"rendered":"<p>Apr\u00e8s Nancy &#8211; Aubagne<\/p>\n<p>2-0<\/p>\n<p>C\u2019\u00e9tait un match pi\u00e8ge par excellence, <a href=\"https:\/\/www.estrepublicain.fr\/sport\/2025\/04\/17\/aubagne-sans-pression-avant-de-venir-defier-l-as-nancy-lorraine\" target=\"_blank\" rel=\"noopener\">contre une \u00e9quipe d\u2019Aubagne rel\u00e2ch\u00e9e<\/a> , sans la pression du classement, qui avait battu l\u2019ASNL deux fois lors de la phase aller. C\u2019\u00e9tait un rendez-vous vraiment dangereux, face \u00e0 cet \u00e9tonnant promu proven\u00e7al qui avait r\u00e9cemment tenu en \u00e9chec Boulogne et Le Mans \u00e0 la maison. D\u2019autant que la formation au chardon \u00e9tait priv\u00e9e, vendredi, de quatre joueurs r\u00e9guli\u00e8rement titulaires (Aliou Thiar\u00e9 suspendu, Adrian Dabasse, Zakaria Fdaouch, Benjamin Gomel bless\u00e9s).<\/p>\n<p>Mais le leader nanc\u00e9ien a remarquablement n\u00e9goci\u00e9 sa soir\u00e9e dans un stade Marcel-Picot en \u00e9bullition (2-0)&#8230;.<\/p>\n","protected":false},"excerpt":{"rendered":"Apr\u00e8s Nancy &#8211; Aubagne 2-0 C\u2019\u00e9tait un match pi\u00e8ge par excellence, contre une \u00e9quipe d\u2019Aubagne rel\u00e2ch\u00e9e , sans&hellip;\n","protected":false},"author":2,"featured_media":38762,"comment_status":"","ping_status":"","sticky":false,"template":"","format":"standard","meta":{"footnotes":""},"categories":[9635],"tags":[1111,11,3703,1707,1704,1706,1705,1777,674,107,1701,63,1011,27,775,1702,1703,12,25,517,1700],"class_list":{"0":"post-38761","1":"post","2":"type-post","3":"status-publish","4":"format-standard","5":"has-post-thumbnail","7":"category-nancy","8":"tag-actu","9":"tag-actualites","10":"tag-asnl","11":"tag-edition-luneville","12":"tag-edition-nancy-et-agglomeration","13":"tag-edition-pont-a-mousson","14":"tag-edition-toul","15":"tag-eu","16":"tag-europe","17":"tag-fil-info","18":"tag-fil-info-sport","19":"tag-football","20":"tag-fr","21":"tag-france","22":"tag-grand-est","23":"tag-nancy","24":"tag-nancy-ville-54b","25":"tag-news","26":"tag-republique-francaise","27":"tag-sport","28":"tag-sport-lorrain"},"share_on_mastodon":{"url":"https:\/\/pubeurope.com\/@fr\/114370062775143689","error":""},"_links":{"self":[{"href":"https:\/\/www.europesays.com\/fr\/wp-json\/wp\/v2\/posts\/38761","targetHints":{"allow":["GET"]}}],"collection":[{"href":"https:\/\/www.europesays.com\/fr\/wp-json\/wp\/v2\/posts"}],"about":[{"href":"https:\/\/www.europesays.com\/fr\/wp-json\/wp\/v2\/types\/post"}],"author":[{"embeddable":true,"href":"https:\/\/www.europesays.com\/fr\/wp-json\/wp\/v2\/users\/2"}],"replies":[{"embeddable":true,"href":"https:\/\/www.europesays.com\/fr\/wp-json\/wp\/v2\/comments?post=38761"}],"version-history":[{"count":0,"href":"https:\/\/www.europesays.com\/fr\/wp-json\/wp\/v2\/posts\/38761\/revisions"}],"wp:featuredmedia":[{"embeddable":true,"href":"https:\/\/www.europesays.com\/fr\/wp-json\/wp\/v2\/media\/38762"}],"wp:attachment":[{"href":"https:\/\/www.europesays.com\/fr\/wp-json\/wp\/v2\/media?parent=38761"}],"wp:term":[{"taxonomy":"category","embeddable":true,"href":"https:\/\/www.europesays.com\/fr\/wp-json\/wp\/v2\/categories?post=38761"},{"taxonomy":"post_tag","embeddable":true,"href":"https:\/\/www.europesays.com\/fr\/wp-json\/wp\/v2\/tags?post=38761"}],"curies":[{"name":"wp","href":"https:\/\/api.w.org\/{rel}","templated":true}]}}