{"id":387625,"date":"2025-09-13T10:28:11","date_gmt":"2025-09-13T10:28:11","guid":{"rendered":"https:\/\/www.europesays.com\/fr\/387625\/"},"modified":"2025-09-13T10:28:11","modified_gmt":"2025-09-13T10:28:11","slug":"raphael-collignon-euphorique-apres-son-exploit-jai-le-tennis-pour-embeter-les-meilleurs","status":"publish","type":"post","link":"https:\/\/www.europesays.com\/fr\/387625\/","title":{"rendered":"Rapha\u00ebl Collignon euphorique apr\u00e8s son exploit\u00a0: \u00ab\u00a0J&rsquo;ai le tennis pour emb\u00eater les meilleurs\u00a0\u00bb"},"content":{"rendered":"<p>\u00ab\u00a0Abandonner, j&rsquo;ai refus\u00e9\u00a0\u00bb<\/p>\n<p class=\"text-left ap-StoryElement ap-StoryElement--mb ap-StoryText\">Jamais notre compatriote n&rsquo;a pens\u00e9 \u00e0 abandonner : \u00ab\u00a0On m&rsquo;a dit que si jamais je voulais recevoir un traitement m\u00e9dical, je devais \u00eatre men\u00e9 3-0. J&rsquo;ai refus\u00e9. Il \u00e9tait hors de question que je lui donne trois jeux gratuitement, d&rsquo;autant plus que c&rsquo;\u00e9tait quasi s\u00fbr que j&rsquo;allais perdre du coup. Je ne venais pas de me battre pendant plus de deux heures pour rien. J&rsquo;ai juste essay\u00e9 d&rsquo;\u00eatre fort mentalement et d&rsquo;aller au charbon. Si je dois encore jouer ce dimanche, j&rsquo;essaierai d&rsquo;\u00eatre pr\u00eat. Si jamais c&rsquo;est trop juste, j&rsquo;ai confiance en Kimmer Coppejans.\u00a0\u00bb<\/p>\n<p class=\"text-left ap-StoryElement ap-StoryElement--mb ap-StoryText\">La pr\u00e9sence de son coach personnel, Steve Darcis, sur le banc a aussi \u00e9t\u00e9 un \u00e9l\u00e9ment positif : \u00ab\u00a0C&rsquo;est s\u00fbr que d&rsquo;avoir Steve, cela aide beaucoup. On se conna\u00eet par c\u0153ur, on travaille ensemble depuis des ann\u00e9es. Il sait ce qui me fait du bien, il sait les mots qu&rsquo;il doit utiliser pour me pousser aussi. Donc c&rsquo;est vraiment un plus pour moi de l&rsquo;avoir sur le bord du terrain.\u00a0\u00bb<\/p>\n<p class=\"text-left ap-StoryElement ap-StoryElement--mb ap-StoryText\">Sa victoire contre Alex de Minaur, quelques semaines apr\u00e8s celle contre Casper Ruud \u00e0 l&rsquo;US Open, doit donner confiance \u00e0 notre compatriote pour la suite de sa carri\u00e8re : \u00ab\u00a0Cela me permet de me dire que mon tennis est l\u00e0 et que j&rsquo;ai le niveau pour gagner contre ce genre de mecs. Je pense que \u00e7a va m&rsquo;aider pour le reste de l&rsquo;ann\u00e9e, pour les ann\u00e9es qui viennent aussi. J&rsquo;ai vraiment le tennis pour emb\u00eater les meilleurs.\u00a0\u00bb<\/p>\n<p><a href=\"https:\/\/www.dhnet.be\/sports\/tennis\/2025\/09\/13\/exploit-de-raphael-collignon-face-a-de-minaur-en-coupe-davis-la-belgique-mene-1-0-contre-laustralie-a-syndey-EJKZJWP5XNDTZDSKU55HMHLSGU\/\" target=\"_blank\" rel=\"noopener noreferrer nofollow\" class=\"ap-StoryInterstitialLink ap-StoryElement ap-StoryElement--mb\">Zizou Bergs offre le deuxi\u00e8me point \u00e0 la Belgique.<\/a><\/p>\n","protected":false},"excerpt":{"rendered":"\u00ab\u00a0Abandonner, j&rsquo;ai refus\u00e9\u00a0\u00bb Jamais notre compatriote n&rsquo;a pens\u00e9 \u00e0 abandonner : \u00ab\u00a0On m&rsquo;a dit que si jamais je&hellip;\n","protected":false},"author":2,"featured_media":387626,"comment_status":"","ping_status":"","sticky":false,"template":"","format":"standard","meta":{"footnotes":""},"categories":[1415],"tags":[1011,27,1227,60,1467],"class_list":{"0":"post-387625","1":"post","2":"type-post","3":"status-publish","4":"format-standard","5":"has-post-thumbnail","7":"category-tennis","8":"tag-fr","9":"tag-france","10":"tag-horizontal","11":"tag-sports","12":"tag-tennis"},"share_on_mastodon":{"url":"https:\/\/pubeurope.com\/@fr\/115196520240253777","error":""},"_links":{"self":[{"href":"https:\/\/www.europesays.com\/fr\/wp-json\/wp\/v2\/posts\/387625","targetHints":{"allow":["GET"]}}],"collection":[{"href":"https:\/\/www.europesays.com\/fr\/wp-json\/wp\/v2\/posts"}],"about":[{"href":"https:\/\/www.europesays.com\/fr\/wp-json\/wp\/v2\/types\/post"}],"author":[{"embeddable":true,"href":"https:\/\/www.europesays.com\/fr\/wp-json\/wp\/v2\/users\/2"}],"replies":[{"embeddable":true,"href":"https:\/\/www.europesays.com\/fr\/wp-json\/wp\/v2\/comments?post=387625"}],"version-history":[{"count":0,"href":"https:\/\/www.europesays.com\/fr\/wp-json\/wp\/v2\/posts\/387625\/revisions"}],"wp:featuredmedia":[{"embeddable":true,"href":"https:\/\/www.europesays.com\/fr\/wp-json\/wp\/v2\/media\/387626"}],"wp:attachment":[{"href":"https:\/\/www.europesays.com\/fr\/wp-json\/wp\/v2\/media?parent=387625"}],"wp:term":[{"taxonomy":"category","embeddable":true,"href":"https:\/\/www.europesays.com\/fr\/wp-json\/wp\/v2\/categories?post=387625"},{"taxonomy":"post_tag","embeddable":true,"href":"https:\/\/www.europesays.com\/fr\/wp-json\/wp\/v2\/tags?post=387625"}],"curies":[{"name":"wp","href":"https:\/\/api.w.org\/{rel}","templated":true}]}}