{"id":387627,"date":"2025-09-13T10:30:14","date_gmt":"2025-09-13T10:30:14","guid":{"rendered":"https:\/\/www.europesays.com\/fr\/387627\/"},"modified":"2025-09-13T10:30:14","modified_gmt":"2025-09-13T10:30:14","slug":"bezzecchi-prend-la-pole-a-saint-marin-quartararo-sur-le-podium","status":"publish","type":"post","link":"https:\/\/www.europesays.com\/fr\/387627\/","title":{"rendered":"Bezzecchi prend la pole \u00e0 Saint-Marin, Quartararo sur le podium"},"content":{"rendered":"<p>\u00c0 la maison, le pilote d\u2019Aprilia s\u2019est hiss\u00e9 en t\u00eate des qualifications. Le Fran\u00e7ais de Yamaha partira troisi\u00e8me dimanche.<\/p>\n<p class=\"fig-paragraph\"><a href=\"https:\/\/www.lefigaro.fr\/sports\/moto\/motogp-marco-bezzecchi-signe-la-pole-position-en-autriche-marc-marquez-au-pied-du-podium-20250816?msockid=2338e949ff1a6caa28edff13fe766dd0\" target=\"_blank\" data-fig-type=\"NewsFlash\" rel=\"nofollow noopener\" data-gtm-custom-categorie=\"navigation\" data-gtm-custom-action=\"crossclick\" data-gtm-custom-label=\"Contextuel\" data-gtm-event=\"customEventSPE\" data-fig-domain=\"LEFIGARO\">L&rsquo;Italien Marco Bezzecchi (Aprilia)<\/a>\u00a0a cr\u00e9\u00e9 la surprise en d\u00e9crochant samedi la pole position\u00a0<a href=\"http:\/\/www.lefigaro.fr\/sports\/moto\/motogp-marc-marquez-premier-des-essais-qualificatifs-a-saint-marin-20250912\" data-fig-type=\"NewsFlash\" data-gtm-custom-categorie=\"navigation\" data-gtm-custom-action=\"crossclick\" data-gtm-custom-label=\"Contextuel\" data-gtm-event=\"customEventSPE\" data-fig-domain=\"LEFIGARO\" rel=\"nofollow noopener\" target=\"_blank\">du Grand Prix de Saint-Marin de MotoGP<\/a>, alors que\u00a0<a href=\"http:\/\/www.lefigaro.fr\/sports\/moto\/motogp-fabio-quartararo-survole-la-q1-a-misano-20250913\" data-fig-type=\"NewsFlash\" data-gtm-custom-categorie=\"navigation\" data-gtm-custom-action=\"crossclick\" data-gtm-custom-label=\"Contextuel\" data-gtm-event=\"customEventSPE\" data-fig-domain=\"LEFIGARO\" rel=\"nofollow noopener\" target=\"_blank\">le Fran\u00e7ais Fabio Quartararo (Yamaha<\/a>) a pris une belle troisi\u00e8me place, devant l&rsquo;Espagnol Marc Marquez (Ducati).<\/p>\n<p class=\"fig-paragraph\">Sur ses terres et devant des milliers de tifosi d&rsquo;Aprilia, Bezzecchi a arrach\u00e9 la premi\u00e8re place en fin de s\u00e9ance en devan\u00e7ant Alex Marquez (Ducati-Gresini) et Quartararo respectivement de 88 et 94 milli\u00e8mes de seconde.<\/p>\n<p>                                    <a class=\"fig-a11y-skip a11y-hidden\" href=\"#fig-a11y-skip-main-inarticle\"><br \/>\n        Passer la publicit\u00e9<br \/>\n    <\/a><\/p>\n<p class=\"fig-paragraph\">\u00abPartir devant c&rsquo;est crucial donc cette premi\u00e8re place est tr\u00e8s importante car c&rsquo;est un circuit avec une bonne adh\u00e9rence donc il est difficile de faire des diff\u00e9rences\u00bb, a soulign\u00e9 le Transalpin aupr\u00e8s de Canal+.<\/p>\n<p class=\"fig-paragraph\">Le leader incontest\u00e9 du championnat du monde, Marc Marquez, n&rsquo;a pas sembl\u00e9 tr\u00e8s \u00e0 l&rsquo;aise samedi matin et a d\u00fb se contenter de la quatri\u00e8me position.<\/p>\n<p class=\"fig-paragraph\">Le Catalan reste toutefois le favori pour la course sprint et le Grand Prix. En juin aux Pays-Bas et en ao\u00fbt en Autriche, le sextuple champion du monde de MotoGP s&rsquo;\u00e9tait en effet \u00e9lanc\u00e9 en quatri\u00e8me position et avait pourtant gagn\u00e9 les deux courses du week-end.<\/p>\n<p>\u00ab Je me suis senti tr\u00e8s bien\u00a0\u00bb assure Fabio Quartararo<\/p>\n<p class=\"fig-paragraph\">Comme en Catalogne le week-end dernier, Quartararo a d\u00fb s&rsquo;extirper de la Q1, la premi\u00e8re partie des qualifications, avant de pouvoir lutter pour la pole position. Il a ensuite d\u00e9croch\u00e9 une inattendue troisi\u00e8me place sur un trac\u00e9 Marco-Simoncelli qui ne convient pourtant pas trop \u00e0 sa Yamaha.<\/p>\n<p class=\"fig-paragraph\">\u00abJe ne m&rsquo;attendais pas \u00e0 cette position mais surtout \u00e0 ce chrono\u00a0! Mais je me suis senti tr\u00e8s bien ce (samedi) matin, et comme on avait du mal avec l&rsquo;\u00e9lectronique, j&rsquo;ai quasiment tout enlev\u00e9 donc sans aide ce n&rsquo;\u00e9tait pas \u00e9vident\u00bb, a d\u00e9clar\u00e9 le Ni\u00e7ois au micro de Canal+.<\/p>\n<p>                                    <a class=\"fig-a11y-skip a11y-hidden\" href=\"#fig-a11y-skip-main-inarticle_mtf\"><br \/>\n        Passer la publicit\u00e9<br \/>\n    <\/a><\/p>\n<p class=\"fig-paragraph\">Co\u00e9quipier de Marc Marquez chez Ducati, l&rsquo;Italien Francesco Bagnaia n&rsquo;a r\u00e9alis\u00e9 que le huiti\u00e8me chrono, son plus mauvais r\u00e9sultat en qualifications \u00e0 Misano dans la cat\u00e9gorie reine du MotoGP.<\/p>\n<p class=\"fig-paragraph\">L&rsquo;autre Fran\u00e7ais, Johann Zarco (Honda-LCR), a lui aussi manqu\u00e9 ses qualifications et s&rsquo;\u00e9lancera seulement en 19e position sur la grille, son plus mauvais r\u00e9sultat de la saison.<\/p>\n","protected":false},"excerpt":{"rendered":"\u00c0 la maison, le pilote d\u2019Aprilia s\u2019est hiss\u00e9 en t\u00eate des qualifications. Le Fran\u00e7ais de Yamaha partira troisi\u00e8me&hellip;\n","protected":false},"author":2,"featured_media":387628,"comment_status":"","ping_status":"","sticky":false,"template":"","format":"standard","meta":{"footnotes":""},"categories":[1413],"tags":[1011,27,1457,1456,1458,60],"class_list":{"0":"post-387627","1":"post","2":"type-post","3":"status-publish","4":"format-standard","5":"has-post-thumbnail","7":"category-moto","8":"tag-fr","9":"tag-france","10":"tag-moto","11":"tag-motocycle","12":"tag-motogp","13":"tag-sports"},"share_on_mastodon":{"url":"https:\/\/pubeurope.com\/@fr\/115196528177885996","error":""},"_links":{"self":[{"href":"https:\/\/www.europesays.com\/fr\/wp-json\/wp\/v2\/posts\/387627","targetHints":{"allow":["GET"]}}],"collection":[{"href":"https:\/\/www.europesays.com\/fr\/wp-json\/wp\/v2\/posts"}],"about":[{"href":"https:\/\/www.europesays.com\/fr\/wp-json\/wp\/v2\/types\/post"}],"author":[{"embeddable":true,"href":"https:\/\/www.europesays.com\/fr\/wp-json\/wp\/v2\/users\/2"}],"replies":[{"embeddable":true,"href":"https:\/\/www.europesays.com\/fr\/wp-json\/wp\/v2\/comments?post=387627"}],"version-history":[{"count":0,"href":"https:\/\/www.europesays.com\/fr\/wp-json\/wp\/v2\/posts\/387627\/revisions"}],"wp:featuredmedia":[{"embeddable":true,"href":"https:\/\/www.europesays.com\/fr\/wp-json\/wp\/v2\/media\/387628"}],"wp:attachment":[{"href":"https:\/\/www.europesays.com\/fr\/wp-json\/wp\/v2\/media?parent=387627"}],"wp:term":[{"taxonomy":"category","embeddable":true,"href":"https:\/\/www.europesays.com\/fr\/wp-json\/wp\/v2\/categories?post=387627"},{"taxonomy":"post_tag","embeddable":true,"href":"https:\/\/www.europesays.com\/fr\/wp-json\/wp\/v2\/tags?post=387627"}],"curies":[{"name":"wp","href":"https:\/\/api.w.org\/{rel}","templated":true}]}}