{"id":387629,"date":"2025-09-13T10:31:12","date_gmt":"2025-09-13T10:31:12","guid":{"rendered":"https:\/\/www.europesays.com\/fr\/387629\/"},"modified":"2025-09-13T10:31:12","modified_gmt":"2025-09-13T10:31:12","slug":"le-programme-et-les-engages-du-bol-dor-2025","status":"publish","type":"post","link":"https:\/\/www.europesays.com\/fr\/387629\/","title":{"rendered":"Le programme et les engag\u00e9s du Bol d&rsquo;Or 2025"},"content":{"rendered":"<p style=\"text-align: justify;\"><strong>La 88e \u00e9dition du Bol d&rsquo;Or, qui va se courir pour la 32e fois sur le Circuit Paul Ricard, dans le Var, va cl\u00f4turer le Championnat du Monde d&rsquo;Endurance FIM EWC 2025.<\/strong><\/p>\n<p style=\"text-align: justify;\">54 \u00e9quipes vont participer \u00e0 la derni\u00e8re manche de la saison 2025. Il y aura 16 \u00e9quipes engag\u00e9es en Formule EWC, 27 \u00e9quipes Superstock, 2 participant en Exprimental et 9 pr\u00e9sentes en Production. <a href=\"https:\/\/franceracing.fr\/fim_ewc\/bol-dor-2024-arrivee-victoire-et-titre-du-yoshimura-sert-motul\/\" target=\"_blank\" rel=\"noopener\">La pr\u00e9c\u00e9dente \u00e9dition a \u00e9t\u00e9 remport\u00e9e par le Yoshimura SERT Motul<\/a>, avec Gregg Black, Dan Linfoot et Etienne Masson.<\/p>\n<p>Cette derni\u00e8re course a son importance au Championnat du Monde. Le YART Yamaha occupe la premi\u00e8re place avec 88 points. Derri\u00e8re, \u00e0 un point, on retrouve le BMW Motorrad. L&rsquo;\u00e9quipe Kawasaki Webike Trickstar est troisi\u00e8me, avec 83 points. Le Yoshimura SERT Motul occupe la quatri\u00e8me place avec 73 points. Le F.C.C. TSR Honda France, avec 58 points, est derri\u00e8re l&rsquo;\u00e9quipe ERC Endurance (68 points).\u00a0En Superstock, le Team Etoile est en t\u00eate avec 86 points, devant le National Motos (81 points) et le RAC41 (68 points). <a href=\"https:\/\/franceracing.fr\/fim_ewc\/lattribution-des-points-en-fim-ewc\/\" target=\"_blank\" rel=\"noopener\">Cette derni\u00e8re course de la saison offre de nombreux points au classement<\/a>.<\/p>\n<p>Le programme du Bol d&rsquo;Or 2025<\/p>\n<p style=\"text-align: justify;\"><strong>Jeudi 18 septembre 2025\u00a0<\/strong><\/p>\n<p style=\"text-align: justify;\">14h00 &#8211; 16h00 : Essais libres<br \/>17h20 &#8211; 19h10 : Essais qualificatifs 1<br \/>20h40 &#8211; 21h40 : Essais de nuit<\/p>\n<p style=\"text-align: justify;\"><strong>Vendredi 19 septembre 2025<\/strong><\/p>\n<p style=\"text-align: justify;\">11h00 &#8211; 12h50 : Essais qualificatifs 2<\/p>\n<p style=\"text-align: justify;\"><strong>Samedi 10 septembre 2025<\/strong><\/p>\n<p style=\"text-align: justify;\">15h00 : D\u00e9part de la 88e \u00e9dition du Bol d&rsquo;Or<\/p>\n<p>La liste des engag\u00e9s du Bol d&rsquo;Or 2025<br \/>\n<strong>FIM ENDURANCE WORLD CHAMPIONSHIP (FORMULA EWC)<br \/><\/strong><\/p>\n<p style=\"text-align: justify;\"><strong>1<\/strong>\u00a0Yoshimura SERT Motul \/ Suzuki<br \/><strong>4<\/strong>\u00a0Tati Team AVA6 Racing \/ Honda<br \/><strong>5<\/strong>\u00a0F.C.C. TSR Honda France \/ Honda<br \/><strong>6<\/strong>\u00a0ERC Endurance #6 \/ BMW<br \/><strong>7<\/strong>\u00a0YART &#8211; Yamaha \/ Yamaha<br \/><strong>8<\/strong>\u00a0Team Bolliger Switzerland #8 \/ Kawasaki<br \/><strong>11<\/strong>\u00a0Kawasaki Webike Trickstar \/ Kawasaki<br \/><strong>14<\/strong>\u00a0Maco Racing Team \/ Yamaha<br \/><strong>37<\/strong>\u00a0BMW Motorrad World Endurance Team \/ BMW<br \/><strong>53<\/strong>\u00a0Mana-Au Competition \/ Honda<br \/><strong>65<\/strong>\u00a0Motobox Kremer Racing #65 \/ Yamaha<br \/><strong>76<\/strong>\u00a0AutoRace Ube Racing Team \/ BMW<br \/><strong>77<\/strong>\u00a0W\u00f3jcik Racing Team EWC 77 \/ Honda<br \/><strong>90<\/strong>\u00a0Team LRP Poland \/ BMW<br \/><strong>98<\/strong>\u00a0Team PMS 99 Yam Service \/ Yamaha<br \/><strong>99<\/strong>\u00a0ELF Marc VDS Racing Team\/KM99 \/ Yamaha<\/p>\n<p><strong>FIM ENDURANCE WORLD CUP (SUPERSTOCK)<\/strong><\/p>\n<p><strong>2\u00a0<\/strong>T2C Racing \/ BMW<br \/><strong>9\u00a0<\/strong>Champion-MRP-Tecmas \/ BMW<br \/><strong>15\u00a0<\/strong>Aprilia Le Mans 2 Roues \/ Aprilia<br \/><strong>18<\/strong>\u00a0Team18 Pompiers Igol CMS Motostore \/ Yamaha<br \/><strong>22\u00a0<\/strong>Team 202 \/ Yamaha<br \/><strong>25\u00a0<\/strong>Team \u00c9toile \/ BMW<br \/><strong>27\u00a0<\/strong>TRT27 AZ Moto \/ Honda<br \/><strong>32\u00a0<\/strong>LC Racing \/ Kawasaki<br \/><strong>33\u00a0<\/strong>Team 33 Louit April Moto \/ Kawasaki<br \/><strong>34\u00a0<\/strong>JMA Racing Action Bike \/ Suzuki<br \/><strong>36\u00a0<\/strong>3ART Best of Bike \/ Yamaha<br \/><strong>41\u00a0<\/strong>Kaedear-Dafy-RAC 41-Honda \/ Honda<br \/><strong>44\u00a0<\/strong>Honda No Limits \/ Honda<br \/><strong>49\u00a0<\/strong>Revo-M2 \/ Aprilia<br \/><strong>55\u00a0<\/strong>National Motos Honda FMA \/ Honda<br \/><strong>72\u00a0<\/strong>Junior Team Le Mans Sud Suzuki \/ Suzuki<br \/><strong>85<\/strong>\u00a0Team Racing 85 by A2M2 \/ Kawasaki<br \/><strong>86\u00a0<\/strong>Pitlane Endurance #86 \/ Yamaha<br \/><strong>95\u00a0<\/strong>X-Trem Racing \/ Suzuki<br \/><strong>111<\/strong>\u00a0Aviobike WRS \/ Ducati<br \/><strong>112\u00a0<\/strong>LCR Endurance \/ Honda<br \/><strong>113\u00a0<\/strong>Team 113 VIP Moto-Sporting Moto-Dynoperf \/ Honda<br \/><strong>119\u00a0<\/strong>Slider Endurance \/ Honda<br \/><strong>183<\/strong>\u00a0Team SLA Honda Toulon \/ Honda<br \/><strong>241<\/strong>\u00a0AG Racing Team \/ Honda<br \/><strong>713<\/strong>\u00a0Hungarian Endurance Racing Team by Moto-Jungle \/ BMW<br \/><strong>777\u00a0<\/strong>W\u00f3jcik Racing Team EWC 777 \/ Honda<\/p>\n<p><strong>FIM ENDURANCE WORLD TROPHY (PRODUCTION)<\/strong><\/p>\n<p><strong>10<\/strong>\u00a0Infini Team FLAM Racing \/ Yamaha<br \/><strong>26<\/strong>\u00a0Audemar Motoclub Gemenos \/ Yamaha<br \/><strong>42<\/strong>\u00a0Green Team 42 Lyc\u00e9e Sainte Claire \/ Kawasaki<strong><br \/>70<\/strong>\u00a0W\u00f3jcik Racing Team EWC 70 \/ Honda<br \/><strong>87\u00a0<\/strong>Moto Revue \/ Moto Journal \/ Honda<br \/><strong>89<\/strong>\u00a0Moto Attitude \/ Yamaha<br \/><strong>96<\/strong>\u00a0Team Moto Ain \/ Yamaha<br \/><strong>199<\/strong>\u00a0Artec #199 \/ Kawasaki<br \/><strong>222<\/strong>\u00a0Team Super Moto Racing \/ Yamaha<\/p>\n<p><strong>EXPERIMENTAL CLASS<\/strong><\/p>\n<p><strong>43<\/strong>\u00a0Team FMR 34 \/ Yamaha<br \/><strong>45<\/strong>\u00a0Metiss \/ Metiss<\/p>\n","protected":false},"excerpt":{"rendered":"La 88e \u00e9dition du Bol d&rsquo;Or, qui va se courir pour la 32e fois sur le Circuit Paul&hellip;\n","protected":false},"author":2,"featured_media":387630,"comment_status":"","ping_status":"","sticky":false,"template":"","format":"standard","meta":{"footnotes":""},"categories":[1412],"tags":[1451,1452,1453,1454,1455,1011,27,60],"class_list":{"0":"post-387629","1":"post","2":"type-post","3":"status-publish","4":"format-standard","5":"has-post-thumbnail","7":"category-f1","8":"tag-f1","9":"tag-formula-1","10":"tag-formula1","11":"tag-formule-1","12":"tag-formule1","13":"tag-fr","14":"tag-france","15":"tag-sports"},"share_on_mastodon":{"url":"https:\/\/pubeurope.com\/@fr\/115196532099781322","error":""},"_links":{"self":[{"href":"https:\/\/www.europesays.com\/fr\/wp-json\/wp\/v2\/posts\/387629","targetHints":{"allow":["GET"]}}],"collection":[{"href":"https:\/\/www.europesays.com\/fr\/wp-json\/wp\/v2\/posts"}],"about":[{"href":"https:\/\/www.europesays.com\/fr\/wp-json\/wp\/v2\/types\/post"}],"author":[{"embeddable":true,"href":"https:\/\/www.europesays.com\/fr\/wp-json\/wp\/v2\/users\/2"}],"replies":[{"embeddable":true,"href":"https:\/\/www.europesays.com\/fr\/wp-json\/wp\/v2\/comments?post=387629"}],"version-history":[{"count":0,"href":"https:\/\/www.europesays.com\/fr\/wp-json\/wp\/v2\/posts\/387629\/revisions"}],"wp:featuredmedia":[{"embeddable":true,"href":"https:\/\/www.europesays.com\/fr\/wp-json\/wp\/v2\/media\/387630"}],"wp:attachment":[{"href":"https:\/\/www.europesays.com\/fr\/wp-json\/wp\/v2\/media?parent=387629"}],"wp:term":[{"taxonomy":"category","embeddable":true,"href":"https:\/\/www.europesays.com\/fr\/wp-json\/wp\/v2\/categories?post=387629"},{"taxonomy":"post_tag","embeddable":true,"href":"https:\/\/www.europesays.com\/fr\/wp-json\/wp\/v2\/tags?post=387629"}],"curies":[{"name":"wp","href":"https:\/\/api.w.org\/{rel}","templated":true}]}}