{"id":387637,"date":"2025-09-13T10:35:10","date_gmt":"2025-09-13T10:35:10","guid":{"rendered":"https:\/\/www.europesays.com\/fr\/387637\/"},"modified":"2025-09-13T10:35:10","modified_gmt":"2025-09-13T10:35:10","slug":"une-exposition-de-1-000-photos-historiques-a-decouvrir-ce-week-end","status":"publish","type":"post","link":"https:\/\/www.europesays.com\/fr\/387637\/","title":{"rendered":"une exposition de 1 000 photos historiques \u00e0 d\u00e9couvrir ce week-end"},"content":{"rendered":"<p>            Par<br \/>\n        <strong><br \/>\n            <a href=\"https:\/\/actu.fr\/auteur\/redaction-jv\" title=\"Consulter tous les articles de R\u00e9daction Vitr\u00e9\" target=\"_blank\" rel=\"noopener\">R\u00e9daction Vitr\u00e9<\/a><br \/>\n        <\/strong><\/p>\n<p>        Publi\u00e9 le<\/p>\n<p>            13 sept. 2025 \u00e0 7h00        <\/p>\n<p>Ce samedi 13 et dimanche 14 septembre 2025 a lieu une <b>exposition de 1 000 photos \u00e0 \u00c9trelles <\/b>(Ille-et-Vilaine). L\u2019aboutissement de cinq ann\u00e9es de collecte offrant un \u00e9v\u00e8nement in\u00e9dit.<\/p>\n<p class=\" wall-content\"><a href=\"https:\/\/actu.fr\/bretagne\/etrelles_35109\/la-page-facebook-il-etait-une-fois-etrelles-fait-revivre-la-commune-en-photos_57759723.html\" target=\"_blank\" rel=\"noopener\">Christophe Harnois<\/a>, pr\u00e9sident de l\u2019association Il \u00e9tait une fois \u00c9trelles, collecte depuis cinq ans des photographies en lien avec la commune datant <b>des ann\u00e9es 20 jusqu\u2019\u00e0 la fin des ann\u00e9es 1990<\/b>.<\/p>\n<p>La plus ancienne date de 1924<\/p>\n<p class=\" wall-content\">\u00ab La plus ancienne <b>date de 1924<\/b>, c\u2019est une photo de classe \u00bb, confie le passionn\u00e9.\u00a0Au total, ce sont plus de 1 000 clich\u00e9s collect\u00e9s jusqu\u2019\u00e0 pr\u00e9sent.<\/p>\n<p class=\" wall-content\">Il les partage r\u00e9guli\u00e8rement sur Facebook depuis plusieurs ann\u00e9es et les retours sont tr\u00e8s bons.<\/p>\n<p class=\" wall-content\">\u00ab Dans les commentaires, des jeunes r\u00e9pondent qu\u2019ils ont pu voir, par exemple, des a\u00efeuls dont ils n\u2019avaient pas de photos ! C\u2019est un vrai travail collectif qui touche le plus grand nombre \u00bb, poursuit Christophe Harnois.<\/p>\n<p class=\" wall-content\">\u00ab Les photos \u00e9taient \u00e0 l\u2019\u00e9poque une chose on\u00e9reuse, c\u2019est une vraie chance de pouvoir en rassembler autant \u00bb, ajoute-t-il.<\/p>\n<p>Vid\u00e9os : en ce moment sur Actu<br \/>\n    <img   decoding=\"async\" loading=\"lazy\" class=\"size-large\" src=\"https:\/\/www.europesays.com\/fr\/wp-content\/uploads\/2025\/09\/90892a108da86e4892a108da8e2992v-960x640.jpeg\" alt=\"Stephane Hillion, moi Christophe Harnois (president), Odile Rubin, David Lebouc et Bernard Harnois. \u00a0Manque Gilles Monnerie sur la photo\" width=\"960\" height=\"640\"\/><br \/>\n    Stephane Hillion, Christophe Harnois, Odile Rubin, David Lebouc et Bernard Harnois. Absent : Gilles Monnerie. \u00a9Le Journal de Vitr\u00e9<\/p>\n<p class=\" wall-content\">Afin de d\u00e9velopper un peu plus le projet, il a cr\u00e9\u00e9 il y a un an l\u2019association<b> Il \u00e9tait une fois \u00c9trelles<\/b> et s\u2019entoure de cinq acolytes, tous passionn\u00e9s. \u00ab L\u2019objectif ? faire une exposition avec toutes les photos collect\u00e9es \u00bb.<\/p>\n<p>Votre r\u00e9gion, votre actu !<\/p>\n<p>Recevez chaque jour les infos qui comptent pour vous.<\/p>\n<p>\t<a href=\"https:\/\/actu.fr\/newsletter\" class=\"ac-btn ac-btn--corner ac-btn--medium ac-btn--blue800\" target=\"_blank\" rel=\"noopener\">S&rsquo;incrire<\/a><\/p>\n<p class=\" wall-content\">L\u2019\u00e9quipe se lance alors dans un travail d\u2019impression des photos et d\u2019affichage sur des grands panneaux. Commence ensuite un classement par th\u00e9matiques et dates : \u00ab Le bourg, le village vu du ciel, la kermesse, le sport\u2026 \u00bb.<\/p>\n<p class=\" wall-content\">L\u2019int\u00e9gralit\u00e9 des photos se retrouve sur ces panneaux. On y retrouve l\u2019histoire d\u2019\u00c9trelles en photos ces derni\u00e8res d\u00e9cennies.<\/p>\n<p>Un \u00e9v\u00e8nement qui c\u00e9l\u00e8bre la commune<\/p>\n<p class=\" wall-content\">L\u2019exposition de ce week-end se tiendra <b>de 10 h \u00e0 18 h \u00e0 la salle Saint Hyppolyte<\/b>. Elle est ouverte \u00e0 tous. \u00c0 noter qu\u2019une buvette et une restauration sont pr\u00e9vues sur place.<\/p>\n<p class=\" wall-content\">L\u2019occasion de c\u00e9l\u00e9brer ces cinq ann\u00e9es de collecte et de mobilisation des habitants de la commune.<\/p>\n<p class=\" wall-content\">\u00ab Pour l\u2019amour du village \u00bb, conclut Christophe Harnois, qui esp\u00e8re voir le plus grand nombre se d\u00e9placer \u00e0 l\u2019occasion, et peut-\u00eatre, reconna\u00eetre des visages familiers.<\/p>\n<p>Pratique : samedi 13\u00a0septembre et dimanche 14\u00a0septembre (10 h \u00e0 18 h), salle Saint Hippolyte. Gratuit.<\/p>\n<p class=\" wall-content\">Personnalisez votre actualit\u00e9 en ajoutant vos villes et m\u00e9dias en favori avec <a href=\"https:\/\/moncompte.actu.fr\" title=\"D\u00e9couvez Mon Actu\" rel=\"nofollow noopener\" data-trk=\"{&quot;cta&quot;:{&quot;action&quot;:&quot;https:\\\/\\\/moncompte.actu.fr&quot;,&quot;category&quot;:&quot;mon compte&quot;,&quot;from&quot;:&quot;article footer&quot;,&quot;name&quot;:&quot;Mon actu&quot;,&quot;type&quot;:&quot;cta&quot;}}\" target=\"_blank\">Mon Actu<\/a>.<\/p>\n","protected":false},"excerpt":{"rendered":"Par R\u00e9daction Vitr\u00e9 Publi\u00e9 le 13 sept. 2025 \u00e0 7h00 Ce samedi 13 et dimanche 14 septembre 2025&hellip;\n","protected":false},"author":2,"featured_media":387638,"comment_status":"","ping_status":"","sticky":false,"template":"","format":"standard","meta":{"footnotes":""},"categories":[1358],"tags":[1348,1384,1385,1386,58,59,1011,27,1652,1756],"class_list":{"0":"post-387637","1":"post","2":"type-post","3":"status-publish","4":"format-standard","5":"has-post-thumbnail","7":"category-arts-et-design","8":"tag-arts","9":"tag-arts-and-design","10":"tag-arts-et-design","11":"tag-design","12":"tag-divertissement","13":"tag-entertainment","14":"tag-fr","15":"tag-france","16":"tag-loisirs-culture","17":"tag-photographie"},"share_on_mastodon":{"url":"https:\/\/pubeurope.com\/@fr\/115196548324600356","error":""},"_links":{"self":[{"href":"https:\/\/www.europesays.com\/fr\/wp-json\/wp\/v2\/posts\/387637","targetHints":{"allow":["GET"]}}],"collection":[{"href":"https:\/\/www.europesays.com\/fr\/wp-json\/wp\/v2\/posts"}],"about":[{"href":"https:\/\/www.europesays.com\/fr\/wp-json\/wp\/v2\/types\/post"}],"author":[{"embeddable":true,"href":"https:\/\/www.europesays.com\/fr\/wp-json\/wp\/v2\/users\/2"}],"replies":[{"embeddable":true,"href":"https:\/\/www.europesays.com\/fr\/wp-json\/wp\/v2\/comments?post=387637"}],"version-history":[{"count":0,"href":"https:\/\/www.europesays.com\/fr\/wp-json\/wp\/v2\/posts\/387637\/revisions"}],"wp:featuredmedia":[{"embeddable":true,"href":"https:\/\/www.europesays.com\/fr\/wp-json\/wp\/v2\/media\/387638"}],"wp:attachment":[{"href":"https:\/\/www.europesays.com\/fr\/wp-json\/wp\/v2\/media?parent=387637"}],"wp:term":[{"taxonomy":"category","embeddable":true,"href":"https:\/\/www.europesays.com\/fr\/wp-json\/wp\/v2\/categories?post=387637"},{"taxonomy":"post_tag","embeddable":true,"href":"https:\/\/www.europesays.com\/fr\/wp-json\/wp\/v2\/tags?post=387637"}],"curies":[{"name":"wp","href":"https:\/\/api.w.org\/{rel}","templated":true}]}}