{"id":387639,"date":"2025-09-13T10:36:16","date_gmt":"2025-09-13T10:36:16","guid":{"rendered":"https:\/\/www.europesays.com\/fr\/387639\/"},"modified":"2025-09-13T10:36:16","modified_gmt":"2025-09-13T10:36:16","slug":"de-belles-rencontres-avec-les-ecrivains-locaux","status":"publish","type":"post","link":"https:\/\/www.europesays.com\/fr\/387639\/","title":{"rendered":"de belles rencontres avec les \u00e9crivains locaux"},"content":{"rendered":"<p>Le dimanche 21\u00a0septembre, \u00e0 l\u2019initiative de l\u2019association Les Galopins, le premier Salon du livre r\u00e9unira de nombreux \u00e9crivains de la r\u00e9gion, offrant au public l\u2019occasion de partager leur passion et de rencontrer des auteurs et autrices originaires ou install\u00e9s en Lorraine. Tout au long de la journ\u00e9e, conf\u00e9rences et s\u00e9ances de d\u00e9dicaces se succ\u00e9deront.<\/p>\n<p>Apr\u00e8s avoir fait un appel aux auteurs sur un google form, les organisatrices d\u00e9crivent leur d\u00e9marche\u00a0: \u00ab\u00a0Nous sommes parties sur des auteurs locaux pour restreindre les participations\u00a0\u00bb explique Lourdes Clara, pr\u00e9sidente des Galopins \u00ab\u00a0Nous avons fait des recherches autour des titres de livre sur des enseignes culturelles. Nous avons accept\u00e9 tous les genres litt\u00e9raires\u00a0: romans, policiers, enfants, adultes, autobiographies. Certains auteurs sont en contrat avec des maisons d\u2019\u00e9dition, d\u2019autres publient sur internet.\u00a0\u00bb Une grande dict\u00e9e r\u00e9unira les passionn\u00e9s d\u2019orthographe et de conjugaison. Les lecteurs auront l\u2019occasion d\u2019assister \u00e0 deux conf\u00e9rences, de participer \u00e0 un atelier d\u2019\u00e9criture anim\u00e9 par une graphologue, Magali Frassinetti, et de rencontrer les membres de la biblioth\u00e8que de Fresnes. Un concours d\u2019\u00e9criture, sp\u00e9cial enfants, (primaires, coll\u00e8ge et lyc\u00e9e) viendra \u00e9galement enrichir le programme, avec le parrainage de Sandrine Decroix. Des ateliers sp\u00e9cialement con\u00e7us pour les plus jeunes, autour du bien-\u00eatre, des \u00e9motions et du bonheur d\u2019\u00eatre ensemble propos\u00e9s par \u00c9milie Doyen.<\/p>\n<p>Ce premier Salon du livre s\u2019annonce comme une journ\u00e9e de d\u00e9couvertes, de rencontres et de r\u00e9jouissances autour de la litt\u00e9rature. Une collecte de livres est \u00e9galement organis\u00e9e ce m\u00eame jour. Ces livres seront revendus au profit de l\u2019association des Galopins.<\/p>\n<p class=\"note\">Le 21\u00a0septembre de 10\u00a0h \u00e0 17\u00a0h, \u00e0 la salle des f\u00eates de Fresnes-en-Wo\u00ebvre. Buvette et petite restauration sur place.<\/p>\n","protected":false},"excerpt":{"rendered":"Le dimanche 21\u00a0septembre, \u00e0 l\u2019initiative de l\u2019association Les Galopins, le premier Salon du livre r\u00e9unira de nombreux \u00e9crivains&hellip;\n","protected":false},"author":2,"featured_media":387640,"comment_status":"","ping_status":"","sticky":false,"template":"","format":"standard","meta":{"footnotes":""},"categories":[1357],"tags":[1379,15295,1687,58,10174,59,1685,1011,27,52011,1380],"class_list":{"0":"post-387639","1":"post","2":"type-post","3":"status-publish","4":"format-standard","5":"has-post-thumbnail","7":"category-livres","8":"tag-books","9":"tag-cc-du-territoire-de-fresnes-en-woevre-55a","10":"tag-culture-loisirs","11":"tag-divertissement","12":"tag-edition-verdun","13":"tag-entertainment","14":"tag-foire-et-salon","15":"tag-fr","16":"tag-france","17":"tag-fresnes-en-woevre","18":"tag-livres"},"share_on_mastodon":{"url":"https:\/\/pubeurope.com\/@fr\/115196551792905750","error":""},"_links":{"self":[{"href":"https:\/\/www.europesays.com\/fr\/wp-json\/wp\/v2\/posts\/387639","targetHints":{"allow":["GET"]}}],"collection":[{"href":"https:\/\/www.europesays.com\/fr\/wp-json\/wp\/v2\/posts"}],"about":[{"href":"https:\/\/www.europesays.com\/fr\/wp-json\/wp\/v2\/types\/post"}],"author":[{"embeddable":true,"href":"https:\/\/www.europesays.com\/fr\/wp-json\/wp\/v2\/users\/2"}],"replies":[{"embeddable":true,"href":"https:\/\/www.europesays.com\/fr\/wp-json\/wp\/v2\/comments?post=387639"}],"version-history":[{"count":0,"href":"https:\/\/www.europesays.com\/fr\/wp-json\/wp\/v2\/posts\/387639\/revisions"}],"wp:featuredmedia":[{"embeddable":true,"href":"https:\/\/www.europesays.com\/fr\/wp-json\/wp\/v2\/media\/387640"}],"wp:attachment":[{"href":"https:\/\/www.europesays.com\/fr\/wp-json\/wp\/v2\/media?parent=387639"}],"wp:term":[{"taxonomy":"category","embeddable":true,"href":"https:\/\/www.europesays.com\/fr\/wp-json\/wp\/v2\/categories?post=387639"},{"taxonomy":"post_tag","embeddable":true,"href":"https:\/\/www.europesays.com\/fr\/wp-json\/wp\/v2\/tags?post=387639"}],"curies":[{"name":"wp","href":"https:\/\/api.w.org\/{rel}","templated":true}]}}