{"id":387647,"date":"2025-09-13T10:40:11","date_gmt":"2025-09-13T10:40:11","guid":{"rendered":"https:\/\/www.europesays.com\/fr\/387647\/"},"modified":"2025-09-13T10:40:11","modified_gmt":"2025-09-13T10:40:11","slug":"vers-un-test-sanguin-pour-une-detection-precoce","status":"publish","type":"post","link":"https:\/\/www.europesays.com\/fr\/387647\/","title":{"rendered":"vers un test sanguin pour une d\u00e9tection pr\u00e9coce ?"},"content":{"rendered":"<p>    L\u2019incidence de la SLA, \u00e0 l\u2019instar des autres maladies neurod\u00e9g\u00e9n\u00e9ratives, augmente avec l\u2019\u00e2ge d\u00e8s 50 ans et culmine autour des 70 ans. Elle \u00e9volue de fa\u00e7on variable mais rapide, le d\u00e9c\u00e8s survenant le plus souvent en moins de cinq ans.<br \/>\n                chartphoto \/ stock.adobe.com<\/p>\n<p>Des chercheurs ont identifi\u00e9 des biomarqueurs sanguins sp\u00e9cifiques de la Scl\u00e9rose lat\u00e9rale amyotrophique (SLA), qui permettraient une d\u00e9tection pr\u00e9coce de cette maladie neurod\u00e9g\u00e9n\u00e9rative rare, mais au pronostic sombre.<\/p>\n<p class=\"fig-paragraph\">Une \u00e9tape importante dans le diagnostic de la\u00a0<a href=\"https:\/\/sante.lefigaro.fr\/sante\/maladie\/sclerose-laterale-amyotrophique\/quest-ce-qui-se-passe\" target=\"_blank\" data-fig-type=\"Keyword\" rel=\"sponsored noopener nofollow\" data-gtm-custom-categorie=\"navigation\" data-gtm-custom-action=\"crossclick\" data-gtm-custom-label=\"Contextuel\" data-gtm-event=\"customEventSPE\" data-fig-domain=\"SANTE\">scl\u00e9rose lat\u00e9rale amyotrophique<\/a>\u00a0(SLA), maladie neurod\u00e9g\u00e9n\u00e9rative d\u00e9crite d\u00e8s 1869 par le fondateur de la neurologie Jean-Martin Charcot, vient d\u2019\u00eatre franchie avec la d\u00e9couverte d\u2019un profil de prot\u00e9ines sanguines sp\u00e9cifique de la pathologie par des chercheurs am\u00e9ricains des National Institutes of Health (NIH). L\u2019\u00e9tude, parue dans la revue Nature Medicine, montre en outre que ce profil semble pr\u00e9dictif car il appara\u00eet des ann\u00e9es avant les premiers sympt\u00f4mes, tr\u00e8s variables, de cette maladie rare mais rapidement mortelle.<\/p>\n<p class=\"fig-paragraph\">\u00abC\u2019est un travail tr\u00e8s int\u00e9ressant, confirme le Pr. Philippe Codron du Centre de r\u00e9f\u00e9rence de la SLA \u00e0 Angers, car le d\u00e9lai diagnostique de la maladie reste important, entre 6 et 12 mois, ce qui est toujours tr\u00e8s dur \u00e0 vivre pour les personnes touch\u00e9es par la maladie\u00bb. Le diagnostic est d\u2019autant plus difficile \u00e0 poser que plus de 85% des cas dits \u00absporadiques\u00bb sont sans cause connue, donc sans un ant\u00e9c\u00e9dent familial ou un facteur\u2026<\/p>\n<p class=\"fig-premium-paywall__infos\">\n        Cet article est r\u00e9serv\u00e9 aux abonn\u00e9s.        Il vous reste 79% \u00e0 d\u00e9couvrir.\n    <\/p>\n<p>                <img  data- alt=\"Le Figaro\" class=\"fig-img--complete fig-img\"\/><\/p>\n<p class=\"fig-premium-paywall__title\">Vous avez envie de lire la suite ?<\/p>\n<p class=\"fig-premium-paywall__subtitle\">D\u00e9bloquez tous les articles imm\u00e9diatement.<\/p>\n<p class=\"fig-premium-paywall__connect\">\n                D\u00e9j\u00e0 abonn\u00e9\u00a0?                <a class=\"fig-premium-paywall__connect-link\" href=\"https:\/\/connect.lefigaro.fr\/login?client=sante_web&amp;type=main&amp;redirect_uri=https%3A%2F%2Fsante.lefigaro.fr%2Fmedecine%2Fmaladie-de-charcot-vers-un-test-sanguin-pour-une-detection-precoce-20250913\" data-js-gtm=\"{&quot;customCategorie&quot;: &quot;conversion&quot;, &quot;customAction&quot;: &quot;before_Landing_Connexion_paywall_auto&quot;, &quot;customLabel&quot;: &quot;c2FudGUubGVmaWdhcm8uZnJfXzFmMDhmZGM0LTE5M2ItNmE5NC1hNDNhLTJmNTg2ODE3MzRiZl9fQXJ0aWNsZQ==_Maladie de Charcot\u00a0: vers un test sanguin pour une d\u00e9tection pr\u00e9coce\u00a0?_429&quot;, &quot;customIDSPE&quot;: &quot;c2FudGUubGVmaWdhcm8uZnJfXzFmMDhmZGM0LTE5M2ItNmE5NC1hNDNhLTJmNTg2ODE3MzRiZl9fQXJ0aWNsZQ==&quot;, &quot;event&quot;: &quot;customEventSPE&quot;}\" rel=\"nofollow noopener\" target=\"_blank\"><br \/>\n                    Connectez-vous<br \/>\n                <\/a>\n            <\/p>\n","protected":false},"excerpt":{"rendered":"L\u2019incidence de la SLA, \u00e0 l\u2019instar des autres maladies neurod\u00e9g\u00e9n\u00e9ratives, augmente avec l\u2019\u00e2ge d\u00e8s 50 ans et culmine&hellip;\n","protected":false},"author":2,"featured_media":387648,"comment_status":"","ping_status":"","sticky":false,"template":"","format":"standard","meta":{"footnotes":""},"categories":[10],"tags":[1011,27,72,37694,71,52025],"class_list":{"0":"post-387647","1":"post","2":"type-post","3":"status-publish","4":"format-standard","5":"has-post-thumbnail","7":"category-sante","8":"tag-fr","9":"tag-france","10":"tag-health","11":"tag-neurones-moteurs","12":"tag-sante","13":"tag-sclerose-laterale-amyotrophique"},"share_on_mastodon":{"url":"https:\/\/pubeurope.com\/@fr\/115196567578146476","error":""},"_links":{"self":[{"href":"https:\/\/www.europesays.com\/fr\/wp-json\/wp\/v2\/posts\/387647","targetHints":{"allow":["GET"]}}],"collection":[{"href":"https:\/\/www.europesays.com\/fr\/wp-json\/wp\/v2\/posts"}],"about":[{"href":"https:\/\/www.europesays.com\/fr\/wp-json\/wp\/v2\/types\/post"}],"author":[{"embeddable":true,"href":"https:\/\/www.europesays.com\/fr\/wp-json\/wp\/v2\/users\/2"}],"replies":[{"embeddable":true,"href":"https:\/\/www.europesays.com\/fr\/wp-json\/wp\/v2\/comments?post=387647"}],"version-history":[{"count":0,"href":"https:\/\/www.europesays.com\/fr\/wp-json\/wp\/v2\/posts\/387647\/revisions"}],"wp:featuredmedia":[{"embeddable":true,"href":"https:\/\/www.europesays.com\/fr\/wp-json\/wp\/v2\/media\/387648"}],"wp:attachment":[{"href":"https:\/\/www.europesays.com\/fr\/wp-json\/wp\/v2\/media?parent=387647"}],"wp:term":[{"taxonomy":"category","embeddable":true,"href":"https:\/\/www.europesays.com\/fr\/wp-json\/wp\/v2\/categories?post=387647"},{"taxonomy":"post_tag","embeddable":true,"href":"https:\/\/www.europesays.com\/fr\/wp-json\/wp\/v2\/tags?post=387647"}],"curies":[{"name":"wp","href":"https:\/\/api.w.org\/{rel}","templated":true}]}}