{"id":387656,"date":"2025-09-13T10:45:10","date_gmt":"2025-09-13T10:45:10","guid":{"rendered":"https:\/\/www.europesays.com\/fr\/387656\/"},"modified":"2025-09-13T10:45:10","modified_gmt":"2025-09-13T10:45:10","slug":"nathalie-loiseau-refuse-une-minute-de-silence-et-recoit-des-menaces-de-mort","status":"publish","type":"post","link":"https:\/\/www.europesays.com\/fr\/387656\/","title":{"rendered":"Nathalie Loiseau refuse une minute de silence et re\u00e7oit des menaces de mort"},"content":{"rendered":"<p>L\u2019assassinat de <a href=\"https:\/\/www.20minutes.fr\/monde\/etats-unis\/4172386-20250910-charlie-kirk-influenceur-pro-trump-fait-tirer-dessus-lors-meeting\" class=\"c-link c-link--is-underlined\" rel=\"nofollow noopener\" target=\"_blank\">Charlie Kirk<\/a> s\u2019est invit\u00e9 au Parlement europ\u00e9en cette semaine. Alors que l\u2019extr\u00eame droite a voulu observer une minute de silence en hommage \u00e0 l\u2019influenceur pro-Trump jeudi, la pr\u00e9sidente du Parlement Roberta Metsola s\u2019y est oppos\u00e9e, provoquant la contestation d\u2019une partie de l\u2019h\u00e9micycle.<\/p>\n<p>L\u2019eurod\u00e9put\u00e9e Nathalie Loiseau a \u00e9galement condamn\u00e9 cette initiative, \u00e9crivant sur le r\u00e9seau X\u00a0: \u00ab\u00a0Honte de voir l\u2019extr\u00eame droite r\u00e9clamer un hommage \u00e0 un homme qui bafouait toutes nos valeurs\u00a0: homophobe, antis\u00e9mite, raciste, d\u00e9fenseur de l\u2019esclavage. Qu\u2019il ait \u00e9t\u00e9 victime d\u2019un crime odieux ne fait pas de lui un h\u00e9ros.\u00a0\u00bb Ce qui lui a valu des menaces de mort.<\/p>\n<\/p>\n<p>\u00ab\u00a0Autant ce gar\u00e7on ne m\u00e9ritait pas son sort, autant il ne m\u00e9rite pas un hommage\u00a0\u00bb<\/p>\n<p>Vendredi, l\u2019ancienne ministre a d\u00e9nonc\u00e9 les attaques \u00e0 son encontre. \u00ab\u00a0Parce que j\u2019ai rappel\u00e9 que Charlie Kirk \u00e9tait sans conteste une victime mais pas un h\u00e9ros, je re\u00e7ois des menaces de mort. Ses partisans sont des gens d\u00e9licieux, vraiment. Les m\u00eames qui font mine de s\u2019inqui\u00e9ter de la violence politique et de la libert\u00e9 d\u2019expression\u00a0\u00bb, \u00e9crit-elle sur X.<\/p>\n<blockquote class=\"twitter-tweet\" align=\"center\" data-lang=\"fr_FR\">\n<p lang=\"fr\" dir=\"ltr\">Depuis hier, parce que j\u2019ai rappel\u00e9 que Charlie Kirk \u00e9tait sans conteste une victime mais pas un h\u00e9ros, je re\u00e7ois des menaces de mort. Ses partisans sont des gens d\u00e9licieux, vraiment. Les m\u00eames qui font mine de s\u2019inqui\u00e9ter de la violence politique et de la libert\u00e9 d\u2019expression.<\/p>\n<p>\u2014 Nathalie Loiseau (@NathalieLoiseau) <a href=\"https:\/\/twitter.com\/NathalieLoiseau\/status\/1966485655917129788?ref_src=twsrc%5Etfw\" rel=\"nofollow noopener\" target=\"_blank\">September 12, 2025<\/a><\/p><\/blockquote>\n<p class=\"mb-xxl@xs color-ultramarine font-weight-semi-bold@xs font-source-serif-pro heading-s@xs\">L\u2019acc\u00e8s \u00e0 ce contenu a \u00e9t\u00e9 bloqu\u00e9 afin de respecter votre choix de consentement<\/p>\n<p class=\"mb-m@xs text-l@xs\">En cliquant sur\u00ab J\u2019accepte \u00bb, vous acceptez le d\u00e9p\u00f4t de cookies par des services externes et aurez ainsi acc\u00e8s aux contenus de nos partenaires.<\/p>\n<p class=\"mb-xl@xs text-s@xs\">Plus d\u2019informations sur la page<a href=\"https:\/\/www.20minutes.fr\/gestion-cookies\" class=\"mx-xxs@xs color-ultramarine\" rel=\"nofollow noopener\" target=\"_blank\">Politique de gestion des cookies<\/a><\/p>\n<p>J\u2019accepte<\/p>\n<p>Dans une vid\u00e9o publi\u00e9e par son groupe, L\u2019Europe Ensemble, Nathalie Loiseau avait longuement exprim\u00e9 son point de vue sur ce sujet\u00a0: \u00ab\u00a0Personne ne devrait mourir pour ses opinions politiques. Mais aujourd\u2019hui, au <a href=\"https:\/\/www.20minutes.fr\/dossier\/parlement_europeen\" class=\"c-link c-link--is-underlined\" rel=\"nofollow noopener\" target=\"_blank\">Parlement europ\u00e9en<\/a>, l\u2019extr\u00eame droite a voulu qu\u2019on rende hommage \u00e0 Charlie Kirk. Et l\u00e0, je me pose des questions. Quand des Ukrainiens meurent, quand des enfants palestiniens meurent, l\u2019extr\u00eame droite n\u2019est pas \u00e9mue. Quand les Trumpistes prennent d\u2019assaut le Capitole, l\u2019extr\u00eame droite s\u2019en fiche totalement. Mais quand un de leurs amis est assassin\u00e9, l\u00e0, il faudrait lui rendre hommage. Autant ce gar\u00e7on ne m\u00e9ritait pas son sort, autant il ne m\u00e9rite pas un hommage quand on se souvient qu\u2019il avait parl\u00e9 de l\u2019avortement comme l\u2019holocauste de notre si\u00e8cle, qu\u2019il avait injuri\u00e9 <a href=\"https:\/\/www.20minutes.fr\/monde\/volodymyr-zelensky\/\" class=\"c-link c-link--is-underlined\" rel=\"nofollow noopener\" target=\"_blank\">Volodymyr Zelensky<\/a>.\u00a0\u00bb<\/p>\n<p><script async src=\"https:\/\/platform.twitter.com\/widgets.js\" charset=\"utf-8\"><\/script><\/p>\n","protected":false},"excerpt":{"rendered":"L\u2019assassinat de Charlie Kirk s\u2019est invit\u00e9 au Parlement europ\u00e9en cette semaine. Alors que l\u2019extr\u00eame droite a voulu observer&hellip;\n","protected":false},"author":2,"featured_media":387657,"comment_status":"","ping_status":"","sticky":false,"template":"","format":"standard","meta":{"footnotes":""},"categories":[5],"tags":[47,11,6744,75,73,1076,1011,27,2438,14,51817,7775,74,24820,12,8552,3210,938,134,28],"class_list":{"0":"post-387656","1":"post","2":"type-post","3":"status-publish","4":"format-standard","5":"has-post-thumbnail","7":"category-international","8":"tag-actualite","9":"tag-actualites","10":"tag-assassinat","11":"tag-donald-trump","12":"tag-etats-unis","13":"tag-extreme-droite","14":"tag-fr","15":"tag-france","16":"tag-influenceur","17":"tag-international","18":"tag-maga","19":"tag-menaces-de-mort","20":"tag-monde","21":"tag-nathalie-loiseau","22":"tag-news","23":"tag-parlement-europeen","24":"tag-reaction","25":"tag-reseaux-sociaux","26":"tag-volodymyr-zelensky","27":"tag-world"},"share_on_mastodon":{"url":"https:\/\/pubeurope.com\/@fr\/115196587243562100","error":""},"_links":{"self":[{"href":"https:\/\/www.europesays.com\/fr\/wp-json\/wp\/v2\/posts\/387656","targetHints":{"allow":["GET"]}}],"collection":[{"href":"https:\/\/www.europesays.com\/fr\/wp-json\/wp\/v2\/posts"}],"about":[{"href":"https:\/\/www.europesays.com\/fr\/wp-json\/wp\/v2\/types\/post"}],"author":[{"embeddable":true,"href":"https:\/\/www.europesays.com\/fr\/wp-json\/wp\/v2\/users\/2"}],"replies":[{"embeddable":true,"href":"https:\/\/www.europesays.com\/fr\/wp-json\/wp\/v2\/comments?post=387656"}],"version-history":[{"count":0,"href":"https:\/\/www.europesays.com\/fr\/wp-json\/wp\/v2\/posts\/387656\/revisions"}],"wp:featuredmedia":[{"embeddable":true,"href":"https:\/\/www.europesays.com\/fr\/wp-json\/wp\/v2\/media\/387657"}],"wp:attachment":[{"href":"https:\/\/www.europesays.com\/fr\/wp-json\/wp\/v2\/media?parent=387656"}],"wp:term":[{"taxonomy":"category","embeddable":true,"href":"https:\/\/www.europesays.com\/fr\/wp-json\/wp\/v2\/categories?post=387656"},{"taxonomy":"post_tag","embeddable":true,"href":"https:\/\/www.europesays.com\/fr\/wp-json\/wp\/v2\/tags?post=387656"}],"curies":[{"name":"wp","href":"https:\/\/api.w.org\/{rel}","templated":true}]}}