{"id":387660,"date":"2025-09-13T10:47:16","date_gmt":"2025-09-13T10:47:16","guid":{"rendered":"https:\/\/www.europesays.com\/fr\/387660\/"},"modified":"2025-09-13T10:47:16","modified_gmt":"2025-09-13T10:47:16","slug":"un-fou-rire-monumental-la-rh-se-plante-et-envoie-un-refus-groupe-a-340-candidats-qui-se-marrent","status":"publish","type":"post","link":"https:\/\/www.europesays.com\/fr\/387660\/","title":{"rendered":"\u00ab\u00a0Un fou rire monumental\u00a0\u00bb\u2026 La RH se plante, et envoie un refus group\u00e9 \u00e0 340 candidats\u2026 qui se marrent"},"content":{"rendered":"<p>Elle a eu la gentillesse de r\u00e9pondre \u00e0 toutes celles et ceux qui avaient candidat\u00e9. Le probl\u00e8me, c\u2019est qu\u2019elle n\u2019a pas g\u00e9r\u00e9 la confidentialit\u00e9 de son message. Une responsable des ressources humaines a adress\u00e9 une r\u00e9ponse n\u00e9gative dans un mail group\u00e9 adress\u00e9 \u00e0 340 candidats et candidates. Sauf que la liste des destinataires n\u2019avait pas \u00e9t\u00e9 mise en copie cach\u00e9e. Un oubli \u00e9videmment f\u00e2cheux sur le plan RGPD. Mais aussi le d\u00e9part d\u2019une formidable histoire partag\u00e9e <a href=\"https:\/\/www.reddit.com\/r\/emploi\/comments\/1nf364w\/boulette_rh_un_refus_group%C3%A9_%C3%A0_340_candidats_qui\/\" rel=\"nofollow noopener\" target=\"_blank\" class=\"c-link c-link--is-underlined\">sur les r\u00e9seaux comme Reddit<\/a>.<\/p>\n<p><a href=\"https:\/\/www.ouest-france.fr\/leditiondusoir\/2025-09-12\/la-rh-envoie-un-refus-commun-a-340-candidats-ils-en-rient-et-se-donnent-rendez-vous-au-bar-04100081-d3d2-496f-a8a9-d83f33c7b08d\" rel=\"nofollow noopener\" target=\"_blank\" class=\"c-link c-link--is-underlined\">Rep\u00e9r\u00e9e par nos confr\u00e8res de Ouest-France<\/a>, l\u2019histoire d\u00e9marre autour d\u2019une simple offre d\u2019emploi. Un CDD de charg\u00e9 de communication digitale \u00e0 pourvoir \u00e0 Toulouse. \u00ab\u00a0J\u2019avais postul\u00e9 \u00e0 un <a href=\"https:\/\/www.20minutes.fr\/dossier\/cdd\" class=\"c-link c-link--is-underlined\" target=\"_blank\" rel=\"noopener\">CDD <\/a>comme charg\u00e9e de communication. Pas de nouvelles pendant deux mois\u2026 Jusqu\u2019\u00e0 ce fameux mail, genre le refus standard basique. Rien d\u2019inhabituel jusque-l\u00e0\u00a0\u00bb, t\u00e9moigne l\u2019une des candidates. Sauf que quelques minutes plus tard, elle re\u00e7oit une r\u00e9ponse d\u2019une autre candidate, remerciant la RH pour son retour. \u00ab\u00a0Je clique\u2026 Et je d\u00e9couvre qu\u2019on est 340 personnes en copie visible. Oui, 340 recal\u00e9s r\u00e9unis dans la m\u00eame boucle mail\u00a0\u00bb, poursuit la candidate.<\/p>\n<\/p>\n<p>Un simple oubli\u00a0? Sans doute. Mais un oubli qui permet de prendre la mesure du nombre hallucinant de candidatures qui peuvent d\u00e9ferler pour un simple CDD. Sauf que l\u2019histoire n\u2019arr\u00eate pas l\u00e0. S\u2019apercevant de la boulette, de nombreux candidats recal\u00e9s ont utilis\u00e9 le \u00ab\u00a0r\u00e9pondre \u00e0 tous\u00a0\u00bb pour s\u2019amuser de cette situation. \u00ab\u00a0J\u2019en suis \u00e0 mon 18837737eme refus, donc autant l\u2019annoncer \u00e0 toute la Terre. J\u2019en suis plus \u00e0 \u00e7a pr\u00e8s. Et autant en faire un refus groupe, plus on est de fous, plus on rit\u00a0\u00bb, a notamment r\u00e9pondu l\u2019une des recal\u00e9es. Une autre s\u2019amuse\u00a0: \u00ab\u00a0Presque autant de monde en CC (copie carbone, visible de tous) que dans la file d\u2019attente pour <a href=\"https:\/\/www.lefigaro.fr\/musique\/face-au-succes-de-la-billetterie-lors-des-preventes-the-weeknd-ajoute-une-date-au-stade-de-france-20250909\" rel=\"nofollow noopener\" target=\"_blank\" class=\"c-link c-link--is-underlined\">The Weeknd au Stade de France<\/a>\u00a0\u00bb.<\/p>\n<p>Bient\u00f4t un ap\u00e9ro au bistrot<\/p>\n<p>D\u2019apr\u00e8s l\u2019une des candidates, la RH aurait \u00e0 deux reprises tent\u00e9 de \u00ab\u00a0rappeler\u00a0\u00bb son mail, empirant encore la situation. Un conseil\u00a0: quand vous souhaitez envoyer un mail en masquant tous les destinataires, utilisez le champ CCI (copie carbone invisible).<\/p>\n<p>Mais l\u2019histoire ne s\u2019arr\u00eate pas l\u00e0\u00a0! En \u00e9changeant tous ces messages, les recal\u00e9s du CDD ont fini par se rapprocher, jusqu\u2019\u00e0 cr\u00e9er un groupe WhatsApp r\u00e9unissant 120 personnes. \u00ab\u00a0C\u2019est devenu un espace d\u2019entraide (et de th\u00e9rapie collective). On a pr\u00e9vu d\u2019aller boire un verre pour c\u00e9l\u00e9brer ce rejet collectif\u00a0\u00bb, poursuit la candidate d\u00e9chue. \u00ab\u00a0Merci les RH, vous ne m\u2019avez pas donn\u00e9 le job\u2026 Mais vous m\u2019avez offert un nouveau r\u00e9seau, des potes de gal\u00e8re, et un fou rire monumental\u00a0\u00bb, conclut-elle. Avant d\u2019admettre qu\u2019il allait peut-\u00eatre falloir se r\u00e9orienter pour trouver du boulot. Peut-\u00eatre dans les ressources humaines\u00a0?<\/p>\n","protected":false},"excerpt":{"rendered":"Elle a eu la gentillesse de r\u00e9pondre \u00e0 toutes celles et ceux qui avaient candidat\u00e9. Le probl\u00e8me, c\u2019est&hellip;\n","protected":false},"author":2,"featured_media":387661,"comment_status":"","ping_status":"","sticky":false,"template":"","format":"standard","meta":{"footnotes":""},"categories":[2],"tags":[47,11,7904,52026,536,47292,7716,341,1011,27,2722,2721,12,2680,7099,34147,8322,5122,104,2312],"class_list":{"0":"post-387660","1":"post","2":"type-post","3":"status-publish","4":"format-standard","5":"has-post-thumbnail","7":"category-actualites","8":"tag-actualite","9":"tag-actualites","10":"tag-by-the-web","11":"tag-cdd","12":"tag-communication","13":"tag-confidentialite","14":"tag-email","15":"tag-emploi","16":"tag-fr","17":"tag-france","18":"tag-haute-garonne","19":"tag-midi-pyrenees","20":"tag-news","21":"tag-occitanie","22":"tag-recrutement","23":"tag-reddit","24":"tag-ressources-humaines","25":"tag-rgpd","26":"tag-societe","27":"tag-toulouse"},"share_on_mastodon":{"url":"https:\/\/pubeurope.com\/@fr\/115196595149772906","error":""},"_links":{"self":[{"href":"https:\/\/www.europesays.com\/fr\/wp-json\/wp\/v2\/posts\/387660","targetHints":{"allow":["GET"]}}],"collection":[{"href":"https:\/\/www.europesays.com\/fr\/wp-json\/wp\/v2\/posts"}],"about":[{"href":"https:\/\/www.europesays.com\/fr\/wp-json\/wp\/v2\/types\/post"}],"author":[{"embeddable":true,"href":"https:\/\/www.europesays.com\/fr\/wp-json\/wp\/v2\/users\/2"}],"replies":[{"embeddable":true,"href":"https:\/\/www.europesays.com\/fr\/wp-json\/wp\/v2\/comments?post=387660"}],"version-history":[{"count":0,"href":"https:\/\/www.europesays.com\/fr\/wp-json\/wp\/v2\/posts\/387660\/revisions"}],"wp:featuredmedia":[{"embeddable":true,"href":"https:\/\/www.europesays.com\/fr\/wp-json\/wp\/v2\/media\/387661"}],"wp:attachment":[{"href":"https:\/\/www.europesays.com\/fr\/wp-json\/wp\/v2\/media?parent=387660"}],"wp:term":[{"taxonomy":"category","embeddable":true,"href":"https:\/\/www.europesays.com\/fr\/wp-json\/wp\/v2\/categories?post=387660"},{"taxonomy":"post_tag","embeddable":true,"href":"https:\/\/www.europesays.com\/fr\/wp-json\/wp\/v2\/tags?post=387660"}],"curies":[{"name":"wp","href":"https:\/\/api.w.org\/{rel}","templated":true}]}}