{"id":387662,"date":"2025-09-13T10:48:10","date_gmt":"2025-09-13T10:48:10","guid":{"rendered":"https:\/\/www.europesays.com\/fr\/387662\/"},"modified":"2025-09-13T10:48:10","modified_gmt":"2025-09-13T10:48:10","slug":"saint-chamond-amelie-18-ans-elue-miss-saint-chamond-2025","status":"publish","type":"post","link":"https:\/\/www.europesays.com\/fr\/387662\/","title":{"rendered":"Saint-Chamond. Am\u00e9lie, 18 ans, \u00e9lue Miss Saint-Chamond 2025"},"content":{"rendered":"<p>Vendredi 12 septembre, devant un public de 300 personnes, la salle Aristide-Briand s\u2019est transform\u00e9e le temps d\u2019une soir\u00e9e en v\u00e9ritable \u00e9crin de beaut\u00e9. Organis\u00e9e par le Comit\u00e9 des f\u00eates de la ville, l\u2019\u00e9lection de Miss Saint-Chamond 2025 a r\u00e9uni neuf candidates venues d\u00e9fendre leur charme, leur prestance et leur personnalit\u00e9.<\/p>\n<p>\u00c0 l\u2019issue d\u2019une soir\u00e9e riche en \u00e9motions, Am\u00e9lie, \u00e2g\u00e9e de 18 ans, a \u00e9t\u00e9 couronn\u00e9e. Elle portera d\u00e9sormais l\u2019\u00e9charpe de Miss Saint-Chamond lors des \u00e9v\u00e9nements \u00e0 venir durant une ann\u00e9e.<\/p>\n<p>D\u00e8s 20\u00a0h\u00a030, les spectateurs ont pu d\u00e9couvrir les candidates, \u00e2g\u00e9es de 18 \u00e0 28 ans, \u00e0 travers plusieurs tableaux\u00a0: pr\u00e9sentation individuelle, d\u00e9fil\u00e9 en tenue de ville, en robe de soir\u00e9e, puis le traditionnel passage \u00e0 l\u2019oral. Chacune a su mettre en avant ses qualit\u00e9s et ses valeurs avec beaucoup de panache et d\u2019humour.<\/p>\n<p>Pour agr\u00e9menter la soir\u00e9e, un spectacle de danse classique puis d\u2019une performance de Naya, la chor\u00e9graphe officielle des Miss, ont \u00e9t\u00e9 propos\u00e9s aux spectateurs. Suivi d\u2019un concert de Lo\u00efs Brossy, venu faire danser la salle avec son groupe.<\/p>\n<p>  Une soir\u00e9e r\u00e9ussie pour Saint-Chamond<\/p>\n<p>L\u2019\u00e9v\u00e9nement, tr\u00e8s appr\u00e9ci\u00e9 des habitants, marque un temps fort dans la vie locale. \u00c0 travers cette \u00e9lection, le comit\u00e9 des f\u00eates valorise la jeunesse, l\u2019\u00e9l\u00e9gance et l\u2019engagement. Cette \u00e9dition 2025 a \u00e9t\u00e9 un v\u00e9ritable succ\u00e8s avec un concours bien pr\u00e9sent\u00e9, des animations artistiques de qualit\u00e9, et une ambiance chaleureuse.<\/p>\n<p>La soir\u00e9e s\u2019est achev\u00e9e dans la bonne humeur, avec des applaudissements r\u00e9serv\u00e9s \u00e0 toutes les candidates, qui ont su faire preuve d\u2019\u00e9l\u00e9gance mais \u00e9galement pour le travail des organisateurs et de tous les b\u00e9n\u00e9voles et partenaires qui ont rendu cette soir\u00e9e possible.<\/p>\n","protected":false},"excerpt":{"rendered":"Vendredi 12 septembre, devant un public de 300 personnes, la salle Aristide-Briand s\u2019est transform\u00e9e le temps d\u2019une soir\u00e9e&hellip;\n","protected":false},"author":2,"featured_media":387663,"comment_status":"","ping_status":"","sticky":false,"template":"","format":"standard","meta":{"footnotes":""},"categories":[9653],"tags":[1111,11,2430,1687,7539,1777,674,1011,27,12,25,9669,9670,4001],"class_list":{"0":"post-387662","1":"post","2":"type-post","3":"status-publish","4":"format-standard","5":"has-post-thumbnail","7":"category-saint-etienne","8":"tag-actu","9":"tag-actualites","10":"tag-auvergne-rhone-alpes","11":"tag-culture-loisirs","12":"tag-edition-loire-sud","13":"tag-eu","14":"tag-europe","15":"tag-fr","16":"tag-france","17":"tag-news","18":"tag-republique-francaise","19":"tag-saint-chamond","20":"tag-saint-chamond-ville","21":"tag-saint-etienne"},"share_on_mastodon":{"url":"https:\/\/pubeurope.com\/@fr\/115196599130442847","error":""},"_links":{"self":[{"href":"https:\/\/www.europesays.com\/fr\/wp-json\/wp\/v2\/posts\/387662","targetHints":{"allow":["GET"]}}],"collection":[{"href":"https:\/\/www.europesays.com\/fr\/wp-json\/wp\/v2\/posts"}],"about":[{"href":"https:\/\/www.europesays.com\/fr\/wp-json\/wp\/v2\/types\/post"}],"author":[{"embeddable":true,"href":"https:\/\/www.europesays.com\/fr\/wp-json\/wp\/v2\/users\/2"}],"replies":[{"embeddable":true,"href":"https:\/\/www.europesays.com\/fr\/wp-json\/wp\/v2\/comments?post=387662"}],"version-history":[{"count":0,"href":"https:\/\/www.europesays.com\/fr\/wp-json\/wp\/v2\/posts\/387662\/revisions"}],"wp:featuredmedia":[{"embeddable":true,"href":"https:\/\/www.europesays.com\/fr\/wp-json\/wp\/v2\/media\/387663"}],"wp:attachment":[{"href":"https:\/\/www.europesays.com\/fr\/wp-json\/wp\/v2\/media?parent=387662"}],"wp:term":[{"taxonomy":"category","embeddable":true,"href":"https:\/\/www.europesays.com\/fr\/wp-json\/wp\/v2\/categories?post=387662"},{"taxonomy":"post_tag","embeddable":true,"href":"https:\/\/www.europesays.com\/fr\/wp-json\/wp\/v2\/tags?post=387662"}],"curies":[{"name":"wp","href":"https:\/\/api.w.org\/{rel}","templated":true}]}}