{"id":387664,"date":"2025-09-13T10:49:13","date_gmt":"2025-09-13T10:49:13","guid":{"rendered":"https:\/\/www.europesays.com\/fr\/387664\/"},"modified":"2025-09-13T10:49:13","modified_gmt":"2025-09-13T10:49:13","slug":"saint-etienne-pour-sortir-du-redressement-judiciaire-envie-loire-diversifie-ses-activites","status":"publish","type":"post","link":"https:\/\/www.europesays.com\/fr\/387664\/","title":{"rendered":"Saint-\u00c9tienne. Pour sortir du redressement judiciaire, Envie Loire diversifie ses activit\u00e9s"},"content":{"rendered":"<p>L\u2019entreprise d\u2019insertion Envie Rh\u00f4ne-Alpes, pr\u00e9sente dans la Loire (Roanne et Saint-\u00c9tienne), le Rh\u00f4ne et l\u2019Is\u00e8re depuis pr\u00e8s de quarante ans est en redressement judiciaire depuis avril dernier.<\/p>\n<p>Sp\u00e9cialis\u00e9e dans le r\u00e9emploi, la collecte et le recyclage d\u2019appareils \u00e9lectriques et \u00e9lectrom\u00e9nagers, elle s\u2019est trouv\u00e9e en d\u00e9but d\u2019ann\u00e9e en grande difficult\u00e9 financi\u00e8re. Mais son PDG, Guido Locatelli, l\u2019assure\u00a0: pas question de baisser les bras. Un plan de restructuration et de redressement a \u00e9t\u00e9 mis sur pied. Il commencerait \u00e0 porter ses fruits.<\/p>\n<p>En concurrence avec de grands acteurs de l\u2019\u00e9lectrom\u00e9nager<\/p>\n<p>\u00ab\u00a0Nous ne sommes pas tir\u00e9s d\u2019affaire, nous sommes toujours en crise mais nous nous activons\u00a0: notre avenir devrait s\u2019\u00e9claircir dans les prochains&#8230;<\/p>\n","protected":false},"excerpt":{"rendered":"L\u2019entreprise d\u2019insertion Envie Rh\u00f4ne-Alpes, pr\u00e9sente dans la Loire (Roanne et Saint-\u00c9tienne), le Rh\u00f4ne et l\u2019Is\u00e8re depuis pr\u00e8s de&hellip;\n","protected":false},"author":2,"featured_media":387665,"comment_status":"","ping_status":"","sticky":false,"template":"","format":"standard","meta":{"footnotes":""},"categories":[9653],"tags":[1111,11,2430,33,7539,1777,674,1011,27,693,3367,12,25,4001,7538],"class_list":{"0":"post-387664","1":"post","2":"type-post","3":"status-publish","4":"format-standard","5":"has-post-thumbnail","7":"category-saint-etienne","8":"tag-actu","9":"tag-actualites","10":"tag-auvergne-rhone-alpes","11":"tag-economie","12":"tag-edition-loire-sud","13":"tag-eu","14":"tag-europe","15":"tag-fr","16":"tag-france","17":"tag-industrie","18":"tag-loire","19":"tag-news","20":"tag-republique-francaise","21":"tag-saint-etienne","22":"tag-saint-etienne-ville"},"share_on_mastodon":{"url":"https:\/\/pubeurope.com\/@fr\/115196602974142082","error":""},"_links":{"self":[{"href":"https:\/\/www.europesays.com\/fr\/wp-json\/wp\/v2\/posts\/387664","targetHints":{"allow":["GET"]}}],"collection":[{"href":"https:\/\/www.europesays.com\/fr\/wp-json\/wp\/v2\/posts"}],"about":[{"href":"https:\/\/www.europesays.com\/fr\/wp-json\/wp\/v2\/types\/post"}],"author":[{"embeddable":true,"href":"https:\/\/www.europesays.com\/fr\/wp-json\/wp\/v2\/users\/2"}],"replies":[{"embeddable":true,"href":"https:\/\/www.europesays.com\/fr\/wp-json\/wp\/v2\/comments?post=387664"}],"version-history":[{"count":0,"href":"https:\/\/www.europesays.com\/fr\/wp-json\/wp\/v2\/posts\/387664\/revisions"}],"wp:featuredmedia":[{"embeddable":true,"href":"https:\/\/www.europesays.com\/fr\/wp-json\/wp\/v2\/media\/387665"}],"wp:attachment":[{"href":"https:\/\/www.europesays.com\/fr\/wp-json\/wp\/v2\/media?parent=387664"}],"wp:term":[{"taxonomy":"category","embeddable":true,"href":"https:\/\/www.europesays.com\/fr\/wp-json\/wp\/v2\/categories?post=387664"},{"taxonomy":"post_tag","embeddable":true,"href":"https:\/\/www.europesays.com\/fr\/wp-json\/wp\/v2\/tags?post=387664"}],"curies":[{"name":"wp","href":"https:\/\/api.w.org\/{rel}","templated":true}]}}