{"id":387666,"date":"2025-09-13T10:50:14","date_gmt":"2025-09-13T10:50:14","guid":{"rendered":"https:\/\/www.europesays.com\/fr\/387666\/"},"modified":"2025-09-13T10:50:14","modified_gmt":"2025-09-13T10:50:14","slug":"la-fresque-geante-delka-fait-sensation","status":"publish","type":"post","link":"https:\/\/www.europesays.com\/fr\/387666\/","title":{"rendered":"la fresque g\u00e9ante d\u2019Elka fait sensation"},"content":{"rendered":"<p>\u00c0 Jarville-la-Malgrange, l\u2019art s\u2019invite au sol avec une fresque hors norme sign\u00e9e Elka, \u00e0 laquelle les enfants du quartier ont activement contribu\u00e9. Cette\u00a0fresque au sol, la plus grande de France, aux couleurs vives et aux formes ludiques, transforme la promenade Jean-Philippe-Rameau en terrain d\u2019\u00e9veil. Pens\u00e9e pour \u00eatre foul\u00e9e, explor\u00e9e et v\u00e9cue, l\u2019\u0153uvre devient un espace de jeu et de d\u00e9couverte. Avec 2 000 m\u00b2 de surface, 900 litres de peinture et 43 jours de travail, cette fresque s\u2019impose comme une prouesse artistique. Un projet hors norme qui transforme le sol en terrain d\u2019expression, et red\u00e9finit le lien entre art, espace public et vie locale.<\/p>\n","protected":false},"excerpt":{"rendered":"\u00c0 Jarville-la-Malgrange, l\u2019art s\u2019invite au sol avec une fresque hors norme sign\u00e9e Elka, \u00e0 laquelle les enfants du&hellip;\n","protected":false},"author":2,"featured_media":387667,"comment_status":"","ping_status":"","sticky":false,"template":"","format":"standard","meta":{"footnotes":""},"categories":[9635],"tags":[1111,11,7782,1687,1704,436,1777,674,1011,27,2798,775,9648,1702,12,25],"class_list":{"0":"post-387666","1":"post","2":"type-post","3":"status-publish","4":"format-standard","5":"has-post-thumbnail","7":"category-nancy","8":"tag-actu","9":"tag-actualites","10":"tag-balades-et-randonnees","11":"tag-culture-loisirs","12":"tag-edition-nancy-et-agglomeration","13":"tag-environnement","14":"tag-eu","15":"tag-europe","16":"tag-fr","17":"tag-france","18":"tag-galerie-photo","19":"tag-grand-est","20":"tag-jarville-la-malgrange","21":"tag-nancy","22":"tag-news","23":"tag-republique-francaise"},"share_on_mastodon":{"url":"https:\/\/pubeurope.com\/@fr\/115196607007674245","error":""},"_links":{"self":[{"href":"https:\/\/www.europesays.com\/fr\/wp-json\/wp\/v2\/posts\/387666","targetHints":{"allow":["GET"]}}],"collection":[{"href":"https:\/\/www.europesays.com\/fr\/wp-json\/wp\/v2\/posts"}],"about":[{"href":"https:\/\/www.europesays.com\/fr\/wp-json\/wp\/v2\/types\/post"}],"author":[{"embeddable":true,"href":"https:\/\/www.europesays.com\/fr\/wp-json\/wp\/v2\/users\/2"}],"replies":[{"embeddable":true,"href":"https:\/\/www.europesays.com\/fr\/wp-json\/wp\/v2\/comments?post=387666"}],"version-history":[{"count":0,"href":"https:\/\/www.europesays.com\/fr\/wp-json\/wp\/v2\/posts\/387666\/revisions"}],"wp:featuredmedia":[{"embeddable":true,"href":"https:\/\/www.europesays.com\/fr\/wp-json\/wp\/v2\/media\/387667"}],"wp:attachment":[{"href":"https:\/\/www.europesays.com\/fr\/wp-json\/wp\/v2\/media?parent=387666"}],"wp:term":[{"taxonomy":"category","embeddable":true,"href":"https:\/\/www.europesays.com\/fr\/wp-json\/wp\/v2\/categories?post=387666"},{"taxonomy":"post_tag","embeddable":true,"href":"https:\/\/www.europesays.com\/fr\/wp-json\/wp\/v2\/tags?post=387666"}],"curies":[{"name":"wp","href":"https:\/\/api.w.org\/{rel}","templated":true}]}}