{"id":387668,"date":"2025-09-13T10:51:30","date_gmt":"2025-09-13T10:51:30","guid":{"rendered":"https:\/\/www.europesays.com\/fr\/387668\/"},"modified":"2025-09-13T10:51:30","modified_gmt":"2025-09-13T10:51:30","slug":"les-ecoliers-nombreux-pour-profiter-du-premier-jour-du-livre-sur-la-place-a-nancy","status":"publish","type":"post","link":"https:\/\/www.europesays.com\/fr\/387668\/","title":{"rendered":"Les \u00e9coliers nombreux pour profiter du premier jour du Livre sur la place \u00e0 Nancy"},"content":{"rendered":"<p>   <img decoding=\"async\" src=\"https:\/\/www.europesays.com\/fr\/wp-content\/uploads\/2025\/09\/1757760690_245_1200x680\" alt=\"illustration agrandir l'image\" style=\"--_image-preview:url('data:image\/jpeg;base64,\/9j\/2wBDACgcHiMeGSgjISMtKygwPGRBPDc3PHtYXUlkkYCZlo+AjIqgtObDoKrarYqMyP\/L2u71\/\/\/\/m8H\/\/\/\/6\/+b9\/\/j\/2wBDASstLTw1PHZBQXb4pYyl+Pj4+Pj4+Pj4+Pj4+Pj4+Pj4+Pj4+Pj4+Pj4+Pj4+Pj4+Pj4+Pj4+Pj4+Pj4+Pj4+Pj\/wAARCAAqACoDASIAAhEBAxEB\/8QAGAAAAwEBAAAAAAAAAAAAAAAAAAECAwT\/xAAYEAEAAwEAAAAAAAAAAAAAAAAAARESAv\/EABYBAQEBAAAAAAAAAAAAAAAAAAABAv\/EABURAQEAAAAAAAAAAAAAAAAAAAAR\/9oADAMBAAIRAxEAPwDqsWz0NA0srRotA0srZz0WgToaRZWzVaaKek2UyUOei0mZTajQAMKCMAmSpRKP\/9k=');\" loading=\"eager\" fetchpriority=\"high\" aria-hidden=\"true\" class=\"svelte-1pnmlwx rounded\" onload=\"this.__e=event\" onerror=\"this.__e=event\"\/> Livre sur la Place 2025, premier jour sous le chapiteau \u00a9 Radio France &#8211; Isabelle Baudriller    <img decoding=\"async\" src=\"https:\/\/www.francebleu.fr\/images\/logo-ici-grey.svg\" alt=\"\" class=\"isFallback loaded svelte-1pnmlwx fullRounded\"\/> Isabelle Baudriller  <\/p>\n<p class=\"g-ici-body-regular-3 info svelte-1a514ib\">Diffus\u00e9 le samedi 13 septembre 2025 \u00e0 8:31 <\/p>\n<p class=\"g-ici-body-regular-3 info svelte-1a514ib\">Publi\u00e9 le samedi 13 septembre 2025 \u00e0 8:31 <\/p>\n<p class=\"g-ici-body-bold-1 standFirst svelte-g22axr\">La 47\u00e8me \u00e9dition du Livre sur la place a \u00e9t\u00e9 inaugur\u00e9e ce vendredi 12 septembre \u00e0 Nancy. Le ruban a \u00e9t\u00e9 coup\u00e9 par Guillaume Gallienne, le pr\u00e9sident du festival cette ann\u00e9e. Et pour ce premier jour, les scolaires \u00e9taient nombreux \u00e0 venir profiter du chapiteau install\u00e9 place Carri\u00e8re. <\/p>\n<p>C&rsquo;est le paradis des lecteurs\u00a0! La 47\u00e8me \u00e9dition du Livre sur la place a \u00e9t\u00e9 inaugur\u00e9e ce vendredi 12 septembre. Cette \u00e9dition 2025 est\u00a0<a class=\"IciLink ici-link IciArticleLink g-ici-body-regular-1 underline brand svelte-lu7k6w\" href=\"https:\/\/www.francebleu.fr\/infos\/culture-loisirs\/le-comedien-guillaume-gallienne-president-du-livre-sur-la-place-2025-8060730\" rel=\"nofollow noopener\" target=\"_blank\">pr\u00e9sid\u00e9e par le com\u00e9dien et \u00e9crivain Guillaume Gallienne.<\/a><\/p>\n<p>\u00ab\u00a0C&rsquo;est int\u00e9ressant de lire\u00a0\u00bb<\/p>\n<p>Le premier jour du festival est souvent tr\u00e8s pris\u00e9 par les lecteurs en herbe. <strong>Les \u00e9coliers, coll\u00e9giens et lyc\u00e9ens sont nombreux<\/strong> \u00e0 plonger dans l&rsquo;univers de la lecture, souvent \u00e0 l&rsquo;initiative de leurs enseignants.<\/p>\n<p>\u00ab\u00a0J&rsquo;aime bien lire tout. C&rsquo;est int\u00e9ressant de lire\u00a0\u00bb, lancent les \u00e9l\u00e8ves rencontr\u00e9s sous le grand chapiteau install\u00e9 place Carri\u00e8re. La visite est suivie d&rsquo;un travail en classe.<\/p>\n<p>Pr\u00e8s de <strong>130.000 visiteurs<\/strong> sont attendus durant les trois jours que dure le Livre sur la place. Ce sont 550 auteurs qui sont pr\u00e9sents.<\/p>\n<p>\u00c0 \u00e9couter aussi   <img decoding=\"async\" src=\"https:\/\/www.europesays.com\/fr\/wp-content\/uploads\/2025\/09\/1757760690_388_200x200\" alt=\"Fran\u00e7oise, l'une des b\u00e9n\u00e9voles du salon, pr\u00e9sente la version noire du t-shirt officiel\" style=\"--_image-preview:url('data:image\/jpeg;base64,\/9j\/2wBDACgcHiMeGSgjISMtKygwPGRBPDc3PHtYXUlkkYCZlo+AjIqgtObDoKrarYqMyP\/L2u71\/\/\/\/m8H\/\/\/\/6\/+b9\/\/j\/2wBDASstLTw1PHZBQXb4pYyl+Pj4+Pj4+Pj4+Pj4+Pj4+Pj4+Pj4+Pj4+Pj4+Pj4+Pj4+Pj4+Pj4+Pj4+Pj4+Pj4+Pj\/wAARCAAqACoDASIAAhEBAxEB\/8QAGAAAAwEBAAAAAAAAAAAAAAAAAAIDAQT\/xAAZEAEBAQEBAQAAAAAAAAAAAAAAAQIREgP\/xAAXAQEBAQEAAAAAAAAAAAAAAAACAQAD\/8QAFREBAQAAAAAAAAAAAAAAAAAAAAH\/2gAMAwEAAhEDEQA\/ACHlTjfTma0p5XPNHzpUXlMlmn6qOHrLR0tSE30fOkT4IXViq9R+arM4RwRsGFWTKmciKZIKbEVLkzM\/\/9k=');\" loading=\"lazy\" fetchpriority=\"low\" aria-hidden=\"true\" class=\"svelte-1pnmlwx rounded\" onload=\"this.__e=event\" onerror=\"this.__e=event\"\/> <\/p>\n<ul class=\"SocialNetworks svelte-bt5901\">\n<li class=\"svelte-bt5901\"><\/li>\n<li class=\"svelte-bt5901\"><\/li>\n<li class=\"svelte-bt5901\"><\/li>\n<li class=\"svelte-bt5901\"><\/li>\n<li class=\"svelte-bt5901\"><\/li>\n<\/ul>\n<p role=\"heading\" aria-level=\"2\" class=\"sr-only\">Grande consultation \u00ab\u00a0Ma commune, mon maire et moi\u00a0\u00bb<\/p>\n<p class=\"description g-ici-body-regular-2 svelte-ascr5k\">En vue des \u00e9lections municipales de mars 2026, ICI lance un grand cycle de<br \/>\n      consultations et propose tous les mois un questionnaire th\u00e9matique afin de<br \/>\n      comprendre les attentes et les rapports des citoyens avec leurs maires,<br \/>\n      leurs communes.<\/p>\n<p>Les \u00e9pisodes de l\u2019\u00e9mission\u00a0: L&rsquo;info d&rsquo;ici, ici Lorraine (Meurthe-et-Moselle et Vosges)<\/p>\n<p class=\"IciLink ici-link disabled title no-color g-ici-title-5 svelte-lu7k6w\">L&rsquo;info d&rsquo;ici de 7h30, ici Lorraine<\/p>\n<p class=\"IciLink ici-link disabled title no-color g-ici-title-5 svelte-lu7k6w\">Un job dating organis\u00e9 \u00e0 l&rsquo;h\u00f4pital de G\u00e9rardmer<\/p>\n<p>Sur le m\u00eame th\u00e8me<\/p>\n<ul class=\"content svelte-bu824\">\n<li class=\"IciCard  standard svelte-19qbux1\">\n<p class=\"standfirst g-ici-body-regular-2 svelte-19qbux1\">Quarante b\u00e9n\u00e9voles sont mobilis\u00e9s pour la 47e \u00e9dition du Livre sur la Place \u00e0 Nancy qui s&rsquo;ouvre ce vendredi 12 septembre. L&rsquo;appel lanc\u00e9 par l&rsquo;organisation a tr\u00e8s vite trouv\u00e9 \u00e9cho. Mani\u00e8re de vivre le salon litt\u00e9raire de l&rsquo;int\u00e9rieur. <\/p>\n<\/li>\n<li class=\"IciCard  standard svelte-19qbux1\">\n<p class=\"standfirst g-ici-body-regular-2 svelte-19qbux1\">Chaque mois de septembre, Nancy devient la capitale fran\u00e7aise de la litt\u00e9rature avec Le Livre sur la Place. Premier salon litt\u00e9raire de la rentr\u00e9e, il r\u00e9unit plus de 500 auteurs, attire plus de 150 000 visiteurs et fait rayonner l\u2019intelligence et la culture sur la plus belle place d\u2019Europe.<\/p>\n<\/li>\n<li class=\"IciCard  standard svelte-19qbux1\">\n<p class=\"standfirst g-ici-body-regular-2 svelte-19qbux1\">La place de la Carri\u00e8re est l\u2019un des tr\u00e9sors de Nancy. Prolongement direct de la c\u00e9l\u00e8bre place Stanislas, elle s\u00e9duit par son \u00e9l\u00e9gance, ses grilles dor\u00e9es, ses fontaines et ses souvenirs historiques. Un lieu \u00e0 explorer lentement.<\/p>\n<\/li>\n<li class=\"IciCard  standard svelte-19qbux1\">\n<p class=\"standfirst g-ici-body-regular-2 svelte-19qbux1\">La 47e \u00e9dition du Livre sur la Place s&rsquo;ouvre ce vendredi matin. 175 000 visiteurs attendus. Plus de 500 auteurs. POur en parler, nous recevions, ce vendredi, \u00e0 7\u00a0h\u00a045 Bertrand Masson, Adjoint \u00e0 la culture \u00e0 la mairie de Nancy. <\/p>\n<\/li>\n<\/ul>\n<p class=\"g-ici-body-regular-3 description svelte-1vha4t1\">Tous les vendredis, recevez le meilleur de la semaine d\u2019ici Lorraine (Meurthe-et-Moselle et Vosges)\u00a0: certifi\u00e9 100% local\u00a0!<\/p>\n<p>En cliquant sur \u00ab\u00a0S\u2019abonner\u00a0\u00bb, j&rsquo;accepte que les donn\u00e9es recueillies par<br \/>\n        Radio France soient destin\u00e9es \u00e0 l&rsquo;envoi par courrier \u00e9lectronique de<br \/>\n        contenus et d&rsquo;informations relatifs aux programmes. Plus d&rsquo;informations.<\/p>\n<p> (function(w, d) {     if (w.FB &#038;&#038; w.FB.XFBML &#038;&#038; w.FB.XFBML.parse) {         if (&lsquo;undefined&rsquo; == typeof w.__fbTimeout) {             w.__fbTimeout = setTimeout(function() {                 w.FB.XFBML.parse();                 w.__fbTimeout = undefined;             }, 1000);         }     } else if (&lsquo;undefined&rsquo; == typeof w.__fbTimeout) {         if (d.querySelectorAll(&lsquo;#fb-root&rsquo;).length === 0) {             var fbRoot = d.createElement(&lsquo;div&rsquo;);             fbRoot.id = &lsquo;fb-root&rsquo;;             d.querySelector(&lsquo;body&rsquo;).append(fbRoot);         }         if (d.querySelectorAll(&lsquo;#facebook-jssdk&rsquo;).length === 0) {             var fbScript = d.createElement(&lsquo;script&rsquo;);             fbScript.id = &lsquo;facebook-jssdk&rsquo;;             fbScript.src=\u00a0\u00bb\/\/connect.facebook.net\/fr_FR\/sdk.js#xfbml=1&#038;version=v2.8&#038;appId=593991304071705&Prime;;             fbScript.async = 1;             d.querySelector(&lsquo;head&rsquo;).append(fbScript);         }     } })(window, window.document); \\u003C\/script>\\\u00a0\u00bb,\\\u00a0\u00bbprovider\\\u00a0\u00bb:\\\u00a0\u00bbfacebook\\\u00a0\u00bb,\\\u00a0\u00bbdidomiPurposes\\\u00a0\u00bb:\\\u00a0\u00bbPour afficher ce contenu Facebook, vous devez accepter les cookies \\u003Cb>R\u00e9seaux Sociaux\\u003C\/b>.\\u003Cbr>\\u003Cbr>Ces cookies permettent de partager ou r\u00e9agir directement sur les r\u00e9seaux sociaux auxquels vous \u00eates connect\u00e9s ou d&rsquo;int\u00e9grer du contenu initialement post\u00e9 sur ces r\u00e9seaux sociaux. Ils permettent aussi aux r\u00e9seaux sociaux d&rsquo;utiliser vos visites sur nos sites et applications \u00e0 des fins de personnalisation et de ciblage publicitaire.\\\u00a0\u00bb,\\\u00a0\u00bbdidomiVendorId\\\u00a0\u00bb:\\\u00a0\u00bbc:facebookc-rgacRMQm\\\u00a0\u00bb}},{\\\u00a0\u00bbtype\\\u00a0\u00bb:\\\u00a0\u00bbtext\\\u00a0\u00bb,\\\u00a0\u00bbchildren\\\u00a0\u00bb:[{\\\u00a0\u00bbtype\\\u00a0\u00bb:\\\u00a0\u00bbtext\\\u00a0\u00bb,\\\u00a0\u00bbvalue\\\u00a0\u00bb:\\\u00a0\u00bb\\u003Cem>\\\\\\\u00a0\u00bbJ&rsquo;aime bien lire tout. C&rsquo;est int\u00e9ressant de lire\\\\\\\u00a0\u00bb\\u003C\/em>, lancent les \u00e9l\u00e8ves rencontr\u00e9s sous le grand chapiteau install\u00e9 place Carri\u00e8re. La visite est suivie d&rsquo;un travail en classe.\\\u00a0\u00bb}]},{\\\u00a0\u00bbtype\\\u00a0\u00bb:\\\u00a0\u00bbtext\\\u00a0\u00bb,\\\u00a0\u00bbchildren\\\u00a0\u00bb:[{\\\u00a0\u00bbtype\\\u00a0\u00bb:\\\u00a0\u00bbtext\\\u00a0\u00bb,\\\u00a0\u00bbvalue\\\u00a0\u00bb:\\\u00a0\u00bbPr\u00e8s de \\u003Cstrong>130.000 visiteurs\\u003C\/strong> sont attendus durant les trois jours que dure le Livre sur la place. Ce sont 550 auteurs qui sont pr\u00e9sents.\\\u00a0\u00bb}]},{\\\u00a0\u00bbtype\\\u00a0\u00bb:\\\u00a0\u00bbbounce\\\u00a0\u00bb,\\\u00a0\u00bbdata\\\u00a0\u00bb:{\\\u00a0\u00bbuuid\\\u00a0\u00bb:\\\u00a0\u00bb99261d8e-f4e9-4693-99d5-6fa1a4a83843\\\u00a0\u00bb,\\\u00a0\u00bbpath\\\u00a0\u00bb:\\\u00a0\u00bbemissions\/ici-ca-marche-ici-lorraine-meurthe-et-moselle-et-vosges\/40-benevoles-mobilises-au-livre-sur-la-place-a-nancy-l-important-c-est-l-ambiance-les-rencontres-3776720\\\u00a0\u00bb,\\\u00a0\u00bbtitle\\\u00a0\u00bb:\\\u00a0\u00bb40 b\u00e9n\u00e9voles mobilis\u00e9s au Livre sur la Place \u00e0 Nancy\u00a0: \\\\\\\u00a0\u00bbL&rsquo;important, c&rsquo;est l&rsquo;ambiance, les rencontres\\\\\\\u00a0\u00bb\\\u00a0\u00bb,\\\u00a0\u00bbconceptTitle\\\u00a0\u00bb:\\\u00a0\u00bbIci \u00e7a marche, ici Lorraine (Meurthe-et-Moselle et Vosges)\\\u00a0\u00bb,\\\u00a0\u00bbconceptUuid\\\u00a0\u00bb:\\\u00a0\u00bbdadd163b-2b7d-41c0-a03b-9ef2d1f7cffd\\\u00a0\u00bb,\\\u00a0\u00bbtype\\\u00a0\u00bb:\\\u00a0\u00bbepisode\\\u00a0\u00bb,\\\u00a0\u00bbmodel\\\u00a0\u00bb:\\\u00a0\u00bbexpression\\\u00a0\u00bb,\\\u00a0\u00bblabel\\\u00a0\u00bb:\\\u00a0\u00bb\u00c0 \u00e9couter\\\u00a0\u00bb,\\\u00a0\u00bbmigrated\\\u00a0\u00bb:true,\\\u00a0\u00bbstationId\\\u00a0\u00bb:33,\\\u00a0\u00bbvisual\\\u00a0\u00bb:{\\\u00a0\u00bbsquare\\\u00a0\u00bb:{\\\u00a0\u00bbjpg\\\u00a0\u00bb:[{\\\u00a0\u00bbw\\\u00a0\u00bb:200,\\\u00a0\u00bburl\\\u00a0\u00bb:\\\u00a0\u00bbhttps:\/\/www.francebleu.fr\/s3\/cruiser-production-eu3\/2025\/09\/3287a72a-f0c1-40ca-9f49-5b89d18381f1\/200x200_sc_lsp1.jpg\\\u00a0\u00bb}],\\\u00a0\u00bbwebp\\\u00a0\u00bb:[{\\\u00a0\u00bbw\\\u00a0\u00bb:200,\\\u00a0\u00bburl\\\u00a0\u00bb:\\\u00a0\u00bbhttps:\/\/www.francebleu.fr\/s3\/cruiser-production-eu3\/2025\/09\/3287a72a-f0c1-40ca-9f49-5b89d18381f1\/200x200_sc_lsp1.webp\\\u00a0\u00bb}]},\\\u00a0\u00bbnormal\\\u00a0\u00bb:{\\\u00a0\u00bbjpg\\\u00a0\u00bb:[],\\\u00a0\u00bbwebp\\\u00a0\u00bb:[]},\\\u00a0\u00bbpreview\\\u00a0\u00bb:\\\u00a0\u00bbdata:image\/jpeg;base64,\/9j\/2wBDACgcHiMeGSgjISMtKygwPGRBPDc3PHtYXUlkkYCZlo+AjIqgtObDoKrarYqMyP\/L2u71\/\/\/\/m8H\/\/\/\/6\/+b9\/\/j\/2wBDASstLTw1PHZBQXb4pYyl+Pj4+Pj4+Pj4+Pj4+Pj4+Pj4+Pj4+Pj4+Pj4+Pj4+Pj4+Pj4+Pj4+Pj4+Pj4+Pj4+Pj\/wAARCAAqACoDASIAAhEBAxEB\/8QAGAAAAwEBAAAAAAAAAAAAAAAAAAIDAQT\/xAAZEAEBAQEBAQAAAAAAAAAAAAAAAQIREgP\/xAAXAQEBAQEAAAAAAAAAAAAAAAACAQAD\/8QAFREBAQAAAAAAAAAAAAAAAAAAAAH\/2gAMAwEAAhEDEQA\/ACHlTjfTma0p5XPNHzpUXlMlmn6qOHrLR0tSE30fOkT4IXViq9R+arM4RwRsGFWTKmciKZIKbEVLkzM\/\/9k=\\\u00a0\u00bb,\\\u00a0\u00bblegend\\\u00a0\u00bb:\\\u00a0\u00bbFran\u00e7oise, l&rsquo;une des b\u00e9n\u00e9voles du salon, pr\u00e9sente la version noire du t-shirt officiel\\\u00a0\u00bb},\\\u00a0\u00bbvisualEmbed\\\u00a0\u00bb:{\\\u00a0\u00bbtype\\\u00a0\u00bb:\\\u00a0\u00bbimage\\\u00a0\u00bb,\\\u00a0\u00bbversion\\\u00a0\u00bb:\\\u00a0\u00bb1.0\\\u00a0\u00bb,\\\u00a0\u00bbauthor\\\u00a0\u00bb:\\\u00a0\u00bbIsabelle Baudriller\\\u00a0\u00bb,\\\u00a0\u00bblegend\\\u00a0\u00bb:\\\u00a0\u00bbFran\u00e7oise, l&rsquo;une des b\u00e9n\u00e9voles du salon, pr\u00e9sente la version noire du t-shirt officiel\\\u00a0\u00bb,\\\u00a0\u00bbcopyright\\\u00a0\u00bb:\\\u00a0\u00bbRadio France\\\u00a0\u00bb,\\\u00a0\u00bbcreated\\\u00a0\u00bb:1757598886,\\\u00a0\u00bbdominant\\\u00a0\u00bb:\\\u00a0\u00bb#c8c8b8\\\u00a0\u00bb,\\\u00a0\u00bboriginal_width\\\u00a0\u00bb:1600,\\\u00a0\u00bboriginal_height\\\u00a0\u00bb:1200,\\\u00a0\u00bburl\\\u00a0\u00bb:\\\u00a0\u00bbhttps:\/\/www.francebleu.fr\/s3\/cruiser-production-eu3\/2025\/09\/3287a72a-f0c1-40ca-9f49-5b89d18381f1\/200x200_sc_lsp1.jpg\\\u00a0\u00bb,\\\u00a0\u00bburl_webp\\\u00a0\u00bb:\\\u00a0\u00bbhttps:\/\/www.francebleu.fr\/s3\/cruiser-production-eu3\/2025\/09\/3287a72a-f0c1-40ca-9f49-5b89d18381f1\/200x200_sc_lsp1.webp\\\u00a0\u00bb,\\\u00a0\u00bbwidth\\\u00a0\u00bb:200,\\\u00a0\u00bbheight\\\u00a0\u00bb:200,\\\u00a0\u00bbpreview\\\u00a0\u00bb:\\\u00a0\u00bb\/9j\/2wBDACgcHiMeGSgjISMtKygwPGRBPDc3PHtYXUlkkYCZlo+AjIqgtObDoKrarYqMyP\/L2u71\/\/\/\/m8H\/\/\/\/6\/+b9\/\/j\/2wBDASstLTw1PHZBQXb4pYyl+Pj4+Pj4+Pj4+Pj4+Pj4+Pj4+Pj4+Pj4+Pj4+Pj4+Pj4+Pj4+Pj4+Pj4+Pj4+Pj4+Pj\/wAARCAAqACoDASIAAhEBAxEB\/8QAGAAAAwEBAAAAAAAAAAAAAAAAAAIDAQT\/xAAZEAEBAQEBAQAAAAAAAAAAAAAAAQIREgP\/xAAXAQEBAQEAAAAAAAAAAAAAAAACAQAD\/8QAFREBAQAAAAAAAAAAAAAAAAAAAAH\/2gAMAwEAAhEDEQA\/ACHlTjfTma0p5XPNHzpUXlMlmn6qOHrLR0tSE30fOkT4IXViq9R+arM4RwRsGFWTKmciKZIKbEVLkzM\/\/9k=\\\u00a0\u00bb,\\\u00a0\u00bbquery\\\u00a0\u00bb:{\\\u00a0\u00bbuuid\\\u00a0\u00bb:\\\u00a0\u00bb3287a72a-f0c1-40ca-9f49-5b89d18381f1\\\u00a0\u00bb,\\\u00a0\u00bbtype\\\u00a0\u00bb:\\\u00a0\u00bbimages\\\u00a0\u00bb,\\\u00a0\u00bbpreset\\\u00a0\u00bb:\\\u00a0\u00bb200&#215;200\\\u00a0\u00bb}},\\\u00a0\u00bbconceptVisual\\\u00a0\u00bb:\\\u00a0\u00bb395b3033-1cb9-48c3-9f04-e29aaa8242da\\\u00a0\u00bb,\\\u00a0\u00bbconceptVisualEmbed\\\u00a0\u00bb:{\\\u00a0\u00bbtype\\\u00a0\u00bb:\\\u00a0\u00bbimage\\\u00a0\u00bb,\\\u00a0\u00bbversion\\\u00a0\u00bb:\\\u00a0\u00bb1.0\\\u00a0\u00bb,\\\u00a0\u00bbauthor\\\u00a0\u00bb:\\\u00a0\u00bbAtelier graphique\\\u00a0\u00bb,\\\u00a0\u00bblegend\\\u00a0\u00bb:\\\u00a0\u00bbDes actuali\u00e9s positives, des initiatives locales.\\\u00a0\u00bb,\\\u00a0\u00bbcopyright\\\u00a0\u00bb:\\\u00a0\u00bbRadio France\\\u00a0\u00bb,\\\u00a0\u00bbcreated\\\u00a0\u00bb:1755009239,\\\u00a0\u00bbdominant\\\u00a0\u00bb:\\\u00a0\u00bb#081828\\\u00a0\u00bb,\\\u00a0\u00bboriginal_width\\\u00a0\u00bb:3000,\\\u00a0\u00bboriginal_height\\\u00a0\u00bb:3000,\\\u00a0\u00bburl\\\u00a0\u00bb:\\\u00a0\u00bbhttps:\/\/www.francebleu.fr\/s3\/cruiser-production-eu3\/2025\/08\/395b3033-1cb9-48c3-9f04-e29aaa8242da\/140x140_sc_ici-ca-marche-3000.jpg\\\u00a0\u00bb,\\\u00a0\u00bburl_webp\\\u00a0\u00bb:\\\u00a0\u00bbhttps:\/\/www.francebleu.fr\/s3\/cruiser-production-eu3\/2025\/08\/395b3033-1cb9-48c3-9f04-e29aaa8242da\/140x140_sc_ici-ca-marche-3000.webp\\\u00a0\u00bb,\\\u00a0\u00bbwidth\\\u00a0\u00bb:140,\\\u00a0\u00bbheight\\\u00a0\u00bb:140,\\\u00a0\u00bbpreview\\\u00a0\u00bb:\\\u00a0\u00bb\/9j\/2wBDACgcHiMeGSgjISMtKygwPGRBPDc3PHtYXUlkkYCZlo+AjIqgtObDoKrarYqMyP\/L2u71\/\/\/\/m8H\/\/\/\/6\/+b9\/\/j\/2wBDASstLTw1PHZBQXb4pYyl+Pj4+Pj4+Pj4+Pj4+Pj4+Pj4+Pj4+Pj4+Pj4+Pj4+Pj4+Pj4+Pj4+Pj4+Pj4+Pj4+Pj\/wAARCAAqACoDASIAAhEBAxEB\/8QAGAABAQEBAQAAAAAAAAAAAAAAAgEDAAT\/xAAYEAEBAQEBAAAAAAAAAAAAAAAAAQIREv\/EABcBAQADAAAAAAAAAAAAAAAAAAEAAgP\/xAAVEQEBAAAAAAAAAAAAAAAAAAAAEf\/aAAwDAQACEQMRAD8A8dqOWNIoWY0yEOGCnNL7Z2p0oyWOWK1aFFSFEoiJw+L5NSPOUEoxrSFDgw4aFhJFND\/\/2Q==\\\u00a0\u00bb,\\\u00a0\u00bbquery\\\u00a0\u00bb:{\\\u00a0\u00bbuuid\\\u00a0\u00bb:\\\u00a0\u00bb395b3033-1cb9-48c3-9f04-e29aaa8242da\\\u00a0\u00bb,\\\u00a0\u00bbtype\\\u00a0\u00bb:\\\u00a0\u00bbimages\\\u00a0\u00bb,\\\u00a0\u00bbpreset\\\u00a0\u00bb:\\\u00a0\u00bb140&#215;140\\\u00a0\u00bb}},\\\u00a0\u00bbmanifestationUrl\\\u00a0\u00bb:\\\u00a0\u00bbhttps:\/\/media.radiofrance-podcast.net\/podcast09\/25341-12.09.2025-ITEMA_24244239-2025B53780S0255-NET_54A_0DCF1108-D970-4B43-910C-A0F73C417B75-21.mp3\\\u00a0\u00bb,\\\u00a0\u00bbpublishedDate\\\u00a0\u00bb:\\\u00a0\u00bb12\/09\/2025\\\u00a0\u00bb,\\\u00a0\u00bbupdatedDate\\\u00a0\u00bb:\\\u00a0\u00bbLe 12\/09\/2025 \u00e0 08:16\\\u00a0\u00bb,\\\u00a0\u00bbstartDate\\\u00a0\u00bb:1757654400,\\\u00a0\u00bbduration\\\u00a0\u00bb:164,\\\u00a0\u00bbgeopoints\\\u00a0\u00bb:[{\\\u00a0\u00bbcity\\\u00a0\u00bb:\\\u00a0\u00bbNancy\\\u00a0\u00bb,\\\u00a0\u00bbtype\\\u00a0\u00bb:\\\u00a0\u00bbeverything\\\u00a0\u00bb,\\\u00a0\u00bbregion\\\u00a0\u00bb:\\\u00a0\u00bbGrand Est\\\u00a0\u00bb,\\\u00a0\u00bbaddress\\\u00a0\u00bb:\\\u00a0\u00bbNancy, France\\\u00a0\u00bb,\\\u00a0\u00bbgeometry\\\u00a0\u00bb:{\\\u00a0\u00bbtype\\\u00a0\u00bb:\\\u00a0\u00bbPoint\\\u00a0\u00bb,\\\u00a0\u00bbcoordinates\\\u00a0\u00bb:[\\\u00a0\u00bb48.692054\\\u00a0\u00bb,\\\u00a0\u00bb6.184417\\\u00a0\u00bb]},\\\u00a0\u00bbdepartment\\\u00a0\u00bb:\\\u00a0\u00bbMeurthe-et-Moselle\\\u00a0\u00bb}],\\\u00a0\u00bbmedia\\\u00a0\u00bb:{\\\u00a0\u00bbsources\\\u00a0\u00bb:[{\\\u00a0\u00bbbroadcastType\\\u00a0\u00bb:\\\u00a0\u00bbaod\\\u00a0\u00bb,\\\u00a0\u00bburl\\\u00a0\u00bb:\\\u00a0\u00bbhttps:\/\/media.radiofrance-podcast.net\/podcast09\/25341-12.09.2025-ITEMA_24244239-2025B53780S0255-NET_54A_0DCF1108-D970-4B43-910C-A0F73C417B75-21.mp3\\\u00a0\u00bb}],\\\u00a0\u00bbstartTime\\\u00a0\u00bb:null,\\\u00a0\u00bbendTime\\\u00a0\u00bb:164,\\\u00a0\u00bbtimeMap\\\u00a0\u00bb:[{\\\u00a0\u00bbdata\\\u00a0\u00bb:{\\\u00a0\u00bbstation\\\u00a0\u00bb:\\\u00a0\u00bbici Lorraine (Meurthe-et-Moselle et Vosges)\\\u00a0\u00bb,\\\u00a0\u00bbtitle\\\u00a0\u00bb:\\\u00a0\u00bbIci \u00e7a marche, ici Lorraine (Meurthe-et-Moselle et Vosges)\\\u00a0\u00bb,\\\u00a0\u00bbdescription\\\u00a0\u00bb:\\\u00a0\u00bb40 b\u00e9n\u00e9voles mobilis\u00e9s au Livre sur la Place \u00e0 Nancy\u00a0: \\\\\\\u00a0\u00bbL&rsquo;important, c&rsquo;est l&rsquo;ambiance, les rencontres\\\\\\\u00a0\u00bb\\\u00a0\u00bb,\\\u00a0\u00bbcoverFallback\\\u00a0\u00bb:\\\u00a0\u00bbhttps:\/\/www.francebleu.fr\/s3\/cruiser-production-eu3\/2024\/12\/7d516a30-19b5-402f-87a9-5ea6150b2592\/400x400_sc_3d9c9a7d-8ad5-4751-bfa3-f15dfd6b700f-720.jpg\\\u00a0\u00bb,\\\u00a0\u00bbclipType\\\u00a0\u00bb:\\\u00a0\u00bbreecoute\\\u00a0\u00bb,\\\u00a0\u00bbxtn2\\\u00a0\u00bb:49,\\\u00a0\u00bbemission\\\u00a0\u00bb:{\\\u00a0\u00bbid\\\u00a0\u00bb:\\\u00a0\u00bb\\\u00a0\u00bb,\\\u00a0\u00bbtitle\\\u00a0\u00bb:\\\u00a0\u00bbIci \u00e7a marche, ici Lorraine (Meurthe-et-Moselle et Vosges)\\\u00a0\u00bb,\\\u00a0\u00bbbusinessReference\\\u00a0\u00bb:null},\\\u00a0\u00bbdiffusion\\\u00a0\u00bb:{\\\u00a0\u00bbid\\\u00a0\u00bb:null,\\\u00a0\u00bbtitle\\\u00a0\u00bb:\\\u00a0\u00bb40 b\u00e9n\u00e9voles mobilis\u00e9s au Livre sur la Place \u00e0 Nancy\u00a0: \\\\\\\u00a0\u00bbL&rsquo;important, c&rsquo;est l&rsquo;ambiance, les rencontres\\\\\\\u00a0\u00bb\\\u00a0\u00bb,\\\u00a0\u00bbpath\\\u00a0\u00bb:null},\\\u00a0\u00bbsiteId\\\u00a0\u00bb:56,\\\u00a0\u00bbconceptUuid\\\u00a0\u00bb:\\\u00a0\u00bb\\\u00a0\u00bb,\\\u00a0\u00bbexpressionUuid\\\u00a0\u00bb:\\\u00a0\u00bb\\\u00a0\u00bb,\\\u00a0\u00bblocaleId\\\u00a0\u00bb:33}}],\\\u00a0\u00bbduration\\\u00a0\u00bb:164},\\\u00a0\u00bblocation\\\u00a0\u00bb:\\\u00a0\u00bbNancy\\\u00a0\u00bb}}],\\\u00a0\u00bbpath\\\u00a0\u00bb:\\\u00a0\u00bbemissions\/l-info-d-ici-ici-lorraine-meurthe-et-moselle-et-vosges\/l-info-d-ici-de-8h30-ici-lorraine-7243647\\\u00a0\u00bb,\\\u00a0\u00bbvisual\\\u00a0\u00bb:{\\\u00a0\u00bbsquare\\\u00a0\u00bb:{\\\u00a0\u00bbjpg\\\u00a0\u00bb:[{\\\u00a0\u00bbw\\\u00a0\u00bb:120,\\\u00a0\u00bburl\\\u00a0\u00bb:\\\u00a0\u00bbhttps:\/\/www.francebleu.fr\/s3\/cruiser-production-eu3\/2025\/08\/6c12c8ac-5c1f-4c79-bf8a-6da5842eda77\/120x120_sc_linfo-dici-3000.jpg\\\u00a0\u00bb},{\\\u00a0\u00bbw\\\u00a0\u00bb:200,\\\u00a0\u00bburl\\\u00a0\u00bb:\\\u00a0\u00bbhttps:\/\/www.francebleu.fr\/s3\/cruiser-production-eu3\/2025\/08\/6c12c8ac-5c1f-4c79-bf8a-6da5842eda77\/200x200_sc_linfo-dici-3000.jpg\\\u00a0\u00bb},{\\\u00a0\u00bbw\\\u00a0\u00bb:400,\\\u00a0\u00bburl\\\u00a0\u00bb:\\\u00a0\u00bbhttps:\/\/www.francebleu.fr\/s3\/cruiser-production-eu3\/2025\/08\/6c12c8ac-5c1f-4c79-bf8a-6da5842eda77\/400x400_sc_linfo-dici-3000.jpg\\\u00a0\u00bb}],\\\u00a0\u00bbwebp\\\u00a0\u00bb:[{\\\u00a0\u00bbw\\\u00a0\u00bb:120,\\\u00a0\u00bburl\\\u00a0\u00bb:\\\u00a0\u00bbhttps:\/\/www.francebleu.fr\/s3\/cruiser-production-eu3\/2025\/08\/6c12c8ac-5c1f-4c79-bf8a-6da5842eda77\/120x120_sc_linfo-dici-3000.webp\\\u00a0\u00bb},{\\\u00a0\u00bbw\\\u00a0\u00bb:200,\\\u00a0\u00bburl\\\u00a0\u00bb:\\\u00a0\u00bbhttps:\/\/www.francebleu.fr\/s3\/cruiser-production-eu3\/2025\/08\/6c12c8ac-5c1f-4c79-bf8a-6da5842eda77\/200x200_sc_linfo-dici-3000.webp\\\u00a0\u00bb},{\\\u00a0\u00bbw\\\u00a0\u00bb:400,\\\u00a0\u00bburl\\\u00a0\u00bb:\\\u00a0\u00bbhttps:\/\/www.francebleu.fr\/s3\/cruiser-production-eu3\/2025\/08\/6c12c8ac-5c1f-4c79-bf8a-6da5842eda77\/400x400_sc_linfo-dici-3000.webp\\\u00a0\u00bb}]},\\\u00a0\u00bbnormal\\\u00a0\u00bb:{\\\u00a0\u00bbjpg\\\u00a0\u00bb:[{\\\u00a0\u00bbw\\\u00a0\u00bb:320,\\\u00a0\u00bburl\\\u00a0\u00bb:\\\u00a0\u00bbhttps:\/\/www.francebleu.fr\/s3\/cruiser-production-eu3\/2025\/09\/5bfe436e-1056-4560-a99d-d17dc11a034f\/320x170_sc_1084134-cjvwku5jyv-whr.jpg\\\u00a0\u00bb},{\\\u00a0\u00bbw\\\u00a0\u00bb:560,\\\u00a0\u00bburl\\\u00a0\u00bb:\\\u00a0\u00bbhttps:\/\/www.francebleu.fr\/s3\/cruiser-production-eu3\/2025\/09\/5bfe436e-1056-4560-a99d-d17dc11a034f\/560x315_sc_1084134-cjvwku5jyv-whr.jpg\\\u00a0\u00bb},{\\\u00a0\u00bbw\\\u00a0\u00bb:1200,\\\u00a0\u00bburl\\\u00a0\u00bb:\\\u00a0\u00bbhttps:\/\/www.francebleu.fr\/s3\/cruiser-production-eu3\/2025\/09\/5bfe436e-1056-4560-a99d-d17dc11a034f\/1200x680_sc_1084134-cjvwku5jyv-whr.jpg\\\u00a0\u00bb}],\\\u00a0\u00bbwebp\\\u00a0\u00bb:[{\\\u00a0\u00bbw\\\u00a0\u00bb:320,\\\u00a0\u00bburl\\\u00a0\u00bb:\\\u00a0\u00bbhttps:\/\/www.francebleu.fr\/s3\/cruiser-production-eu3\/2025\/09\/5bfe436e-1056-4560-a99d-d17dc11a034f\/320x170_sc_1084134-cjvwku5jyv-whr.webp\\\u00a0\u00bb},{\\\u00a0\u00bbw\\\u00a0\u00bb:560,\\\u00a0\u00bburl\\\u00a0\u00bb:\\\u00a0\u00bbhttps:\/\/www.francebleu.fr\/s3\/cruiser-production-eu3\/2025\/09\/5bfe436e-1056-4560-a99d-d17dc11a034f\/560x315_sc_1084134-cjvwku5jyv-whr.webp\\\u00a0\u00bb},{\\\u00a0\u00bbw\\\u00a0\u00bb:1200,\\\u00a0\u00bburl\\\u00a0\u00bb:\\\u00a0\u00bbhttps:\/\/www.francebleu.fr\/s3\/cruiser-production-eu3\/2025\/09\/5bfe436e-1056-4560-a99d-d17dc11a034f\/1200x680_sc_1084134-cjvwku5jyv-whr.webp\\\u00a0\u00bb}]},\\\u00a0\u00bbpreview\\\u00a0\u00bb:\\\u00a0\u00bbdata:image\/jpeg;base64,\/9j\/2wBDACgcHiMeGSgjISMtKygwPGRBPDc3PHtYXUlkkYCZlo+AjIqgtObDoKrarYqMyP\/L2u71\/\/\/\/m8H\/\/\/\/6\/+b9\/\/j\/2wBDASstLTw1PHZBQXb4pYyl+Pj4+Pj4+Pj4+Pj4+Pj4+Pj4+Pj4+Pj4+Pj4+Pj4+Pj4+Pj4+Pj4+Pj4+Pj4+Pj4+Pj\/wAARCAAqACoDASIAAhEBAxEB\/8QAGAAAAwEBAAAAAAAAAAAAAAAAAAECAwT\/xAAYEAEAAwEAAAAAAAAAAAAAAAAAARESAv\/EABYBAQEBAAAAAAAAAAAAAAAAAAABAv\/EABURAQEAAAAAAAAAAAAAAAAAAAAR\/9oADAMBAAIRAxEAPwDqsWz0NA0srRotA0srZz0WgToaRZWzVaaKek2UyUOei0mZTajQAMKCMAmSpRKP\/9k=\\\u00a0\u00bb,\\\u00a0\u00bblegend\\\u00a0\u00bb:\\\u00a0\u00bbLivre sur la Place 2025, premier jour sous le chapiteau\\\u00a0\u00bb,\\\u00a0\u00bbcopyright\\\u00a0\u00bb:\\\u00a0\u00bbRadio France\\\u00a0\u00bb,\\\u00a0\u00bbauthor\\\u00a0\u00bb:\\\u00a0\u00bbIsabelle Baudriller\\\u00a0\u00bb},\\\u00a0\u00bbmedia\\\u00a0\u00bb:{\\\u00a0\u00bbsources\\\u00a0\u00bb:[{\\\u00a0\u00bbbroadcastType\\\u00a0\u00bb:\\\u00a0\u00bbaod\\\u00a0\u00bb,\\\u00a0\u00bburl\\\u00a0\u00bb:\\\u00a0\u00bbhttps:\/\/media.radiofrance-podcast.net\/podcast09\/25438-13.09.2025-ITEMA_24245385-2025B53923S1256-NET_54A_8157DB94-A6EF-4FF9-B79B-23416BC644D1-21.mp3\\\u00a0\u00bb}],\\\u00a0\u00bbstartTime\\\u00a0\u00bb:1757745090,\\\u00a0\u00bbendTime\\\u00a0\u00bb:1757745253,\\\u00a0\u00bbtimeMap\\\u00a0\u00bb:[{\\\u00a0\u00bbdata\\\u00a0\u00bb:{\\\u00a0\u00bbstation\\\u00a0\u00bb:\\\u00a0\u00bbici Lorraine (Meurthe-et-Moselle et Vosges)\\\u00a0\u00bb,\\\u00a0\u00bbtitle\\\u00a0\u00bb:\\\u00a0\u00bbL&rsquo;info d&rsquo;ici, ici Lorraine (Meurthe-et-Moselle et Vosges)\\\u00a0\u00bb,\\\u00a0\u00bbdescription\\\u00a0\u00bb:\\\u00a0\u00bbLes \u00e9coliers nombreux pour profiter du premier jour du Livre sur la place \u00e0 Nancy\\\u00a0\u00bb,\\\u00a0\u00bbcover\\\u00a0\u00bb:\\\u00a0\u00bbhttps:\/\/www.francebleu.fr\/s3\/cruiser-production-eu3\/2025\/08\/6c12c8ac-5c1f-4c79-bf8a-6da5842eda77\/200x200_sc_linfo-dici-3000.jpg\\\u00a0\u00bb,\\\u00a0\u00bbcoverFallback\\\u00a0\u00bb:\\\u00a0\u00bbhttps:\/\/www.francebleu.fr\/s3\/cruiser-production-eu3\/2024\/12\/7d516a30-19b5-402f-87a9-5ea6150b2592\/400x400_sc_3d9c9a7d-8ad5-4751-bfa3-f15dfd6b700f-720.jpg\\\u00a0\u00bb,\\\u00a0\u00bbclipType\\\u00a0\u00bb:\\\u00a0\u00bbreecoute\\\u00a0\u00bb,\\\u00a0\u00bbxtn2\\\u00a0\u00bb:49,\\\u00a0\u00bbemission\\\u00a0\u00bb:{\\\u00a0\u00bbid\\\u00a0\u00bb:\\\u00a0\u00bbab42c4ca-728b-427e-92a1-7b2ed91cb83e\\\u00a0\u00bb,\\\u00a0\u00bbtitle\\\u00a0\u00bb:\\\u00a0\u00bbL&rsquo;info d&rsquo;ici, ici Lorraine (Meurthe-et-Moselle et Vosges)\\\u00a0\u00bb,\\\u00a0\u00bbbusinessReference\\\u00a0\u00bb:\\\u00a0\u00bb53923\\\u00a0\u00bb},\\\u00a0\u00bbdiffusion\\\u00a0\u00bb:{\\\u00a0\u00bbid\\\u00a0\u00bb:\\\u00a0\u00bb7506fd6d-7458-4f15-a808-a3a6b2a83171\\\u00a0\u00bb,\\\u00a0\u00bbtitle\\\u00a0\u00bb:\\\u00a0\u00bbLes \u00e9coliers nombreux pour profiter du premier jour du Livre sur la place \u00e0 Nancy\\\u00a0\u00bb},\\\u00a0\u00bbsiteId\\\u00a0\u00bb:56,\\\u00a0\u00bbconceptUuid\\\u00a0\u00bb:\\\u00a0\u00bbab42c4ca-728b-427e-92a1-7b2ed91cb83e\\\u00a0\u00bb,\\\u00a0\u00bbexpressionUuid\\\u00a0\u00bb:\\\u00a0\u00bb7506fd6d-7458-4f15-a808-a3a6b2a83171\\\u00a0\u00bb,\\\u00a0\u00bblocaleId\\\u00a0\u00bb:33}}],\\\u00a0\u00bbduration\\\u00a0\u00bb:163},\\\u00a0\u00bbconcept\\\u00a0\u00bb:{\\\u00a0\u00bbtitle\\\u00a0\u00bb:\\\u00a0\u00bbL&rsquo;info d&rsquo;ici, ici Lorraine (Meurthe-et-Moselle et Vosges)\\\u00a0\u00bb,\\\u00a0\u00bbpath\\\u00a0\u00bb:\\\u00a0\u00bbemissions\/l-info-d-ici-en-lorraine\\\u00a0\u00bb,\\\u00a0\u00bbid\\\u00a0\u00bb:\\\u00a0\u00bbab42c4ca-728b-427e-92a1-7b2ed91cb83e\\\u00a0\u00bb}}},\\\u00a0\u00bbdisplay\\\u00a0\u00bb:{\\\u00a0\u00bbnewsFlash\\\u00a0\u00bb:[],\\\u00a0\u00bbhighBanner\\\u00a0\u00bb:false}}\u00a0\u00bb}<\/p>\n","protected":false},"excerpt":{"rendered":"Livre sur la Place 2025, premier jour sous le chapiteau \u00a9 Radio France &#8211; Isabelle Baudriller Isabelle Baudriller&hellip;\n","protected":false},"author":2,"featured_media":387669,"comment_status":"","ping_status":"","sticky":false,"template":"","format":"standard","meta":{"footnotes":""},"categories":[9635],"tags":[1111,11,1777,674,1011,27,775,1702,12,25],"class_list":{"0":"post-387668","1":"post","2":"type-post","3":"status-publish","4":"format-standard","5":"has-post-thumbnail","7":"category-nancy","8":"tag-actu","9":"tag-actualites","10":"tag-eu","11":"tag-europe","12":"tag-fr","13":"tag-france","14":"tag-grand-est","15":"tag-nancy","16":"tag-news","17":"tag-republique-francaise"},"share_on_mastodon":{"url":"https:\/\/pubeurope.com\/@fr\/115196611182435465","error":""},"_links":{"self":[{"href":"https:\/\/www.europesays.com\/fr\/wp-json\/wp\/v2\/posts\/387668","targetHints":{"allow":["GET"]}}],"collection":[{"href":"https:\/\/www.europesays.com\/fr\/wp-json\/wp\/v2\/posts"}],"about":[{"href":"https:\/\/www.europesays.com\/fr\/wp-json\/wp\/v2\/types\/post"}],"author":[{"embeddable":true,"href":"https:\/\/www.europesays.com\/fr\/wp-json\/wp\/v2\/users\/2"}],"replies":[{"embeddable":true,"href":"https:\/\/www.europesays.com\/fr\/wp-json\/wp\/v2\/comments?post=387668"}],"version-history":[{"count":0,"href":"https:\/\/www.europesays.com\/fr\/wp-json\/wp\/v2\/posts\/387668\/revisions"}],"wp:featuredmedia":[{"embeddable":true,"href":"https:\/\/www.europesays.com\/fr\/wp-json\/wp\/v2\/media\/387669"}],"wp:attachment":[{"href":"https:\/\/www.europesays.com\/fr\/wp-json\/wp\/v2\/media?parent=387668"}],"wp:term":[{"taxonomy":"category","embeddable":true,"href":"https:\/\/www.europesays.com\/fr\/wp-json\/wp\/v2\/categories?post=387668"},{"taxonomy":"post_tag","embeddable":true,"href":"https:\/\/www.europesays.com\/fr\/wp-json\/wp\/v2\/tags?post=387668"}],"curies":[{"name":"wp","href":"https:\/\/api.w.org\/{rel}","templated":true}]}}