{"id":387674,"date":"2025-09-13T10:54:11","date_gmt":"2025-09-13T10:54:11","guid":{"rendered":"https:\/\/www.europesays.com\/fr\/387674\/"},"modified":"2025-09-13T10:54:11","modified_gmt":"2025-09-13T10:54:11","slug":"montpellier-rentree-du-terminal-1-nouveaux-horaires-nouvelles-saveurs","status":"publish","type":"post","link":"https:\/\/www.europesays.com\/fr\/387674\/","title":{"rendered":"Montpellier. Rentr\u00e9e du Terminal #1 : nouveaux horaires, nouvelles saveurs"},"content":{"rendered":"<p>            Par<br \/>\n        <strong><br \/>\n            <a href=\"https:\/\/actu.fr\/auteur\/metropoop\" title=\"Consulter tous les articles de R\u00e9daction M\u00e9tropolitain\" rel=\"nofollow noopener\" target=\"_blank\">R\u00e9daction M\u00e9tropolitain<\/a><br \/>\n        <\/strong><\/p>\n<p>        Publi\u00e9 le<\/p>\n<p>            13 sept. 2025 \u00e0 12h34        <\/p>\n<p>Install\u00e9 dans un ancien chai \u00e0 vin, <strong>Le Terminal, \u00e0 Montpellier<\/strong>, ouvre d\u00e9sormais <strong>tous les jours<\/strong> : du lundi au samedi, de 12h \u00e0 14h pour le d\u00e9jeuner et le soir, de 20h \u00e0 23h, pour le d\u00eener. Le dimanche, place \u00e0 un moment privil\u00e9gi\u00e9 autour du d\u00e9jeuner, de 12h \u00e0 14h. Ce lieu, qui allie <strong>charme et gastronomie contemporaine<\/strong>, offre<strong> une atmosph\u00e8re chaleureuse et conviviale<\/strong>, id\u00e9ale pour savourer chaque plat en famille ou entre amis.\u00a0<\/p>\n<p>Chaque saison inspire de nouvelles cr\u00e9ations\u00a0<\/p>\n<p class=\" wall-content\">Au Terminal, la cuisine\u00a0<strong>suit le rythme des saisons<\/strong>\u00a0et met en avant <strong>des\u00a0produits frais\u00a0et de qualit\u00e9<\/strong>. Nicolas Faujanet, accompagn\u00e9 de Jacques et Laurent Pourcel, s\u00e9lectionnent chaque ingr\u00e9dient avec soin et le transforment en plats savoureux. Dans chaque assiette se m\u00ealent l\u2019histoire du produit, sa fra\u00eecheur, sa saison, et celle des chefs qui le mettent en valeur.\u00a0<\/p>\n<p>    <a href=\"https:\/\/www.google.com\/maps\/embed?pb=!1m18!1m12!1m3!1d6170.702599406156!2d3.9040498763850406!3d43.592071471104965!2m3!1f0!2f0!3f0!3m2!1i1024!2i768!4f13.1!3m3!1m2!1s0x12b6a5602dc84333%3A0xd385f3a3c2cd9d04!2sTerminal%20%231!5e1!3m2!1sfr!2sfr!4v1757588548797!5m2!1sfr!2sfr\" title=\"Ouvrie le lien\" rel=\"nofollow noopener\" target=\"_blank\">Cliquez ici pour visualiser le contenu<\/a><\/p>\n<p class=\" wall-content\">Avec l\u2019arriv\u00e9e de ces nouveaux produits, la carte se renouvelle au fil des semaines, offrant\u00a0de nouvelles saveurs et de nouveaux plats. L\u2019occasion de\u00a0d\u00e9couvrir des go\u00fbts in\u00e9dits.\u00a0<\/p>\n<p><strong>&gt; Pratique :\u00a0<\/strong>Le Terminal #1, 1408 Avenue de la Mer, \u00e0 Montpellier. R\u00e9servations au 04 99 58 38 38 et \u00e0 <a href=\"https:\/\/actu.fr\/cdn-cgi\/l\/email-protection\" class=\"__cf_email__\" data-cfemail=\"740611071534001106191d1a1518041b01061711185a171b19\" rel=\"nofollow noopener\" target=\"_blank\">[email\u00a0protected]<\/a>. Parking priv\u00e9 \u00e0 disposition. \u00c9v\u00e8nements priv\u00e9s ou d\u2019entreprise possibles.\u00a0<\/p>\n<p class=\" wall-content\">Personnalisez votre actualit\u00e9 en ajoutant vos villes et m\u00e9dias en favori avec <a href=\"https:\/\/moncompte.actu.fr\" title=\"D\u00e9couvez Mon Actu\" rel=\"nofollow noopener\" data-trk=\"{&quot;cta&quot;:{&quot;action&quot;:&quot;https:\\\/\\\/moncompte.actu.fr&quot;,&quot;category&quot;:&quot;mon compte&quot;,&quot;from&quot;:&quot;article footer&quot;,&quot;name&quot;:&quot;Mon actu&quot;,&quot;type&quot;:&quot;cta&quot;}}\" target=\"_blank\">Mon Actu<\/a>.<\/p>\n","protected":false},"excerpt":{"rendered":"Par R\u00e9daction M\u00e9tropolitain Publi\u00e9 le 13 sept. 2025 \u00e0 12h34 Install\u00e9 dans un ancien chai \u00e0 vin, Le&hellip;\n","protected":false},"author":2,"featured_media":387675,"comment_status":"","ping_status":"","sticky":false,"template":"","format":"standard","meta":{"footnotes":""},"categories":[9599],"tags":[1111,11,1777,674,1011,27,2208,12,2680,25,104],"class_list":{"0":"post-387674","1":"post","2":"type-post","3":"status-publish","4":"format-standard","5":"has-post-thumbnail","7":"category-montpellier","8":"tag-actu","9":"tag-actualites","10":"tag-eu","11":"tag-europe","12":"tag-fr","13":"tag-france","14":"tag-montpellier","15":"tag-news","16":"tag-occitanie","17":"tag-republique-francaise","18":"tag-societe"},"share_on_mastodon":{"url":"https:\/\/pubeurope.com\/@fr\/115196622669812467","error":""},"_links":{"self":[{"href":"https:\/\/www.europesays.com\/fr\/wp-json\/wp\/v2\/posts\/387674","targetHints":{"allow":["GET"]}}],"collection":[{"href":"https:\/\/www.europesays.com\/fr\/wp-json\/wp\/v2\/posts"}],"about":[{"href":"https:\/\/www.europesays.com\/fr\/wp-json\/wp\/v2\/types\/post"}],"author":[{"embeddable":true,"href":"https:\/\/www.europesays.com\/fr\/wp-json\/wp\/v2\/users\/2"}],"replies":[{"embeddable":true,"href":"https:\/\/www.europesays.com\/fr\/wp-json\/wp\/v2\/comments?post=387674"}],"version-history":[{"count":0,"href":"https:\/\/www.europesays.com\/fr\/wp-json\/wp\/v2\/posts\/387674\/revisions"}],"wp:featuredmedia":[{"embeddable":true,"href":"https:\/\/www.europesays.com\/fr\/wp-json\/wp\/v2\/media\/387675"}],"wp:attachment":[{"href":"https:\/\/www.europesays.com\/fr\/wp-json\/wp\/v2\/media?parent=387674"}],"wp:term":[{"taxonomy":"category","embeddable":true,"href":"https:\/\/www.europesays.com\/fr\/wp-json\/wp\/v2\/categories?post=387674"},{"taxonomy":"post_tag","embeddable":true,"href":"https:\/\/www.europesays.com\/fr\/wp-json\/wp\/v2\/tags?post=387674"}],"curies":[{"name":"wp","href":"https:\/\/api.w.org\/{rel}","templated":true}]}}