{"id":387684,"date":"2025-09-13T11:02:25","date_gmt":"2025-09-13T11:02:25","guid":{"rendered":"https:\/\/www.europesays.com\/fr\/387684\/"},"modified":"2025-09-13T11:02:25","modified_gmt":"2025-09-13T11:02:25","slug":"space-sommet-de-lelevage-foire-de-chalons-la-belle-revanche-des-grands-rendez-vous","status":"publish","type":"post","link":"https:\/\/www.europesays.com\/fr\/387684\/","title":{"rendered":"Space, Sommet de l\u2019\u00e9levage, Foire de Ch\u00e2lons\u2026 La belle revanche des grands rendez-vous"},"content":{"rendered":"<p>100 000 personnes. Soit davantage qu\u2019il ne peut y en avoir au Stade de France. C\u2019est le nombre de visiteurs que s\u2019appr\u00eate \u00e0 accueillir<a href=\"https:\/\/www.ouest-france.fr\/economie\/agriculture\/space\/\" target=\"_self\" rel=\"nofollow noopener\"> le Space, le salon international de l\u2019\u00e9levage, \u00e0 Rennes<\/a>.<\/p>\n<p>D\u2019un bout \u00e0 l\u2019autre du pays, foires, salons, sommets ou traditionnels comices d\u00e9placent les foules. Champion toutes cat\u00e9gories de cette h\u00e9t\u00e9rog\u00e8ne galaxie de l\u2019\u00e9v\u00e9nementiel agricole, le Salon international de l\u2019agriculture a accueilli 607 000 visiteurs en d\u00e9but d\u2019ann\u00e9e \u00e0 Paris, se rapprochant des fr\u00e9quentations d\u2019avant-Covid.<\/p>\n<p><a href=\"https:\/\/evenements.ouest-france.fr\/agriculture\/programme\/\" target=\"_self\" rel=\"nofollow noopener\">D\u00e9couvrez le programme des Assises de l\u2019agriculture et de l\u2019alimentation<\/a><\/p>\n<p>La pand\u00e9mie a beaucoup questionn\u00e9 la pertinence de ces \u00e9v\u00e9nements. Si on pouvait communiquer \u00e0 distance, \u00e0 quoi bon des retrouvailles ?<strong> \u00ab Avec le Covid, on se disait que c\u2019\u00e9tait la fin des salons mais \u00e7a n\u2019a pas dur\u00e9. On a besoin de s\u2019y rendre pour monter sur un tracteur, voir les vaches, se retrouver \u00bb<\/strong> t\u00e9moigne Beno\u00eet Delaloy, commissaire g\u00e9n\u00e9ral du <a href=\"https:\/\/clermont.maville.com\/actu\/actudet_-vaccination-lactalis...-ce-qu-a-annonce-la-ministre-de-l-agriculture-au-sommet-de-l-elevage-_54135-6491433_actu.Htm?utm_source=troove&amp;utm_medium=site\" target=\"_self\" rel=\"nofollow noopener\">Sommet de l\u2019\u00e9levage, \u00e0 Clermont-Ferrand.<\/a> La vocation de ces rendez-vous aurait m\u00eame \u00e9t\u00e9 renforc\u00e9e ces derni\u00e8res ann\u00e9es, marqu\u00e9es par la crise agricole. <strong>\u00ab Nous sommes l\u00e0 pour rassembler une communaut\u00e9 \u00bb<\/strong> note Anne-Marie Qu\u00e9m\u00e9ner, commissaire g\u00e9n\u00e9rale du Space.<\/p>\n<p><strong>\u00ab L\u2019affluence le montre : le r\u00e9seau social le plus important, c\u2019est l\u2019humain \u00bb<\/strong> abonde Bertrand Le Coq, de l\u2019agence de communication Appaloosa, bas\u00e9e \u00e0 Morlaix.<\/p>\n<\/p>\n<p><strong>\u00ab Poster une vid\u00e9o, c\u2019est bien, mais vous ne pouvez pas interagir. Les salons permettent la rencontre \u00bb<\/strong> observe Alexis Roptin, vice-pr\u00e9sident des Jeunes agriculteurs en charge de la communication. Ce syndicat a beaucoup investi, ces derni\u00e8res ann\u00e9es, <a href=\"https:\/\/caen.maville.com\/actu\/actudet_--terres-de-jim-100-000-visiteurs-attendus-a-vieux-manoir-pres-de-rouen-_53511-6950150_actu.Htm?utm_source=troove&amp;utm_medium=site\" target=\"_self\" rel=\"nofollow noopener\">dans les Terres de Jim, nouveau nom donn\u00e9 \u00e0 la finale nationale de labour<\/a>. Le rendez-vous attend 100 000 spectateurs, ce week-end du 13 et 14 septembre, pr\u00e8s de Rouen.<\/p>\n<p>Retour sur investissement<\/p>\n<p>Un bel argument pour s\u00e9duire des exposants. Au-del\u00e0 de la simple billetterie d\u2019ailleurs, l\u2019\u00e9quilibre \u00e9conomique de ces rendez-vous repose bien sur la pr\u00e9sence des professionnels. Au Space, ils repr\u00e9sentent 98 % des recettes. Mais l\u2019Union fran\u00e7aise des m\u00e9tiers de l\u2019\u00e9v\u00e9nement pr\u00e9cise que pour un euro investi dans une foire ou salon, dix euros de chiffre d\u2019affaires sont r\u00e9alis\u00e9s en retour. <strong>\u00ab Rien ne remplace un salon et seule la France en a autant \u00bb<\/strong>, ajoute Anne-Marie Qu\u00e9m\u00e9ner, par ailleurs pr\u00e9sidente d\u2019Eurasco, l\u2019association des salons agricoles europ\u00e9ens.<\/p>\n<p>\t<img decoding=\"async\" src=\"https:\/\/www.europesays.com\/fr\/wp-content\/uploads\/2025\/09\/P35459554D6973766G_px_640_.jpg\" alt=\"photo en f\u00e9vrier 2024, le pr\u00e9sident emmanuel macron \u00e9tait venu en visite au salon de l\u2019agriculture de paris dans un contexte tr\u00e8s tendu.  \u00a9  mathieu pattier \/ ouest france\" width=\"640\" title=\" En f\u00e9vrier 2024, le Pr\u00e9sident Emmanuel Macron \u00e9tait venu en visite au Salon de l\u2019agriculture de Paris dans un contexte tr\u00e8s tendu.   MATHIEU PATTIER \/ OUEST FRANCE \"\/><\/p>\n<p class=\"elmt-legende\"> En f\u00e9vrier 2024, le Pr\u00e9sident Emmanuel Macron \u00e9tait venu en visite au Salon de l\u2019agriculture de Paris dans un contexte tr\u00e8s tendu.   MATHIEU PATTIER \/ OUEST FRANCE <\/p>\n<p>De quoi mettre tous ces rendez-vous en comp\u00e9tition ?<strong> \u00ab C\u2019est vrai qu\u2019on est un peu concurrents, car on s\u2019ins\u00e8re dans le m\u00eame budget communication des entreprises, qui peuvent \u00eatre amen\u00e9es \u00e0 faire des arbitrages \u00bb<\/strong> admet Beno\u00eet Delaloy, du Sommet de l\u2019\u00e9levage.<\/p>\n<p>De nombreux num\u00e9ro 1<\/p>\n<p>Alors les salons avancent leur <strong>\u00ab compl\u00e9mentarit\u00e9 \u00bb<\/strong>&#8230; tout en revendiquant chacun une place de num\u00e9ro 1 (de l\u2019\u00e9levage durable \u00e0 Clermont-Ferrand, multi fili\u00e8res d\u2019\u00e9levage \u00e0 Rennes, <strong>\u00ab plus grande ferme de France \u00bb<\/strong> \u00e0 Paris, <strong>\u00ab plus grande f\u00eate agricole en plein air d\u2019Europe \u00bb<\/strong> pour les JA\u2026). D\u2019autres mettent en avant leur rayonnement au-del\u00e0 des fronti\u00e8res, comme le Sival \u00e0 Angers, le Salon international des techniques de productions v\u00e9g\u00e9tales. Ou leur volont\u00e9 de faire \u00e9merger des solutions et de susciter le d\u00e9bat d\u2019id\u00e9es, telles l<a href=\"https:\/\/evenements.ouest-france.fr\/agriculture\" target=\"_self\" rel=\"nofollow noopener\">es Assises nationales de l\u2019agriculture et de l\u2019alimentation,<\/a> organis\u00e9es par Ouest-France le 25 novembre.<\/p>\n<p>Des \u00e9v\u00e9nements, enfin, se sp\u00e9cialisent. <strong>\u00ab On a une agriculture de plus en plus pointue,<\/strong> observe Bertrand Le Coq. <strong>Cela am\u00e8ne l\u2019\u00e9mergence de nouveaux salons : Tech &amp; bio (Dr\u00f4me), Capr\u2019Inov (Deux-S\u00e8vres)\u2026 \u00bb<\/strong><\/p>\n<p>Preuve de la vitalit\u00e9 et de la popularit\u00e9 de cet agenda, <a href=\"https:\/\/paris.maville.com\/actu\/actudet_-pourquoi-tant-de-leaders-politiques-se-rendent-ils-a-la-foire-de-chalons-en-champagne-_54135-6951275_actu.Htm\" target=\"_self\" rel=\"nofollow noopener\">l\u2019engouement des leaders politiques ou syndicaux <\/a>qui viennent \u00e9changer, prendre des selfies, faire des annonces. Au-del\u00e0 du business et de l\u2019ambiance, les salons sont aussi cette caisse de r\u00e9sonance.<\/p>\n<p>\u00a0<\/p>\n","protected":false},"excerpt":{"rendered":"100 000 personnes. Soit davantage qu\u2019il ne peut y en avoir au Stade de France. C\u2019est le nombre&hellip;\n","protected":false},"author":2,"featured_media":387685,"comment_status":"","ping_status":"","sticky":false,"template":"","format":"standard","meta":{"footnotes":""},"categories":[2821],"tags":[1111,11,14531,1438,6041,829,52029,19398,1777,674,4434,1011,27,4058,12,12407,584,25,19901,2764,23484],"class_list":{"0":"post-387684","1":"post","2":"type-post","3":"status-publish","4":"format-standard","5":"has-post-thumbnail","7":"category-rennes","8":"tag-actu","9":"tag-actualites","10":"tag-agricoles","11":"tag-angers","12":"tag-belle","13":"tag-bretagne","14":"tag-chalons","15":"tag-elevage","16":"tag-eu","17":"tag-europe","18":"tag-foire","19":"tag-fr","20":"tag-france","21":"tag-grands","22":"tag-news","23":"tag-rendez-vous","24":"tag-rennes","25":"tag-republique-francaise","26":"tag-revanche","27":"tag-sommet","28":"tag-space"},"share_on_mastodon":{"url":"https:\/\/pubeurope.com\/@fr\/115196654372177579","error":""},"_links":{"self":[{"href":"https:\/\/www.europesays.com\/fr\/wp-json\/wp\/v2\/posts\/387684","targetHints":{"allow":["GET"]}}],"collection":[{"href":"https:\/\/www.europesays.com\/fr\/wp-json\/wp\/v2\/posts"}],"about":[{"href":"https:\/\/www.europesays.com\/fr\/wp-json\/wp\/v2\/types\/post"}],"author":[{"embeddable":true,"href":"https:\/\/www.europesays.com\/fr\/wp-json\/wp\/v2\/users\/2"}],"replies":[{"embeddable":true,"href":"https:\/\/www.europesays.com\/fr\/wp-json\/wp\/v2\/comments?post=387684"}],"version-history":[{"count":0,"href":"https:\/\/www.europesays.com\/fr\/wp-json\/wp\/v2\/posts\/387684\/revisions"}],"wp:featuredmedia":[{"embeddable":true,"href":"https:\/\/www.europesays.com\/fr\/wp-json\/wp\/v2\/media\/387685"}],"wp:attachment":[{"href":"https:\/\/www.europesays.com\/fr\/wp-json\/wp\/v2\/media?parent=387684"}],"wp:term":[{"taxonomy":"category","embeddable":true,"href":"https:\/\/www.europesays.com\/fr\/wp-json\/wp\/v2\/categories?post=387684"},{"taxonomy":"post_tag","embeddable":true,"href":"https:\/\/www.europesays.com\/fr\/wp-json\/wp\/v2\/tags?post=387684"}],"curies":[{"name":"wp","href":"https:\/\/api.w.org\/{rel}","templated":true}]}}