{"id":387694,"date":"2025-09-13T11:07:12","date_gmt":"2025-09-13T11:07:12","guid":{"rendered":"https:\/\/www.europesays.com\/fr\/387694\/"},"modified":"2025-09-13T11:07:12","modified_gmt":"2025-09-13T11:07:12","slug":"douvreuse-a-chroniqueuse-sur-france-inter-lhumoriste-emma-bojan-arrive-sur-scene-a-saint-paul-de-vence-nice-et-toulon","status":"publish","type":"post","link":"https:\/\/www.europesays.com\/fr\/387694\/","title":{"rendered":"D\u2019ouvreuse \u00e0 chroniqueuse sur France Inter, l\u2019humoriste Emma Bojan arrive sur sc\u00e8ne \u00e0 Saint-Paul de Vence, Nice et Toulon"},"content":{"rendered":"<p>Elle n\u2019a pas encore 25 ans, pourtant Emma Bojan fait des chroniques sur les ondes de France Inter, cumule plus de 200.000 abonn\u00e9s sur ses r\u00e9seaux sociaux et tourne dans toute la France avec son premier spectacle Attends-moi j\u2019arrive, \u00e0 voir le 25 octobre \u00e0 Nice et le 13 d\u00e9cembre \u00e0 Toulon. Et avant, ce samedi 13 septembre, elle sera au festival Les Remparts du Rire, \u00e0 Saint-Paul-de-Vence.<\/p>\n<p><strong>Votre premier spectacle s\u2019appelle Attends-moi j\u2019arrive. C\u2019est du stand-up?<\/strong><\/p>\n<p>Pas vraiment. J\u2019ai commenc\u00e9 par les plateaux et les comedy clubs, mais j\u2019ai arr\u00eat\u00e9 parce que je trouvais \u00e7a trop dur de jouer cinq fois par soir. Dans le spectacle, je fais des vannes, bien s\u00fbr, et je parle au public comme une stand-uppeuse, mais j\u2019y mets aussi de la musique, des personnages, des textes plus po\u00e9tiques. C\u2019est un spectacle qui est en mouvement et qui bouge, comme moi. Chaque soir, j\u2019essaie quelque chose de nouveau: parfois sans micro, parfois avec de la vid\u00e9o, parfois juste en jouant sur le texte&#8230;<\/p>\n<p><strong>Vous \u00eates pass\u00e9e d\u2019ouvreuse dans un th\u00e9\u00e2tre \u00e0 chroniqueuse sur les ondes de France Inter. Comment s\u2019est fait ce chemin?<\/strong><\/p>\n<p>J\u2019avais dit que j\u2019\u00e9tais int\u00e9ress\u00e9e par l\u2019id\u00e9e de monter sur sc\u00e8ne. J\u2019ai fait quelques essais, et je me suis rapidement retrouv\u00e9e \u00e0 faire les premi\u00e8res parties d\u2019Alexis Le Rossignol. Un peu plus tard, Marina Rollman est tomb\u00e9e sur une de mes vid\u00e9os sur Instagram, et Alexis, qui me connaissait d\u00e9j\u00e0 et qui faisait d\u00e9j\u00e0 des chroniques \u00e0 la radio, a transmis mon num\u00e9ro. C\u2019est comme \u00e7a que je me suis retrouv\u00e9e \u00e0 France Inter. C\u2019est une chance \u00e9norme, et c\u2019est aussi tr\u00e8s symbolique. \u00c0 l\u2019\u00e9cole, quand on me demandait ce que je voulais faire plus tard, j\u2019\u00e9crivais \u00ab\u00a0faire des chroniques \u00e0 la radio\u00a0\u00bb!<\/p>\n<p><strong>Vous semblez \u00e9galement tr\u00e8s \u00e0 l\u2019aise sur vos comptes Instagram et TikTok. Quel rapport entretenez-vous avec les r\u00e9seaux sociaux?<\/strong><\/p>\n<p>Je ne suis clairement pas dans la strat\u00e9gie. J\u2019aimerais trop \u00eatre une femme de myst\u00e8re, mais ce n\u2019est pas moi. Je ne poste jamais par obligation: d\u00e8s que \u00e7a devient forc\u00e9, j\u2019arr\u00eate. Ce que j\u2019aime, c\u2019est la spontan\u00e9it\u00e9 et la proximit\u00e9. Quand je croise des abonn\u00e9s, ils me tutoient tout de suite. J\u2019ai ce truc de la bonne copine marrante, et \u00e7a me va tr\u00e8s bien.<\/p>\n<p>Samedi 13 septembre \u00e0 Saint-Paul-de-Vence pour Les Remparts du Rire. De 24,50 \u00e0 29,50 euros.<br \/>&#13;<br \/>\nSamedi 25 octobre \u00e0 la Nouvelle Com\u00e9die, \u00e0 Nice. 24 euros<br \/>&#13;<br \/>\nSamedi 13 d\u00e9cembre au th\u00e9\u00e2tre Le Colbert, \u00e0 Toulon. 24euros.<\/p>\n","protected":false},"excerpt":{"rendered":"Elle n\u2019a pas encore 25 ans, pourtant Emma Bojan fait des chroniques sur les ondes de France Inter,&hellip;\n","protected":false},"author":2,"featured_media":387695,"comment_status":"","ping_status":"","sticky":false,"template":"","format":"standard","meta":{"footnotes":""},"categories":[2819],"tags":[1111,11,251,1777,674,1011,27,708,12,2401,882,25],"class_list":{"0":"post-387694","1":"post","2":"type-post","3":"status-publish","4":"format-standard","5":"has-post-thumbnail","7":"category-nice","8":"tag-actu","9":"tag-actualites","10":"tag-culture","11":"tag-eu","12":"tag-europe","13":"tag-fr","14":"tag-france","15":"tag-humour","16":"tag-news","17":"tag-nice","18":"tag-provence-alpes-cote-dazur","19":"tag-republique-francaise"},"share_on_mastodon":{"url":"https:\/\/pubeurope.com\/@fr\/115196673775875656","error":""},"_links":{"self":[{"href":"https:\/\/www.europesays.com\/fr\/wp-json\/wp\/v2\/posts\/387694","targetHints":{"allow":["GET"]}}],"collection":[{"href":"https:\/\/www.europesays.com\/fr\/wp-json\/wp\/v2\/posts"}],"about":[{"href":"https:\/\/www.europesays.com\/fr\/wp-json\/wp\/v2\/types\/post"}],"author":[{"embeddable":true,"href":"https:\/\/www.europesays.com\/fr\/wp-json\/wp\/v2\/users\/2"}],"replies":[{"embeddable":true,"href":"https:\/\/www.europesays.com\/fr\/wp-json\/wp\/v2\/comments?post=387694"}],"version-history":[{"count":0,"href":"https:\/\/www.europesays.com\/fr\/wp-json\/wp\/v2\/posts\/387694\/revisions"}],"wp:featuredmedia":[{"embeddable":true,"href":"https:\/\/www.europesays.com\/fr\/wp-json\/wp\/v2\/media\/387695"}],"wp:attachment":[{"href":"https:\/\/www.europesays.com\/fr\/wp-json\/wp\/v2\/media?parent=387694"}],"wp:term":[{"taxonomy":"category","embeddable":true,"href":"https:\/\/www.europesays.com\/fr\/wp-json\/wp\/v2\/categories?post=387694"},{"taxonomy":"post_tag","embeddable":true,"href":"https:\/\/www.europesays.com\/fr\/wp-json\/wp\/v2\/tags?post=387694"}],"curies":[{"name":"wp","href":"https:\/\/api.w.org\/{rel}","templated":true}]}}