{"id":387696,"date":"2025-09-13T11:08:11","date_gmt":"2025-09-13T11:08:11","guid":{"rendered":"https:\/\/www.europesays.com\/fr\/387696\/"},"modified":"2025-09-13T11:08:11","modified_gmt":"2025-09-13T11:08:11","slug":"la-route-nest-pas-un-circuit-de-formule-1-les-gendarmes-bloquent-des-rodeos-pres-de","status":"publish","type":"post","link":"https:\/\/www.europesays.com\/fr\/387696\/","title":{"rendered":"\u00ab\u00a0La route n\u2019est pas un circuit de Formule 1\u00a0\u00bb\u00a0: les gendarmes bloquent des rod\u00e9os pr\u00e8s de"},"content":{"rendered":"<p>Les gendarmes \u00e9taient sur le qui-vive. Ils savaient que quelque chose se tramait.<\/p>\n<p>Quelque chose\u00a0? Un rassemblement de pilotes amateurs de sensations fortes, bien d\u00e9cid\u00e9s \u00e0 faire chauffer le bitume. Seulement voil\u00e0\u00a0: sous une pluie battante, pendant une bonne partie de la nuit, les militaires ont contrari\u00e9 leur projet jusqu\u2019\u00e0 les d\u00e9courager.<\/p>\n<p> <a href=\"https:\/\/nantes.maville.com\/actu\/actudet_-des-rodeos-urbains-evites-autour-de-nantes-grace-a-l-action-coordonnee-de-la-police-et-des-gendarmes-_8-6952900_actu.Htm\" target=\"_blank\" rel=\"noopener\">+ LIRE AUSSI\u00a0: \u00ab\u00a0Des rod\u00e9os urbains \u00e9vit\u00e9s autour de Nantes gr\u00e2ce \u00e0 l\u2019action coordonn\u00e9e de la police et des gendarmes\u00a0\u00bb<\/a> <\/p>\n<p>Rendez-vous avait d\u2019abord \u00e9t\u00e9 donn\u00e9 \u00e0 21\u00a0h\u00a030 au sud de Nantes, \u00e0 Basse-Goulaine. Probl\u00e8me pour les conducteurs de \u00a0quinze \u00e0 vingt voitures\u00a0 ayant converg\u00e9 \u00e0 cette adresse\u00a0: les gendarmes \u00e9taient d\u00e9j\u00e0 l\u00e0. Demi-tour.<\/p>\n<p>Les gendarmes \u00e9taient toujours l\u00e0<\/p>\n<p>En guise de plan B, les automobilistes esp\u00e9raient pouvoir se concentrer sur La Chevroli\u00e8re ou sur Les Sorini\u00e8res. Mais il y avait du \u00a0bleu\u00a0, l\u00e0 encore, au bord des routes. Encore rat\u00e9.<\/p>\n<p>Visiblement tr\u00e8s motiv\u00e9es, les voitures ont alors fil\u00e9 vers le nord, \u00e0 Cou\u00ebron, puis vers Treilli\u00e8res, peu avant 2\u00a0heures du matin. Mais \u00e0 chaque fois, les militaires &#8211; qu\u2019ils soient venus des compagnies de Rez\u00e9 ou de Nantes &#8211; \u00e9taient dans leurs r\u00e9troviseurs.<\/p>\n<p>Au final, le rendez-vous a capot\u00e9. \u00a0Les routes ne sont pas des circuits de Formule 1\u00a0, rappelle ce samedi matin un gendarme. \u00a0On le sait\u00a0: ces rod\u00e9os peuvent \u00eatre dangereux.\u00a0<\/p>\n<p>\u00ab\u00a0Les rod\u00e9os ne sont pas un jeu\u00a0\u00bb<\/p>\n<p>\u00a0Les rod\u00e9os urbains ne sont pas un jeu\u00a0, pouvait-on \u00e9galement lire sur la page Facebook de la gendarmerie au mois d\u2019ao\u00fbt dernier. \u00a0Ils mettent en danger la vie du conducteur comme celle des autres, perturbent la tranquillit\u00e9 des habitants et sont s\u00e9v\u00e8rement sanctionn\u00e9s par la loi\u00a0.<\/p>\n<p>\u00a0<\/p>\n","protected":false},"excerpt":{"rendered":"Les gendarmes \u00e9taient sur le qui-vive. Ils savaient que quelque chose se tramait. Quelque chose\u00a0? Un rassemblement de&hellip;\n","protected":false},"author":2,"featured_media":387697,"comment_status":"","ping_status":"","sticky":false,"template":"","format":"standard","meta":{"footnotes":""},"categories":[2818],"tags":[12106,1111,11,23303,14106,1777,674,6796,1011,27,13369,766,12,2636,3762,25,52030,209],"class_list":{"0":"post-387696","1":"post","2":"type-post","3":"status-publish","4":"format-standard","5":"has-post-thumbnail","7":"category-nantes","8":"tag-12106","9":"tag-actu","10":"tag-actualites","11":"tag-bloquent","12":"tag-circuit","13":"tag-eu","14":"tag-europe","15":"tag-formule","16":"tag-fr","17":"tag-france","18":"tag-gendarmes","19":"tag-nantes","20":"tag-news","21":"tag-pays-de-la-loire","22":"tag-pres","23":"tag-republique-francaise","24":"tag-rodeos","25":"tag-route"},"share_on_mastodon":{"url":"https:\/\/pubeurope.com\/@fr\/115196677713114632","error":""},"_links":{"self":[{"href":"https:\/\/www.europesays.com\/fr\/wp-json\/wp\/v2\/posts\/387696","targetHints":{"allow":["GET"]}}],"collection":[{"href":"https:\/\/www.europesays.com\/fr\/wp-json\/wp\/v2\/posts"}],"about":[{"href":"https:\/\/www.europesays.com\/fr\/wp-json\/wp\/v2\/types\/post"}],"author":[{"embeddable":true,"href":"https:\/\/www.europesays.com\/fr\/wp-json\/wp\/v2\/users\/2"}],"replies":[{"embeddable":true,"href":"https:\/\/www.europesays.com\/fr\/wp-json\/wp\/v2\/comments?post=387696"}],"version-history":[{"count":0,"href":"https:\/\/www.europesays.com\/fr\/wp-json\/wp\/v2\/posts\/387696\/revisions"}],"wp:featuredmedia":[{"embeddable":true,"href":"https:\/\/www.europesays.com\/fr\/wp-json\/wp\/v2\/media\/387697"}],"wp:attachment":[{"href":"https:\/\/www.europesays.com\/fr\/wp-json\/wp\/v2\/media?parent=387696"}],"wp:term":[{"taxonomy":"category","embeddable":true,"href":"https:\/\/www.europesays.com\/fr\/wp-json\/wp\/v2\/categories?post=387696"},{"taxonomy":"post_tag","embeddable":true,"href":"https:\/\/www.europesays.com\/fr\/wp-json\/wp\/v2\/tags?post=387696"}],"curies":[{"name":"wp","href":"https:\/\/api.w.org\/{rel}","templated":true}]}}