{"id":387700,"date":"2025-09-13T11:10:11","date_gmt":"2025-09-13T11:10:11","guid":{"rendered":"https:\/\/www.europesays.com\/fr\/387700\/"},"modified":"2025-09-13T11:10:11","modified_gmt":"2025-09-13T11:10:11","slug":"pourquoi-la-porte-cailhau-batiment-emblematique-de-bordeaux-va-silluminer-en-or","status":"publish","type":"post","link":"https:\/\/www.europesays.com\/fr\/387700\/","title":{"rendered":"Pourquoi la porte Cailhau, b\u00e2timent embl\u00e9matique de Bordeaux, va s&rsquo;illuminer en or"},"content":{"rendered":"<p>            Par<br \/>\n        <strong><br \/>\n            <a href=\"https:\/\/actu.fr\/auteur\/redaction-bordeaux\" title=\"Consulter tous les articles de R\u00e9daction Bordeaux\" target=\"_blank\" rel=\"noopener\">R\u00e9daction Bordeaux<\/a><br \/>\n        <\/strong><\/p>\n<p>        Publi\u00e9 le<\/p>\n<p>            13 sept. 2025 \u00e0 12h16        <\/p>\n<p>Les touristes, promeneurs et autres curieux verront la porte Cailhau <strong>s\u2019illuminer en or<\/strong> ce samedi 13 septembre 2025 <a href=\"https:\/\/actu.fr\/bordeaux\/\" target=\"_blank\" rel=\"noopener\">\u00e0 Bordeaux.<\/a> Pas besoin de se poser la question trop longtemps : c\u2019est pour la bonne cause. Le b\u00e2timent situ\u00e9 place du palais est \u00e9clair\u00e9 dans le cadre de Septembre en or, le mois de sensibilisation aux cancers p\u00e9diatriques.\u00a0<\/p>\n<p class=\" wall-content\">Chaque ann\u00e9e, l\u2019objectif de ce mois est de \u00ab\u00a0sensibiliser \u00e0 la r\u00e9alit\u00e9 des cancers p\u00e9diatriques, <strong>soutenir la recherche<\/strong> et rendre hommage aux enfants et adolescents concern\u00e9s\u00a0\u00bb, rappelle la Soci\u00e9t\u00e9 Fran\u00e7aise de lutte contre les Cancers et leuc\u00e9mies de l\u2019Enfant et de l\u2019adolescent (SFCE).\u00a0<\/p>\n<p>Des surprises \u00e0 Bordeaux<\/p>\n<p class=\" wall-content\">Dans <strong>treize grandes villes fran\u00e7aises,<\/strong> un monument embl\u00e9matique a \u00e9t\u00e9 s\u00e9lectionn\u00e9 pour faire \u00ab\u00a0briller l\u2019or de l\u2019espoir\u00a0\u00bb par la SFCE en partenariat avec le collectif Gravir &amp; Unapecle. C\u2019est donc la porte Cailhau qui sera mise en avant <a href=\"https:\/\/sf-cancers-enfant.com\/bordeaux-septembre-en-or-2025-illumination-de-la-place-cailhau\/\" target=\"_blank\" rel=\"noopener\">\u00e0 Bordeaux<\/a>\u00a0: elle doit \u00eatre illumin\u00e9e en or \u00e0 20h30.<\/p>\n<p class=\" wall-content\">Mais ce n\u2019est pas l\u2019unique action du jour. Le public a rendez-vous d\u00e8s 19h45 sur la place du Palais. Le Dr Anne-Notz, cheffe du service d\u2019h\u00e9matologie, oncologie et soins palliatifs p\u00e9diatrique <a href=\"https:\/\/www.facebook.com\/CHUBordeaux\" target=\"_blank\" rel=\"noopener\">du CHU de Bordeaux<\/a> introduira l\u2019\u00e9v\u00e8nement puis de <strong>nombreuses animations sont pr\u00e9vues.<\/strong> Danses, spectacle, prestation de l\u2019\u00e9cole du cirque de <a href=\"https:\/\/actu.fr\/nouvelle-aquitaine\/villenave-d-ornon_33550\" target=\"_blank\" rel=\"noopener\">Villenave-d\u2019Ornon<\/a> et bien d\u2019autres surprises sont au programme.\u00a0<\/p>\n<p class=\" wall-content\">Personnalisez votre actualit\u00e9 en ajoutant vos villes et m\u00e9dias en favori avec <a href=\"https:\/\/moncompte.actu.fr\" title=\"D\u00e9couvez Mon Actu\" rel=\"nofollow noopener\" data-trk=\"{&quot;cta&quot;:{&quot;action&quot;:&quot;https:\\\/\\\/moncompte.actu.fr&quot;,&quot;category&quot;:&quot;mon compte&quot;,&quot;from&quot;:&quot;article footer&quot;,&quot;name&quot;:&quot;Mon actu&quot;,&quot;type&quot;:&quot;cta&quot;}}\" target=\"_blank\">Mon Actu<\/a>.<\/p>\n","protected":false},"excerpt":{"rendered":"Par R\u00e9daction Bordeaux Publi\u00e9 le 13 sept. 2025 \u00e0 12h16 Les touristes, promeneurs et autres curieux verront la&hellip;\n","protected":false},"author":2,"featured_media":387701,"comment_status":"","ping_status":"","sticky":false,"template":"","format":"standard","meta":{"footnotes":""},"categories":[2817],"tags":[1111,11,1997,101,1777,674,1011,27,12,2219,25,71,104,3400],"class_list":{"0":"post-387700","1":"post","2":"type-post","3":"status-publish","4":"format-standard","5":"has-post-thumbnail","7":"category-bordeaux","8":"tag-actu","9":"tag-actualites","10":"tag-bordeaux","11":"tag-cancer","12":"tag-eu","13":"tag-europe","14":"tag-fr","15":"tag-france","16":"tag-news","17":"tag-nouvelle-aquitaine","18":"tag-republique-francaise","19":"tag-sante","20":"tag-societe","21":"tag-solidarite"},"share_on_mastodon":{"url":"https:\/\/pubeurope.com\/@fr\/115196685491123670","error":""},"_links":{"self":[{"href":"https:\/\/www.europesays.com\/fr\/wp-json\/wp\/v2\/posts\/387700","targetHints":{"allow":["GET"]}}],"collection":[{"href":"https:\/\/www.europesays.com\/fr\/wp-json\/wp\/v2\/posts"}],"about":[{"href":"https:\/\/www.europesays.com\/fr\/wp-json\/wp\/v2\/types\/post"}],"author":[{"embeddable":true,"href":"https:\/\/www.europesays.com\/fr\/wp-json\/wp\/v2\/users\/2"}],"replies":[{"embeddable":true,"href":"https:\/\/www.europesays.com\/fr\/wp-json\/wp\/v2\/comments?post=387700"}],"version-history":[{"count":0,"href":"https:\/\/www.europesays.com\/fr\/wp-json\/wp\/v2\/posts\/387700\/revisions"}],"wp:featuredmedia":[{"embeddable":true,"href":"https:\/\/www.europesays.com\/fr\/wp-json\/wp\/v2\/media\/387701"}],"wp:attachment":[{"href":"https:\/\/www.europesays.com\/fr\/wp-json\/wp\/v2\/media?parent=387700"}],"wp:term":[{"taxonomy":"category","embeddable":true,"href":"https:\/\/www.europesays.com\/fr\/wp-json\/wp\/v2\/categories?post=387700"},{"taxonomy":"post_tag","embeddable":true,"href":"https:\/\/www.europesays.com\/fr\/wp-json\/wp\/v2\/tags?post=387700"}],"curies":[{"name":"wp","href":"https:\/\/api.w.org\/{rel}","templated":true}]}}