{"id":387708,"date":"2025-09-13T11:14:20","date_gmt":"2025-09-13T11:14:20","guid":{"rendered":"https:\/\/www.europesays.com\/fr\/387708\/"},"modified":"2025-09-13T11:14:20","modified_gmt":"2025-09-13T11:14:20","slug":"carte-mouvement-bloquons-tout-a-quoi-sattendre-ce-week-end-en-france","status":"publish","type":"post","link":"https:\/\/www.europesays.com\/fr\/387708\/","title":{"rendered":"CARTE. Mouvement \u00ab\u00a0Bloquons tout\u00a0\u00bb\u00a0: \u00e0 quoi s\u2019attendre ce week-end en France\u00a0?"},"content":{"rendered":"<p>Le mouvement \u00ab\u00a0Bloquons tout\u00a0\u00bb est bien d\u00e9cid\u00e9 \u00e0 se poursuivre, apr\u00e8s un premier acte le mercredi <a href=\"https:\/\/rennes.maville.com\/actu\/actudet_-actions-barrages-manifestations...-premier-bilan-des-mobilisations-a-l-appel-de-bloquons-tout-_52674-6969529_actu.Htm\" target=\"_self\" rel=\"noopener\">10\u00a0septembre<\/a> 2025. Les diff\u00e9rentes actions ont mobilis\u00e9 200\u00a0000\u00a0personnes, selon une estimation du minist\u00e8re de l\u2019Int\u00e9rieur. <a href=\"https:\/\/rennes.maville.com\/actu\/actudet_-infographies.-200-000-participants-a-bloquons-tout-est-ce-mieux-que-les-autres-mobilisations-_54135-6971057_actu.Htm\" target=\"_self\" rel=\"noopener\">C\u2019est plus que les cort\u00e8ges habituels du 1er\u00a0mai<\/a>.<\/p>\n<p>En attendant un prochain grand rendez-vous le jeudi 18\u00a0septembre, accompagn\u00e9 de gr\u00e8ves et de manifestations de l\u2019intersyndicale, des actions sont pr\u00e9vues un peu partout en France ce week-end, m\u00eame si de nombreux groupes se r\u00e9servent pour la semaine prochaine.<\/p>\n<p>Le mouvement se veut populaire et sans hi\u00e9rarchie, et n\u2019a pas de figures ou de porte-parole. Il n\u2019est donc pas forc\u00e9ment tr\u00e8s simple d\u2019anticiper et de recenser les actions engag\u00e9es. Les participants \u00e9changent entre eux et pr\u00e9parent les mobilisations <a href=\"https:\/\/rennes.maville.com\/actu\/actudet_-carte.-bloquons-tout-le-10-septembre-ce-que-dit-la-localisation-des-groupes-d-organisation-_54135-6963216_actu.Htm\" target=\"_self\" rel=\"noopener\"> via les messageries Telegram et Signal,<\/a> dans des groupes de discussions r\u00e9gionaux, d\u00e9partementaux ou locaux.<\/p>\n<p><strong>Lire aussi\u00a0:<\/strong> <a href=\"https:\/\/rennes.maville.com\/actu\/actudet_-editorial.-un-blocage-avant-tout-politique-_54135-6970329_actu.Htm\" target=\"_self\" rel=\"noopener\">\u00c9DITORIAL. Un blocage avant tout politique<\/a><\/p>\n<p>Des assembl\u00e9es g\u00e9n\u00e9rales<\/p>\n<p>Dans de nombreux groupes, il n\u2019y a pas d\u2019action pr\u00e9vue pour ce week-end, car beaucoup se r\u00e9servent pour les assembl\u00e9es g\u00e9n\u00e9rales pr\u00e9paratoires des actions de jeudi prochain. Toutefois, un peu plus de cinquante rassemblements sont fix\u00e9s dans diff\u00e9rents territoires pour ce week-end des 13 et 14\u00a0septembre.<\/p>\n<p>Ouest-France a recens\u00e9 ces derni\u00e8res actions annonc\u00e9es via les diff\u00e9rents groupes Telegram et Signal. La carte ci-dessous ne pr\u00e9tend pas \u00eatre exhaustive. Rien ne garantit non plus qu\u2019un \u00e9v\u00e9nement annonc\u00e9 se tienne vraiment\u00a0:<\/p>\n<\/p>\n<p>Pour ce week-end, une cinquantaine de villes accueilleront des actions. Dans l\u2019Ouest, la pression ne retombe pas, notamment \u00e0 <a href=\"https:\/\/rennes.maville.com\/actu\/actudet_--bloquons-tout-a-rennes-des-rassemblements-annonces-a-proximite-des-centres-commerciaux-samedi-_7-6972467_actu.Htm\" target=\"_self\" rel=\"noopener\">Rennes<\/a>, <a href=\"https:\/\/vannes.maville.com\/actu\/actudet_-a-vannes-le-mouvement-bloquons-tout-organise-un-rassemblement-samedi-13-septembre-_12-6972376_actu.Htm\" target=\"_self\" rel=\"noopener\">Vannes<\/a> et <a href=\"https:\/\/nantes.maville.com\/actu\/actudet_--bloquons-tout-a-nantes-trams-et-bus-perturbes-en-raison-d-une-nouvelle-manifestation-samedi-_8-6972603_actu.Htm\" target=\"_self\" rel=\"noopener\">Nantes<\/a>. Des manifestations sont \u00e9galement organis\u00e9es \u00e0 Lille, Toulouse, Orl\u00e9ans\u2026 \u00c0 Bordeaux, deux manifestations sont pr\u00e9vues samedi et dimanche pour protester contre la venue de Marine Le\u00a0Pen et Jordan Bardella \u00e0 l\u2019universit\u00e9 d\u2019\u00e9t\u00e9 du <a href=\"https:\/\/www.ouest-france.fr\/politique\/rassemblement-national\/\" target=\"_self\" rel=\"noopener\">Rassemblement national<\/a>.<\/p>\n<p>Pour les autres villes, la majeure partie des \u00e9v\u00e9nements organis\u00e9s sont des temps d\u2019\u00e9change et d\u2019organisation du mouvement. Sous l\u2019appellation \u00ab\u00a0assembl\u00e9e g\u00e9n\u00e9rale\u00a0\u00bb, \u00ab\u00a0agora citoyenne\u00a0\u00bb ou \u00ab\u00a0assembl\u00e9e populaire\u00a0\u00bb, ces rendez-vous sont destin\u00e9s \u00e0 pr\u00e9parer la journ\u00e9e du 18\u00a0septembre et d\u00e9j\u00e0 imaginer une suite.<\/p>\n<p>Le 18\u00a0septembre en ligne de mire<\/p>\n<p>L\u2019objectif du mouvement est de s\u2019installer dans la dur\u00e9e, avec un prochain temps fort attendu le jeudi 18\u00a0septembre. Jusqu\u2019ici les syndicats ont \u00e9t\u00e9 m\u00e9fiants vis-\u00e0-vis de \u00ab\u00a0Bloquons tout\u00a0\u00bb, n\u00e9 durant l\u2019\u00e9t\u00e9 sans que l\u2019on sache qui \u00e9tait derri\u00e8re les manettes. Seules la CGT et Solidaires ont fini par soutenir les rassemblements du 10\u00a0septembre.<br \/>La journ\u00e9e du 18\u00a0septembre correspond cette fois \u00e0 un appel de l\u2019intersyndicale et pourrait rassembler encore davantage de participants. \u00ab\u00a0Bloquons tout\u00a0\u00bb esp\u00e8re bien en tirer une dynamique et s\u2019inscrire dans la dur\u00e9e.<\/p>\n<p>\u00a0<\/p>\n","protected":false},"excerpt":{"rendered":"Le mouvement \u00ab\u00a0Bloquons tout\u00a0\u00bb est bien d\u00e9cid\u00e9 \u00e0 se poursuivre, apr\u00e8s un premier acte le mercredi 10\u00a0septembre 2025.&hellip;\n","protected":false},"author":2,"featured_media":387709,"comment_status":"","ping_status":"","sticky":false,"template":"","format":"standard","meta":{"footnotes":""},"categories":[2815],"tags":[49970,1111,11,11351,11617,1777,674,1011,27,811,1307,15777,12,25,4064],"class_list":{"0":"post-387708","1":"post","2":"type-post","3":"status-publish","4":"format-standard","5":"has-post-thumbnail","7":"category-lille","8":"tag-bloquons","9":"tag-actu","10":"tag-actualites","11":"tag-attendre","12":"tag-carte","13":"tag-eu","14":"tag-europe","15":"tag-fr","16":"tag-france","17":"tag-hauts-de-france","18":"tag-lille","19":"tag-mouvement","20":"tag-news","21":"tag-republique-francaise","22":"tag-week-end"},"share_on_mastodon":{"url":"https:\/\/pubeurope.com\/@fr\/115196701087682970","error":""},"_links":{"self":[{"href":"https:\/\/www.europesays.com\/fr\/wp-json\/wp\/v2\/posts\/387708","targetHints":{"allow":["GET"]}}],"collection":[{"href":"https:\/\/www.europesays.com\/fr\/wp-json\/wp\/v2\/posts"}],"about":[{"href":"https:\/\/www.europesays.com\/fr\/wp-json\/wp\/v2\/types\/post"}],"author":[{"embeddable":true,"href":"https:\/\/www.europesays.com\/fr\/wp-json\/wp\/v2\/users\/2"}],"replies":[{"embeddable":true,"href":"https:\/\/www.europesays.com\/fr\/wp-json\/wp\/v2\/comments?post=387708"}],"version-history":[{"count":0,"href":"https:\/\/www.europesays.com\/fr\/wp-json\/wp\/v2\/posts\/387708\/revisions"}],"wp:featuredmedia":[{"embeddable":true,"href":"https:\/\/www.europesays.com\/fr\/wp-json\/wp\/v2\/media\/387709"}],"wp:attachment":[{"href":"https:\/\/www.europesays.com\/fr\/wp-json\/wp\/v2\/media?parent=387708"}],"wp:term":[{"taxonomy":"category","embeddable":true,"href":"https:\/\/www.europesays.com\/fr\/wp-json\/wp\/v2\/categories?post=387708"},{"taxonomy":"post_tag","embeddable":true,"href":"https:\/\/www.europesays.com\/fr\/wp-json\/wp\/v2\/tags?post=387708"}],"curies":[{"name":"wp","href":"https:\/\/api.w.org\/{rel}","templated":true}]}}