{"id":387713,"date":"2025-09-13T11:17:12","date_gmt":"2025-09-13T11:17:12","guid":{"rendered":"https:\/\/www.europesays.com\/fr\/387713\/"},"modified":"2025-09-13T11:17:12","modified_gmt":"2025-09-13T11:17:12","slug":"macon-il-relie-paris-a-marseille-a-pied-pour-soigner-une-rupture-jai-trouve-beaucoup-plus","status":"publish","type":"post","link":"https:\/\/www.europesays.com\/fr\/387713\/","title":{"rendered":"M\u00e2con. Il relie Paris \u00e0 Marseille \u00e0 pied pour soigner une rupture\u00a0: \u00ab\u00a0J\u2019ai trouv\u00e9 beaucoup plus\u00a0\u00bb"},"content":{"rendered":"<p>Il a march\u00e9 827\u00a0km, soit 933\u00a0768 pas. Du 1er \u00a0au 27\u00a0ao\u00fbt, afin de soigner une peine de c\u0153ur, le <a href=\"https:\/\/www.lejsl.com\/culture-loisirs\/2022\/06\/06\/le-maconnais-blas-calvelo-philosophe-sur-youtube\" target=\"_blank\" rel=\"nofollow noopener\">M\u00e2connais Blas Calvelo<\/a> , 24 ans, s\u2019est lanc\u00e9 dans un p\u00e9riple de Paris \u00e0 Marseille \u00e0 pied, sac et tente sur le dos. Celui dont le m\u00e9tier est d\u2019accompagner les entreprises dans la cr\u00e9ation de contenus YouTube revient sur son exp\u00e9rience.<\/p>\n<blockquote class=\"question\"><p>Pourquoi vous \u00eates-vous lanc\u00e9 dans ce d\u00e9fi\u00a0?<\/p><\/blockquote>\n<p>\u00ab\u00a0Mon ex et moi \u00e9tions ensemble depuis deux ans et demi. On a mis fin \u00e0 la relation d\u00e9but juillet. J\u2019ai repris le travail, mais j\u2019\u00e9tais d\u00e9sabus\u00e9, j\u2019avais du mal \u00e0 me concentrer\u2026 J\u2019ai cherch\u00e9 des id\u00e9es pour me remettre d\u2019aplomb. J\u2019ai pens\u00e9 \u00e0 un voyage, en Asie par exemple, mais je ne me disais pas que \u00e7a me permettrait d\u2019aller mieux. Sur YouTube,&#8230;<\/p>\n","protected":false},"excerpt":{"rendered":"Il a march\u00e9 827\u00a0km, soit 933\u00a0768 pas. Du 1er \u00a0au 27\u00a0ao\u00fbt, afin de soigner une peine de c\u0153ur,&hellip;\n","protected":false},"author":2,"featured_media":387714,"comment_status":"","ping_status":"","sticky":false,"template":"","format":"standard","meta":{"footnotes":""},"categories":[2814],"tags":[1111,11,3718,1777,674,107,1011,27,1757,5980,5982,884,12,882,25],"class_list":{"0":"post-387713","1":"post","2":"type-post","3":"status-publish","4":"format-standard","5":"has-post-thumbnail","7":"category-marseille","8":"tag-actu","9":"tag-actualites","10":"tag-edition-macon","11":"tag-eu","12":"tag-europe","13":"tag-fil-info","14":"tag-fr","15":"tag-france","16":"tag-insolite","17":"tag-macon","18":"tag-macon-ville","19":"tag-marseille","20":"tag-news","21":"tag-provence-alpes-cote-dazur","22":"tag-republique-francaise"},"share_on_mastodon":{"url":"https:\/\/pubeurope.com\/@fr\/115196712978675275","error":""},"_links":{"self":[{"href":"https:\/\/www.europesays.com\/fr\/wp-json\/wp\/v2\/posts\/387713","targetHints":{"allow":["GET"]}}],"collection":[{"href":"https:\/\/www.europesays.com\/fr\/wp-json\/wp\/v2\/posts"}],"about":[{"href":"https:\/\/www.europesays.com\/fr\/wp-json\/wp\/v2\/types\/post"}],"author":[{"embeddable":true,"href":"https:\/\/www.europesays.com\/fr\/wp-json\/wp\/v2\/users\/2"}],"replies":[{"embeddable":true,"href":"https:\/\/www.europesays.com\/fr\/wp-json\/wp\/v2\/comments?post=387713"}],"version-history":[{"count":0,"href":"https:\/\/www.europesays.com\/fr\/wp-json\/wp\/v2\/posts\/387713\/revisions"}],"wp:featuredmedia":[{"embeddable":true,"href":"https:\/\/www.europesays.com\/fr\/wp-json\/wp\/v2\/media\/387714"}],"wp:attachment":[{"href":"https:\/\/www.europesays.com\/fr\/wp-json\/wp\/v2\/media?parent=387713"}],"wp:term":[{"taxonomy":"category","embeddable":true,"href":"https:\/\/www.europesays.com\/fr\/wp-json\/wp\/v2\/categories?post=387713"},{"taxonomy":"post_tag","embeddable":true,"href":"https:\/\/www.europesays.com\/fr\/wp-json\/wp\/v2\/tags?post=387713"}],"curies":[{"name":"wp","href":"https:\/\/api.w.org\/{rel}","templated":true}]}}