{"id":387715,"date":"2025-09-13T11:18:12","date_gmt":"2025-09-13T11:18:12","guid":{"rendered":"https:\/\/www.europesays.com\/fr\/387715\/"},"modified":"2025-09-13T11:18:12","modified_gmt":"2025-09-13T11:18:12","slug":"de-nouvelles-actions-prevues-ce-samedi-a-lyon-lhypercentre-interdit-aux-manifestants","status":"publish","type":"post","link":"https:\/\/www.europesays.com\/fr\/387715\/","title":{"rendered":"de nouvelles actions pr\u00e9vues ce samedi \u00e0 Lyon, l&rsquo;hypercentre interdit aux manifestants"},"content":{"rendered":"<p>Dans un arr\u00eat\u00e9 que Le Progr\u00e8s a pu consulter, mettant en avant les rassemblements de la semaine et consid\u00e9rant que <strong>\u00ab\u00a0c\u2019est le seul moyen de pr\u00e9server la s\u00e9curit\u00e9 des personnes et des biens\u00a0\u00bb<\/strong>, la pr\u00e9fecture du Rh\u00f4ne a d\u00e9cid\u00e9 d\u2019interdire\u00a0les manifestations ce samedi 13 septembre, de 11 heures \u00e0 23 heures.<\/p>\n<p>Le p\u00e9rim\u00e8tre est d\u00e9fini entre le cours Suchet, le quai du Docteur Gailleton, les quais Rambaud et Joffre, les rues de la Martini\u00e8re, Sainte-Catherine, Romarin, D\u00e9sir\u00e9e et la place Louis Pradel. C\u2019est-\u00e0-dire une bonne partie de la Presqu\u2019\u00eele lyonnaise<\/p>\n","protected":false},"excerpt":{"rendered":"Dans un arr\u00eat\u00e9 que Le Progr\u00e8s a pu consulter, mettant en avant les rassemblements de la semaine et&hellip;\n","protected":false},"author":2,"featured_media":387716,"comment_status":"","ping_status":"","sticky":false,"template":"","format":"standard","meta":{"footnotes":""},"categories":[1889],"tags":[1111,11,2430,2757,1777,674,274,107,1011,27,2428,12,25,2429,801],"class_list":{"0":"post-387715","1":"post","2":"type-post","3":"status-publish","4":"format-standard","5":"has-post-thumbnail","7":"category-lyon","8":"tag-actu","9":"tag-actualites","10":"tag-auvergne-rhone-alpes","11":"tag-edition-lyon-villeurbanne","12":"tag-eu","13":"tag-europe","14":"tag-faits-divers-justice","15":"tag-fil-info","16":"tag-fr","17":"tag-france","18":"tag-lyon","19":"tag-news","20":"tag-republique-francaise","21":"tag-rhone","22":"tag-social"},"share_on_mastodon":{"url":"https:\/\/pubeurope.com\/@fr\/115196716867332766","error":""},"_links":{"self":[{"href":"https:\/\/www.europesays.com\/fr\/wp-json\/wp\/v2\/posts\/387715","targetHints":{"allow":["GET"]}}],"collection":[{"href":"https:\/\/www.europesays.com\/fr\/wp-json\/wp\/v2\/posts"}],"about":[{"href":"https:\/\/www.europesays.com\/fr\/wp-json\/wp\/v2\/types\/post"}],"author":[{"embeddable":true,"href":"https:\/\/www.europesays.com\/fr\/wp-json\/wp\/v2\/users\/2"}],"replies":[{"embeddable":true,"href":"https:\/\/www.europesays.com\/fr\/wp-json\/wp\/v2\/comments?post=387715"}],"version-history":[{"count":0,"href":"https:\/\/www.europesays.com\/fr\/wp-json\/wp\/v2\/posts\/387715\/revisions"}],"wp:featuredmedia":[{"embeddable":true,"href":"https:\/\/www.europesays.com\/fr\/wp-json\/wp\/v2\/media\/387716"}],"wp:attachment":[{"href":"https:\/\/www.europesays.com\/fr\/wp-json\/wp\/v2\/media?parent=387715"}],"wp:term":[{"taxonomy":"category","embeddable":true,"href":"https:\/\/www.europesays.com\/fr\/wp-json\/wp\/v2\/categories?post=387715"},{"taxonomy":"post_tag","embeddable":true,"href":"https:\/\/www.europesays.com\/fr\/wp-json\/wp\/v2\/tags?post=387715"}],"curies":[{"name":"wp","href":"https:\/\/api.w.org\/{rel}","templated":true}]}}