{"id":387722,"date":"2025-09-13T11:23:16","date_gmt":"2025-09-13T11:23:16","guid":{"rendered":"https:\/\/www.europesays.com\/fr\/387722\/"},"modified":"2025-09-13T11:23:16","modified_gmt":"2025-09-13T11:23:16","slug":"lci-en-direct-info-du-jour-en-direct","status":"publish","type":"post","link":"https:\/\/www.europesays.com\/fr\/387722\/","title":{"rendered":"LCI en direct : info du jour en direct"},"content":{"rendered":"<p>L\u2019info en direct<br \/>\n<strong>L\u2019info en continu<\/strong> 7J\/7 et 24\/24, les <strong>derni\u00e8res infos<\/strong> propos\u00e9es par les r\u00e9dactions de TF1 et LCI. Retrouvez l&rsquo;<strong>info des derni\u00e8res minutes<\/strong> et ainsi ne manquez plus les \u00e9v\u00e9nements en cours.<\/p>\n<p>Info du jour<br \/>\nExplorez notre <strong>fil info<\/strong> listant les derniers articles issus de nos r\u00e9dactions et ainsi d\u00e9couvrez les principales <strong>infos du jour<\/strong> en France et \u00e0 l\u2019international.<\/p>\n<p>TF1 INFO vous propose :<\/p>\n<ul>\n<li>Une <strong>information<\/strong> de qualit\u00e9, accessible et inclusive que d\u00e9fend le groupe TF1 depuis bient\u00f4t 50 ans !<\/li>\n<li><strong>Les derni\u00e8res infos en direct<\/strong> avec LCI (La Cha\u00eene Info) depuis 1994.<\/li>\n<li>Les V\u00e9rificateurs qui d\u00e9cryptent pour vous le vrai de l\u2019info et luttent au quotidien contre les fake news et infox.<\/li>\n<\/ul>\n","protected":false},"excerpt":{"rendered":"L\u2019info en direct L\u2019info en continu 7J\/7 et 24\/24, les derni\u00e8res infos propos\u00e9es par les r\u00e9dactions de TF1&hellip;\n","protected":false},"author":2,"featured_media":387723,"comment_status":"","ping_status":"","sticky":false,"template":"","format":"standard","meta":{"footnotes":""},"categories":[1888],"tags":[1111,1928,11,1927,52031,52036,1777,674,1011,27,37193,52035,52032,52033,52034,12,1926,626,1925,25],"class_list":{"0":"post-387722","1":"post","2":"type-post","3":"status-publish","4":"format-standard","5":"has-post-thumbnail","7":"category-paris","8":"tag-actu","9":"tag-actu-paris","10":"tag-actualites","11":"tag-actualites-paris","12":"tag-direct-lci","13":"tag-direct-live-lci","14":"tag-eu","15":"tag-europe","16":"tag-fr","17":"tag-france","18":"tag-lci-direct","19":"tag-lci-direct-live","20":"tag-lci-en-direct","21":"tag-lci-live","22":"tag-live-lci","23":"tag-news","24":"tag-news-paris","25":"tag-paris","26":"tag-paris-news","27":"tag-republique-francaise"},"share_on_mastodon":{"url":"https:\/\/pubeurope.com\/@fr\/115196736799229795","error":""},"_links":{"self":[{"href":"https:\/\/www.europesays.com\/fr\/wp-json\/wp\/v2\/posts\/387722","targetHints":{"allow":["GET"]}}],"collection":[{"href":"https:\/\/www.europesays.com\/fr\/wp-json\/wp\/v2\/posts"}],"about":[{"href":"https:\/\/www.europesays.com\/fr\/wp-json\/wp\/v2\/types\/post"}],"author":[{"embeddable":true,"href":"https:\/\/www.europesays.com\/fr\/wp-json\/wp\/v2\/users\/2"}],"replies":[{"embeddable":true,"href":"https:\/\/www.europesays.com\/fr\/wp-json\/wp\/v2\/comments?post=387722"}],"version-history":[{"count":0,"href":"https:\/\/www.europesays.com\/fr\/wp-json\/wp\/v2\/posts\/387722\/revisions"}],"wp:featuredmedia":[{"embeddable":true,"href":"https:\/\/www.europesays.com\/fr\/wp-json\/wp\/v2\/media\/387723"}],"wp:attachment":[{"href":"https:\/\/www.europesays.com\/fr\/wp-json\/wp\/v2\/media?parent=387722"}],"wp:term":[{"taxonomy":"category","embeddable":true,"href":"https:\/\/www.europesays.com\/fr\/wp-json\/wp\/v2\/categories?post=387722"},{"taxonomy":"post_tag","embeddable":true,"href":"https:\/\/www.europesays.com\/fr\/wp-json\/wp\/v2\/tags?post=387722"}],"curies":[{"name":"wp","href":"https:\/\/api.w.org\/{rel}","templated":true}]}}