{"id":387726,"date":"2025-09-13T11:25:12","date_gmt":"2025-09-13T11:25:12","guid":{"rendered":"https:\/\/www.europesays.com\/fr\/387726\/"},"modified":"2025-09-13T11:25:12","modified_gmt":"2025-09-13T11:25:12","slug":"paris-dimanche-cest-le-dernier-vol-de-la-vasque-olympique","status":"publish","type":"post","link":"https:\/\/www.europesays.com\/fr\/387726\/","title":{"rendered":"Paris\u00a0: dimanche, c\u2019est le dernier vol de la vasque olympique !"},"content":{"rendered":"<p class=\"paragraph text_align_left lp-f-body-02\">Un dernier week-end d\u2019\u00e9t\u00e9 pour un ultime envol. <a href=\"https:\/\/www.leparisien.fr\/paris-75\/ou-et-comment-voir-la-vasque-des-jeux-de-paris-2024-cet-ete-21-06-2025-ZTRYFQAOSFDCRMIXDB6WMIBNKQ.php\" target=\"_blank\" rel=\"noreferrer noopener\">La vasque de Paris 2024<\/a> s\u2019illuminera une derni\u00e8re fois dans le ciel de la capitale ce dimanche 14 septembre, en cl\u00f4ture de <a href=\"https:\/\/www.leparisien.fr\/sports\/fete-du-sport-programme-horaires-lieux-athletes-tout-savoir-sur-levenement-a-paris-et-en-ile-de-france-13-09-2025-ELMIPKNY7JCZNOFWSMRL6QBHPA.php\" target=\"_blank\" rel=\"noreferrer noopener\">la f\u00eate du Sport<\/a> organis\u00e9e rue de Rivoli (Paris Centre).<\/p>\n<p class=\"paragraph text_align_left lp-f-body-02\"><a href=\"https:\/\/www.leparisien.fr\/jo-paris-2024\/jo-de-paris-2024-pourquoi-la-vasque-va-entrer-en-sommeil-jusquaux-jeux-paralympiques-08-08-2024-W33KCQRBGBGVLGFBY4LQTGJOEE.php\" target=\"_blank\" rel=\"noreferrer noopener\">Le c\u00e9l\u00e8bre ballon gonfl\u00e9 \u00e0 l\u2019h\u00e9lium<\/a>, qui avait repris sa place au milieu du Grand Bassin rond du jardin des Tuileries depuis le 21 juin dernier,<a href=\"https:\/\/www.leparisien.fr\/jo-paralympiques-paris-2024\/cette-fois-la-vasque-ne-se-rallumera-pas-une-derniere-danse-au-stade-de-france-pour-la-ceremonie-de-cloture-07-09-2024-Z6DZS74MZVATJKMZKWNFTFYE5A.php\" target=\"_blank\" rel=\"noreferrer noopener\"> va ensuite s\u2019\u00e9teindre <\/a>\u00ab jusqu\u2019\u00e0 l\u2019\u00e9t\u00e9 prochain \u00bb, pr\u00e9cise la ville de Paris. Un dernier vol au-dessus des toits de la capitale qui \u00ab marque la fin d\u2019un \u00e9t\u00e9 de c\u00e9l\u00e9brations d\u00e9di\u00e9es au premier anniversaire des Jeux \u00bb. Selon la municipalit\u00e9, la vasque devrait ainsi se rallumer lors de la saison estivale jusqu\u2019aux <a href=\"https:\/\/www.leparisien.fr\/sports\/JO\/jo-los-angeles-2028-pour-la-premiere-fois-la-ceremonie-douverture-aura-lieu-dans-deux-stades-differents-08-05-2025-JHBRK7SRBRFA5L7GXWBRU3PB2Q.php#:~:text=Les%20Jeux%20olympiques%20de%20Los,Coliseum%20et%20le%20SoFi%20Stadium.&amp;text=Les%20JO%20continuent%20d&#039;innover,deux%20stades.\" target=\"_blank\" rel=\"noreferrer noopener\">Jeux de Los Angeles<\/a>, en 2028.<\/p>\n<p class=\"paragraph text_align_left lp-f-body-02\">Pour ce dernier envol \u00e0 60 m dans les airs, les jardins fermeront leurs portes \u00e0 20h30. Pour aller saluer la vasque, il n\u2019est pas n\u00e9cessaire de r\u00e9server un cr\u00e9neau. L\u2019acc\u00e8s demeure libre et gratuit jusqu\u2019\u00e0 la fermeture du site.<\/p>\n<p>Une semaine pour tout d\u00e9monter<\/p>\n<p class=\"paragraph text_align_left lp-f-body-02\">Les premiers \u00e9l\u00e9ments de la structure devraient ensuite commencer \u00e0 \u00eatre retir\u00e9s d\u00e8s lundi. Au cours de l\u2019\u00e9t\u00e9 2024, \u00e0 l\u2019issue des Jeux paralympiques, <a href=\"https:\/\/www.leparisien.fr\/jo-paris-2024\/la-fin-dune-histoire-apres-avoir-illumine-les-jo-de-paris-la-vasque-a-commence-a-etre-demontee-15-09-2024-2Z7AN4JSYZDPNETGKD5FSOBFFE.php\" target=\"_blank\" rel=\"noreferrer noopener\">le d\u00e9montage du ballon<\/a> avait dur\u00e9 une semaine.<\/p>\n<p class=\"paragraph text_align_left lp-f-body-02\">Ce dimanche, plus de 5 000 animations seront organis\u00e9es dans toute la France. <a href=\"https:\/\/www.leparisien.fr\/paris-75\/paris-un-an-apres-la-parade-des-champions-des-jo-2024-rivoli-se-transforme-en-boulevard-du-sport-04-09-2025-4HHZJNK2SRDLBEMJKCIJWS2HFA.php\" target=\"_blank\" rel=\"noreferrer noopener\">Rien qu\u2019en \u00cele-de-France<\/a>, les organisateurs ont recens\u00e9 515 \u00e9v\u00e9nements, dont 48 \u00e0 Paris. Au programme : initiations et d\u00e9couvertes d\u2019activit\u00e9s sportives ou du sport bien-\u00eatre, rencontre avec des champions\u2026<\/p>\n","protected":false},"excerpt":{"rendered":"Un dernier week-end d\u2019\u00e9t\u00e9 pour un ultime envol. La vasque de Paris 2024 s\u2019illuminera une derni\u00e8re fois dans&hellip;\n","protected":false},"author":2,"featured_media":387727,"comment_status":"","ping_status":"","sticky":false,"template":"","format":"standard","meta":{"footnotes":""},"categories":[1888],"tags":[11,1777,674,1011,27,1944,12,626,5856,25],"class_list":{"0":"post-387726","1":"post","2":"type-post","3":"status-publish","4":"format-standard","5":"has-post-thumbnail","7":"category-paris","8":"tag-actualites","9":"tag-eu","10":"tag-europe","11":"tag-fr","12":"tag-france","13":"tag-ma-ville","14":"tag-news","15":"tag-paris","16":"tag-paris-2024","17":"tag-republique-francaise"},"share_on_mastodon":{"url":"https:\/\/pubeurope.com\/@fr\/115196744410487319","error":""},"_links":{"self":[{"href":"https:\/\/www.europesays.com\/fr\/wp-json\/wp\/v2\/posts\/387726","targetHints":{"allow":["GET"]}}],"collection":[{"href":"https:\/\/www.europesays.com\/fr\/wp-json\/wp\/v2\/posts"}],"about":[{"href":"https:\/\/www.europesays.com\/fr\/wp-json\/wp\/v2\/types\/post"}],"author":[{"embeddable":true,"href":"https:\/\/www.europesays.com\/fr\/wp-json\/wp\/v2\/users\/2"}],"replies":[{"embeddable":true,"href":"https:\/\/www.europesays.com\/fr\/wp-json\/wp\/v2\/comments?post=387726"}],"version-history":[{"count":0,"href":"https:\/\/www.europesays.com\/fr\/wp-json\/wp\/v2\/posts\/387726\/revisions"}],"wp:featuredmedia":[{"embeddable":true,"href":"https:\/\/www.europesays.com\/fr\/wp-json\/wp\/v2\/media\/387727"}],"wp:attachment":[{"href":"https:\/\/www.europesays.com\/fr\/wp-json\/wp\/v2\/media?parent=387726"}],"wp:term":[{"taxonomy":"category","embeddable":true,"href":"https:\/\/www.europesays.com\/fr\/wp-json\/wp\/v2\/categories?post=387726"},{"taxonomy":"post_tag","embeddable":true,"href":"https:\/\/www.europesays.com\/fr\/wp-json\/wp\/v2\/tags?post=387726"}],"curies":[{"name":"wp","href":"https:\/\/api.w.org\/{rel}","templated":true}]}}