{"id":387732,"date":"2025-09-13T11:28:33","date_gmt":"2025-09-13T11:28:33","guid":{"rendered":"https:\/\/www.europesays.com\/fr\/387732\/"},"modified":"2025-09-13T11:28:33","modified_gmt":"2025-09-13T11:28:33","slug":"apres-washington-donald-trump-veut-deployer-la-garde-nationale-a-memphis","status":"publish","type":"post","link":"https:\/\/www.europesays.com\/fr\/387732\/","title":{"rendered":"Apr\u00e8s Washington, Donald Trump veut d\u00e9ployer la Garde nationale \u00e0 Memphis"},"content":{"rendered":"<p class=\"article-p mdl\">Dans une interview \u00e0 la cha\u00eene conservatrice Fox News, vendredi 12 septembre, Donald Trump a annonc\u00e9 qu&rsquo;il allait <strong>d\u00e9ployer des militaires de la Garde nationale \u00e0 Memphis<\/strong>, dans le Tennessee, dans le cadre de sa lutte contre la criminalit\u00e9 ciblant les grandes villes d\u00e9mocrates du pays. Il a pr\u00e9cis\u00e9 que la Garde nationale serait mobilis\u00e9e ainsi que \u00ab\u00a0l&rsquo;arm\u00e9e d&rsquo;active, si n\u00e9cessaire.\u00a0\u00bb<\/p>\n<p class=\"article-p mdl\">\u00ab\u00a0Nous allons \u00e0 Memphis. Memphis est profond\u00e9ment en difficult\u00e9. Le maire est heureux, c&rsquo;est un maire d\u00e9mocrate. Et le gouverneur du Tennessee est content (&#8230;)<strong> Nous allons r\u00e9gler \u00e7a comme nous l&rsquo;avons fait \u00e0 Washington<\/strong>\u00ab\u00a0, a expliqu\u00e9 le pr\u00e9sident des \u00c9tats-Unis.<\/p>\n<p class=\"article-p mdl\">Fin ao\u00fbt, le chef d&rsquo;\u00c9tat avait <strong>d\u00e9j\u00e0 envoy\u00e9<\/strong><a class=\"link\" href=\"https:\/\/www.rtl.fr\/actu\/international\/les-infos-6h-trump-deploie-la-garde-nationale-a-washington-autorisee-a-patrouiller-armee-malgre-l-opposition-massive-de-ses-habitants-7900533998\" title=\"Les infos 6h - &quot;On a d\u00e9j\u00e0 vu \u00e7a avec Staline et Hitler&quot; : \u00e0 Washington, le d\u00e9ploiement de la garde nationale par Trump inqui\u00e8te\" target=\"_blank\" rel=\"noopener\"> la Garde nationale dans la capitale am\u00e9ricaine<\/a>, autoris\u00e9e \u00e0 patrouiller arm\u00e9. Il souhaitait nettoyer la capitale am\u00e9ricaine qu\u2019il estime envahie par les gangs, alors m\u00eame que la criminalit\u00e9 est au plus bas depuis des d\u00e9cennies. Et d&rsquo;ajouter que la peine de mort serait requise pour tout meurtre commis \u00e0 Washington, alors que la peine capitale y est pourtant abolie depuis plus de 40 ans.<\/p>\n<p class=\"article-p mdl\"><a class=\"link\" href=\"https:\/\/www.rtl.fr\/actu\/international\/guerre-en-ukraine-donald-trump-dit-que-sa-patience-avec-vladimir-poutine-s-epuise-rapidement-7900540769\" title=\"Guerre en Ukraine : Donald Trump dit que sa patience avec Vladimir Poutine &quot;s&#039;\u00e9puise rapidement&quot;\" target=\"_blank\" rel=\"noopener\">Donald Trump<\/a>\u00a0envisagerait \u00e9galement de d\u00e9ployer la Garde nationale \u00e0 <strong>New York et Chicago<\/strong>. C&rsquo;est d&rsquo;ailleurs cette derni\u00e8re ville qui \u00e9tait vis\u00e9e, mais un syndicaliste du secteur ferroviaire lui avait conseill\u00e9 d&rsquo;aller en priorit\u00e9 \u00e0 Memphis, a-t-il racont\u00e9.<\/p>\n<p>    La r\u00e9daction vous recommande<\/p>\n<p class=\"s-newsletter__title\">\n                L\u2019actualit\u00e9 par la r\u00e9daction de RTL dans votre bo\u00eete mail.\n            <\/p>\n<p class=\"s-newsletter__subtitle\">\n                Gr\u00e2ce \u00e0 votre compte RTL abonnez-vous \u00e0 la newsletter RTL info pour suivre toute l&rsquo;actualit\u00e9 au quotidien\n            <\/p>\n<p>\n                                    Lire la suite\n                                <\/p>\n","protected":false},"excerpt":{"rendered":"Dans une interview \u00e0 la cha\u00eene conservatrice Fox News, vendredi 12 septembre, Donald Trump a annonc\u00e9 qu&rsquo;il allait&hellip;\n","protected":false},"author":2,"featured_media":387733,"comment_status":"","ping_status":"","sticky":false,"template":"","format":"standard","meta":{"footnotes":""},"categories":[1589],"tags":[11,1813,75,73,1866,107,13264,12,1864,1865,1863,308],"class_list":{"0":"post-387732","1":"post","2":"type-post","3":"status-publish","4":"format-standard","5":"has-post-thumbnail","7":"category-etats-unis","8":"tag-actualites","9":"tag-armee","10":"tag-donald-trump","11":"tag-etats-unis","12":"tag-etats-unis-damerique","13":"tag-fil-info","14":"tag-militaires","15":"tag-news","16":"tag-united-states","17":"tag-united-states-of-america","18":"tag-us","19":"tag-usa"},"share_on_mastodon":{"url":"https:\/\/pubeurope.com\/@fr\/115196756389664139","error":""},"_links":{"self":[{"href":"https:\/\/www.europesays.com\/fr\/wp-json\/wp\/v2\/posts\/387732","targetHints":{"allow":["GET"]}}],"collection":[{"href":"https:\/\/www.europesays.com\/fr\/wp-json\/wp\/v2\/posts"}],"about":[{"href":"https:\/\/www.europesays.com\/fr\/wp-json\/wp\/v2\/types\/post"}],"author":[{"embeddable":true,"href":"https:\/\/www.europesays.com\/fr\/wp-json\/wp\/v2\/users\/2"}],"replies":[{"embeddable":true,"href":"https:\/\/www.europesays.com\/fr\/wp-json\/wp\/v2\/comments?post=387732"}],"version-history":[{"count":0,"href":"https:\/\/www.europesays.com\/fr\/wp-json\/wp\/v2\/posts\/387732\/revisions"}],"wp:featuredmedia":[{"embeddable":true,"href":"https:\/\/www.europesays.com\/fr\/wp-json\/wp\/v2\/media\/387733"}],"wp:attachment":[{"href":"https:\/\/www.europesays.com\/fr\/wp-json\/wp\/v2\/media?parent=387732"}],"wp:term":[{"taxonomy":"category","embeddable":true,"href":"https:\/\/www.europesays.com\/fr\/wp-json\/wp\/v2\/categories?post=387732"},{"taxonomy":"post_tag","embeddable":true,"href":"https:\/\/www.europesays.com\/fr\/wp-json\/wp\/v2\/tags?post=387732"}],"curies":[{"name":"wp","href":"https:\/\/api.w.org\/{rel}","templated":true}]}}