{"id":387734,"date":"2025-09-13T11:29:20","date_gmt":"2025-09-13T11:29:20","guid":{"rendered":"https:\/\/www.europesays.com\/fr\/387734\/"},"modified":"2025-09-13T11:29:20","modified_gmt":"2025-09-13T11:29:20","slug":"qui-remporte-la-palme-du-pire-touriste","status":"publish","type":"post","link":"https:\/\/www.europesays.com\/fr\/387734\/","title":{"rendered":"qui remporte la palme du pire touriste ?"},"content":{"rendered":"\n<p>[Cet article a \u00e9t\u00e9 initialement publi\u00e9 le 6\u00a0juillet 2025, et republi\u00e9 le 13\u00a0septembre.]<\/p>\n<p>\u00c0 l\u2019heure o\u00f9 les effets n\u00e9fastes de nos vacances suscitent des mouvements de protestation dans toute l\u2019Europe, et o\u00f9 une multitude de lois voient le jour dans le but de r\u00e9primer les mauvaises conduites et de permettre \u00e0 la population locale de continuer \u00e0 vivre tranquillement, le comportement des touristes est d\u00e9sormais au centre de toutes les attentions.<\/p>\n<p>Dans des endroits comme Majorque ou Corfou, les autorit\u00e9s r\u00e9fl\u00e9chissent aux moyens d\u2019attirer de \u201cmeilleurs\u201d touristes \u2013\u00a0un objectif qui sous-entend que les Britanniques, tr\u00e8s nombreux actuellement \u00e0 visiter ces \u00eeles, n\u2019y sont plus les bienvenus.<\/p>\n<p>Qu\u2019en est-il en r\u00e9alit\u00e9\u00a0? Les touristes britanniques sont-ils vraiment d\u00e9test\u00e9s\u00a0? Aux yeux des Europ\u00e9ens, de quels pays proviennent les \u201cmeilleurs\u201d et les \u201cpires\u201d vacanciers\u00a0? Nous avons demand\u00e9 \u00e0 des sp\u00e9cialistes install\u00e9s dans quatre des pays le plus durement touch\u00e9s par le surtourisme \u2013 Anthony Peregrine (en France), Heidi Fuller-Love (en Gr\u00e8ce), Eddi Fiegel (en Espagne) et Nicky Swallow (en Italie) \u2013 de sonder \u00e0 ce sujet les professionnels du tourisme ainsi que de simples r\u00e9sidents.<\/p>\n<p>                                <a href=\"https:\/\/focus.courrierinternational.com\/2024\/03\/10\/0\/0\/4000\/2667\/1280\/0\/60\/0\/1479393_afp-34l334a.jpg\" data-pswp-width=\"1280\" data-pswp-height=\"853\" rel=\"nofollow noopener\" target=\"_blank\">        <img decoding=\"async\" loading=\"lazy\" onerror=\"this.classList.add(`img--error`)\" src=\"https:\/\/www.europesays.com\/fr\/wp-content\/uploads\/2025\/09\/1479393_afp-34l334a.jpg\"  width=\"640\" height=\"427\" alt=\"Des touristes se prot\u00e8gent de la pluie devant le pont de Westminster, \u00e0 Londres, au Royaume-Uni, le 10\u00a0mars 2024.\"\/>     <\/a>      Des touristes se prot\u00e8gent de la pluie devant le pont de Westminster, \u00e0 Londres, au Royaume-Uni, le 10\u00a0mars 2024.   Photo Henry Nicholls\/AFP             <strong>Les touristes britanniques<\/strong>       <\/p>\n<p><strong>Vus par les Fran\u00e7ais<\/strong><\/p>\n<p>De mani\u00e8re surprenante, les Britanniques sont plut\u00f4t bien not\u00e9s par les professionnels fran\u00e7ais du tourisme (h\u00f4teliers, restaurateurs, employ\u00e9s d\u2019offices de tourisme, etc.), notamment en raison de leur \u201c\u00e9l\u00e9gance et politesse\u201d. Pour leur discr\u00e9tion, aussi\u00a0: \u201cIls posent des questions timidement, comme s\u2019ils ne voulaient pas d\u00e9ranger\u201d, raconte Dana\u00e9 Pestel, responsable d\u2019un office de tourisme dans le Var. Ses coll\u00e8gues de Bourgogne sont d\u2019accord avec elle, selon une r\u00e9cente enqu\u00eate men\u00e9e aupr\u00e8s des professionnels du tourisme\u00a0: \u201cIls attachent une grande importance \u00e0 la politesse, mais n\u2019oubliez pas de garder vos distances\u00a0: les Britanniques n\u2019aiment pas qu\u2019on les touche ni qu\u2019on les embrasse\u201d, du moins quand c\u2019est quelqu\u2019un qu\u2019ils ne connaissent pas\u2026<\/p>\n<p>En revanche, ils appr\u00e9cient les valeurs traditionnelles, les coutumes locales et les visites culturelles, \u00e0 condition qu\u2019il y ait \u201cune bouilloire, du th\u00e9, du sucre et des capsules de lait dans leur chambre\u201d. Il n\u2019en faut pas plus pour faire leur bonheur, selon l\u2019enqu\u00eate. Un beau ch\u00e2teau digne de ce nom est \u00e9galement un atout pour les satisfaire. \u201cIls adorent les jardins, constate Bernard Legal, du ch\u00e2teau de Chantore, pr\u00e8s du Mont-Saint-Michel, en Normandie, mais ils n\u2019aiment pas Emmanuel Macron\u00a0!\u201d<\/p>\n<p>On ne semble pas trop nous en tenir rigueur, surtout lorsqu\u2019ils claquent beaucoup d\u2019argent dans les bars et restaurants, le tout avec une grande courtoisie \u2013 un \u00e9l\u00e9ment essentiel. Un autre h\u00f4telier normand confie\u00a0: \u201cEn haute saison, je dis \u00e0 mes clients fran\u00e7ais que nous sommes complets de mani\u00e8re \u00e0 garder des chambres disponibles pour les Anglais. Eux, ils l\u00e2chent prise quand ils sont en vacances, contrairement aux Fran\u00e7ais, qui semblent toujours stress\u00e9s.\u201d<\/p>\n<p>N\u00e9anmoins, beaucoup ont per\u00e7u un de leurs points faibles\u00a0: la bataille qu\u2019ils doivent livrer pour parler une langue \u00e9trang\u00e8re. \u201cUn Anglais capable de dire \u2018bonjour\u2019 et \u2018au revoir\u2019 en fran\u00e7ais pense en avoir appris bien suffisamment, et se consid\u00e8re comme bilingue\u201d, ironise un employ\u00e9 d\u2019un office de tourisme du d\u00e9partement du Nord.<\/p>\n<p><strong>Vus par les Grecs<\/strong><\/p>\n<p>\u201cJ\u2019aime bien les Britanniques, ils sont polis\u201d, m\u2019a dit un commer\u00e7ant de La Can\u00e9e. D\u2019autres, en revanche, pensent que la \u201cpolitesse\u201d a ses inconv\u00e9nients, comme cet h\u00f4telier de la station baln\u00e9aire d\u2019Hersonissos, qui rousp\u00e8te\u00a0: \u201cJ\u2019ai eu un couple de Britanniques qui a s\u00e9journ\u00e9 chez nous une semaine. Ils \u00e9taient toujours tout sourire. Mais apr\u00e8s, ils se sont plaints de tout un tas de choses sur Tripadvisor. Pourquoi ne m\u2019en ont-ils pas parl\u00e9 directement quand ils \u00e9taient l\u00e0\u00a0? J\u2019aurais pu essayer de trouver une solution.\u201d<\/p>\n<p>\u00c0 l\u2019a\u00e9roport d\u2019H\u00e9raklion, j\u2019ai demand\u00e9 \u00e0 un douanier ce qu\u2019il pensait des Britanniques. Voici ce qu\u2019il m\u2019a r\u00e9pondu en me montrant du doigt un groupe de jeunes en train de passer les contr\u00f4les\u00a0: \u201cIls se comportent comme des animaux, et pissent sur notre culture\u2026\u201d<\/p>\n<p><strong>Vus par les Espagnols<\/strong><\/p>\n<p>Ici, il n\u2019y a malheureusement pas photo\u00a0: les touristes britanniques remportent la palme du touriste \u00e0 la plus mauvaise conduite, \u00e0 cause des d\u00e9bordements des enterrements de vie de gar\u00e7on et de jeune fille, et des clients d\u2019h\u00f4tel qui boivent autant d\u2019alcool que leur poids. \u201cBeaucoup de Britanniques qui viennent ici semblent oublier que c\u2019est aussi un endroit o\u00f9 des gens vivent\u201d, d\u00e9plore un propri\u00e9taire de bar de Barcelone.<\/p>\n<p>D\u2019autres en ont assez que les touristes britanniques partent du principe que tout le monde parle anglais, et qu\u2019ils s\u2019\u00e9nervent en d\u00e9couvrant que ce n\u2019est pas le cas. Cela dit, il y a aussi des Espagnols qui reconnaissent \u2013 surtout dans les stations baln\u00e9aires plus tranquilles \u2013 le caract\u00e8re tr\u00e8s bien \u00e9lev\u00e9 de certains d\u2019entre eux, en soulignant que nous sommes les bienvenus.<\/p>\n<p><strong>Vus par les Italiens<\/strong><\/p>\n<p>Les touristes britanniques divisent l\u2019opinion en Italie. Ils ont certes la r\u00e9putation d\u2019\u00eatre de gros buveurs, mal habill\u00e9s et grippe-sous, mais ils sont quand m\u00eame souvent cit\u00e9s parmi les touristes qui appr\u00e9cient le plus la culture, la nourriture, le vin et les coutumes de l\u2019Italie, ce qui leur vaut d\u2019\u00eatre les chouchous des guides. \u201cMes clients britanniques sont des amoureux de la culture italienne, et ils font partie des rares personnes qui \u00e9coutent vraiment ce que je dis\u201d, constate un guide de Florence. Les Britanniques sont \u00e9galement connus pour leurs courageuses tentatives de parler italien et pour leur politesse \u00e0 l\u2019\u00e9gard du personnel dans les h\u00f4tels et restaurants.<\/p>\n<p>Cependant, le comportement d\u2019une petite minorit\u00e9 d\u2019entre eux g\u00e2che le tableau. \u201cCe sont des hooligans\u201d, estime le propri\u00e9taire d\u2019un kiosque \u00e0 journaux de Naples, en repensant aux d\u00e9bordements d\u2019apr\u00e8s-match. \u00c0 noter aussi que c\u2019est un touriste britannique qui, en juin 2023, a grav\u00e9 son nom et celui de sa petite amie sur le mur du Colis\u00e9e, un monument vieux de deux mille ans, et qui a tent\u00e9 d\u2019excuser son geste en disant qu\u2019il ignorait l\u2019\u00e2ge de l\u2019\u00e9difice. Tout le pays en a \u00e9t\u00e9 scandalis\u00e9.<\/p>\n<p>                                <a href=\"https:\/\/focus.courrierinternational.com\/2023\/05\/30\/0\/0\/3500\/2397\/1280\/0\/60\/0\/981152d_1685444803427-rtx12mhp.JPG\" data-pswp-width=\"1280\" data-pswp-height=\"877\" rel=\"nofollow noopener\" target=\"_blank\">        <img decoding=\"async\" loading=\"lazy\" onerror=\"this.classList.add(`img--error`)\" src=\"https:\/\/www.europesays.com\/fr\/wp-content\/uploads\/2025\/09\/981152d_1685444803427-rtx12mhp.JPG\"  width=\"640\" height=\"438\" alt=\"Des touristes prennent en photo le ch\u00e2teau de Neuschwanstein, en Bavi\u00e8re, en Allemagne, le 15\u00a0ao\u00fbt 2013.\"\/>     <\/a>      Des touristes prennent en photo le ch\u00e2teau de Neuschwanstein, en Bavi\u00e8re, en Allemagne, le 15\u00a0ao\u00fbt 2013.   PHOTO MICHAEL DALDER\/REUTERS             <strong>Les touristes allemands<\/strong>       <\/p>\n<p><strong>Vus par les Fran\u00e7ais<\/strong><\/p>\n<p>Les souvenirs finissent par dispara\u00eetre, comme ces anciens soldats allemands qui venaient en France pour montrer \u00e0 leur famille leurs lieux d\u2019affectation pendant la guerre. Ce n\u2019\u00e9tait pas forc\u00e9ment du go\u00fbt de leurs h\u00f4tes, et cela explique peut-\u00eatre que la langue allemande fasse encore fr\u00e9mir les oreilles de certains, m\u00eame si c\u2019est de plus en plus rare. \u201cCertains nous traitent comme si nous \u00e9tions dans le tiers-monde\u201d, soupire un restaurateur de la C\u00f4te d\u2019Azur. Les \u00e9carts de comportement persistent. \u201c\u00c7a ne les g\u00eane pas de piquer tout le fromage du petit d\u00e9jeuner pour leur pique-nique\u201d, constate un propri\u00e9taire de chambre d\u2019h\u00f4tes en Auvergne.<\/p>\n<p>D\u2019autres aspects de la vision caricaturale qu\u2019ont les Fran\u00e7ais des Allemands jouent en faveur de ces derniers, en rejoignant l\u2019esprit plut\u00f4t cart\u00e9sien des habitants de l\u2019Hexagone. \u201cCe sont des gens qui aiment la rigueur et la ponctualit\u00e9, et qui ne tol\u00e8rent pas l\u2019approximation\u201d, affirment les personnes interrog\u00e9es en Bourgogne. Ils sont \u00e9galement \u201ctr\u00e8s analytiques et recherchent le meilleur rapport qualit\u00e9-prix\u201d, selon J\u00e9r\u00f4me Bont, qui travaille chez le caviste Calais Vins. Quand ils l\u2019obtiennent, ils se comportent de mani\u00e8re tr\u00e8s agr\u00e9able. \u201cIls sont discrets et aimables, et savent respecter les lieux et le travail effectu\u00e9\u201d, souligne Bernard Legal, du ch\u00e2teau de Chantore, qui ajoute\u00a0: \u201cEn g\u00e9n\u00e9ral, ce sont les h\u00f4tes que je pr\u00e9f\u00e8re.\u201d<\/p>\n<p><strong>Vus par les Grecs<\/strong><\/p>\n<p>Dans un pays qui r\u00e9clame toujours r\u00e9paration pour la destruction d\u2019innombrables villages (et de leurs habitants) pendant la Seconde Guerre mondiale, les sentiments mitig\u00e9s qu\u2019\u00e9prouvent les Grecs \u00e0 l\u2019\u00e9gard des Allemands ne sont pas vraiment surprenants. \u201cQuand j\u2019ai achet\u00e9 ma maison en Cr\u00e8te, dans les ann\u00e9es 1990, il arrivait souvent que des personnes \u00e2g\u00e9es me tournent le dos en apprenant d\u2019o\u00f9 je venais\u201d, raconte Klaus Werner, un Allemand originaire de Munich.<\/p>\n<p>\u201cAlors qu\u2019on \u00e9tait en pleine r\u00e9cession \u00e9conomique, un touriste allemand a eu le toupet de me dire qu\u2019il n\u2019avait pas besoin de payer sa course puisque les Grecs ne payaient pas leurs imp\u00f4ts. Comment peut-on aimer ces gens-l\u00e0\u00a0?\u201d fulmine un chauffeur de taxi.<\/p>\n<p><strong>Vus par les Espagnols<\/strong><\/p>\n<p>Les avis \u00e0 propos des Allemands sont tr\u00e8s partag\u00e9s. Dans les grandes villes espagnoles, rares sont ceux qui s\u2019en plaignent\u00a0; on les trouve en g\u00e9n\u00e9ral d\u2019une politesse \u00e0 toute \u00e9preuve, mais aussi int\u00e9ress\u00e9s par la culture espagnole. Aux Bal\u00e9ares, en revanche, c\u2019est une autre histoire\u00a0: \u201cNous avons besoin des Allemands, explique un h\u00f4telier de Majorque, mais cela ne veut pas dire que \u00e7a nous pla\u00eet qu\u2019ils soient l\u00e0. Ils n\u2019essaient quasiment pas de parler espagnol, ne serait-ce qu\u2019un mot, et ils boivent presque autant que les Britanniques.\u201d<\/p>\n<p><strong>Vus par les Italiens<\/strong><\/p>\n<p>Parmi les touristes \u00e9trangers qui viennent chaque ann\u00e9e visiter l\u2019Italie, c\u2019est la nationalit\u00e9 allemande qui est le plus repr\u00e9sent\u00e9e. Les Allemands ont la r\u00e9putation d\u2019\u00eatre de gros buveurs et plut\u00f4t du genre tatillon, mais ils sont \u00e9galement connus pour aimer la culture italienne, et pour \u00eatre des gens chaleureux, en qu\u00eate d\u2019aventures, souvent hors des sentiers battus. Ils sont \u201cobs\u00e9d\u00e9s par les r\u00e8glements\u201d, planifient leurs itin\u00e9raires quotidiens avec une pr\u00e9cision militaire et demandent souvent des renseignements d\u2019une complexit\u00e9 incroyable, comme en t\u00e9moigne le concierge d\u2019un h\u00f4tel de Florence.<\/p>\n<p>Ils ont n\u00e9anmoins tendance \u00e0 se mettre dans le p\u00e9trin. Ainsi, en 2023, un groupe de jeunes touristes allemands a renvers\u00e9 une statue d\u2019une grande valeur dans la ville de Viggi\u00f9, pr\u00e8s du lac de C\u00f4me, en posant pour des photos destin\u00e9es aux r\u00e9seaux sociaux. \u00c0 la plage, tout le monde sait que ce sont les Allemands qui se l\u00e8vent \u00e0 l\u2019aube pour s\u2019approprier les meilleurs transats.<\/p>\n<p>                                <a href=\"https:\/\/focus.courrierinternational.com\/2025\/02\/25\/0\/0\/6000\/4000\/1280\/0\/60\/0\/b1c8b65_sirius-fs-upload-1-c6qcyuassb7s-1740487041772-075-militellomirto-madridst240304-npzf4.jpg\" data-pswp-width=\"1280\" data-pswp-height=\"853\" rel=\"nofollow noopener\" target=\"_blank\">        <img decoding=\"async\" loading=\"lazy\" onerror=\"this.classList.add(`img--error`)\" src=\"https:\/\/www.europesays.com\/fr\/wp-content\/uploads\/2025\/09\/b1c8b65_sirius-fs-upload-1-c6qcyuassb7s-1740487041772-075-militellomirto-madridst240304-npzf4.jpg\"  width=\"640\" height=\"427\" alt=\"Des touristes sur la Plaza Mayor de Madrid, en Espagne, le 3\u00a0avril 2024.\"\/>     <\/a>      Des touristes sur la Plaza Mayor de Madrid, en Espagne, le 3\u00a0avril 2024.   PHOTO FRANCESCO MILITELLO MIRTO\/NurPhoto\/AFP             <strong>Les touristes espagnols<\/strong>       <\/p>\n<p><strong>Vus par les Fran\u00e7ais<\/strong><\/p>\n<p>Ici, personne ou presque ne dit du mal des Espagnols, qui semblent affluer de l\u2019autre c\u00f4t\u00e9 de la fronti\u00e8re uniquement pour apporter un peu d\u2019animation en France, laissant leur tendance \u00e0 la m\u00e9lancolie \u00e0 la maison. D\u2019aucuns pr\u00e9tendent qu\u2019en dehors de chez eux ils se montreraient plut\u00f4t bruyants. Ce seraient \u201cles touristes les plus bruyants\u201d, selon un repr\u00e9sentant de l\u2019\u00c9glise que j\u2019ai rencontr\u00e9 \u00e0 Lourdes, \u201cparce que, lorsqu\u2019ils sont en groupe, ils parlent tous en m\u00eame temps. Il leur faut donc \u00e9lever la voix pour \u00eatre entendus, mais comme personne n\u2019entend ce que dit l\u2019autre, le bruit augmente encore.\u201d <\/p>\n<p>Cela mis \u00e0 part, ce sont des clients formidables pour les boutiques d\u2019objets religieux et les bistrots de Lourdes. Il faut voir comment les p\u00e8lerins espagnols se d\u00e9cha\u00eenent jusqu\u2019\u00e0 11\u00a0heures du soir dans la ville. Qui n\u2019a pas vu cela ne sait pas ce qu\u2019est un p\u00e8lerinage\u2026<\/p>\n<p>Pour Vincent Gu\u00e9rin, un conseiller de l\u2019office de tourisme du Beaujolais, \u201cc\u2019est un vrai plaisir de traiter avec eux, m\u00eame s\u2019ils sont d\u00e9rout\u00e9s par les heures de repas des restaurants fran\u00e7ais, surtout dans des villages un peu paum\u00e9s\u201d. En fait, les Espagnols aiment commencer \u00e0 manger exactement \u00e0 l\u2019heure o\u00f9 les restaurants terminent leur service dans les zones rurales en France. C\u2019est la seule pomme de discorde entre les habitants des deux pays.<\/p>\n<p><strong>Vus par les Grecs<\/strong><\/p>\n<p>\u201cLes Espagnols sont comme nous, des M\u00e9diterran\u00e9ens, mais en beaucoup plus bruyants\u201d, affirme le directeur de l\u2019h\u00f4tel Nammos, \u00e0 Mykonos, l\u2019une des stations baln\u00e9aires que les Espagnols prennent d\u2019assaut en \u00e9t\u00e9. \u201cIls ont des tapas comme nous nous avons nos mezz\u00e9s\u00a0; ils croquent la vie \u00e0 pleines dents, et ils adorent parler, comme nous\u00a0!\u201d<\/p>\n<p>Un commer\u00e7ant de Santorin abonde dans le m\u00eame sens\u00a0: \u201cIls nous ressemblent beaucoup, sauf que nos plages sont bien plus belles. L\u2019ancien roi d\u2019Espagne est m\u00eame mari\u00e9 \u00e0 Sofia de Gr\u00e8ce\u00a0; on fait donc partie un peu de la m\u00eame famille\u00a0!\u201d<\/p>\n<p><strong>Vus par les Italiens<\/strong><\/p>\n<p>Les touristes espagnols qui se rendent en Italie sont assez jeunes dans l\u2019ensemble. Ils suscitent tout naturellement des sentiments de camaraderie, en raison des similitudes entre les deux langues, de l\u2019importance de la nourriture et du vin pour eux, et de leur joie de vivre m\u00e9ridionale d\u2019habitants d\u2019un pays ensoleill\u00e9 de la M\u00e9diterran\u00e9e. En s\u2019aidant des mains, un Italien parvient \u00e0 se faire comprendre d\u2019un Espagnol, et vice versa. Il est certain qu\u2019ils partagent de nombreuses caract\u00e9ristiques.<\/p>\n<p>                                <a href=\"https:\/\/focus.courrierinternational.com\/2024\/11\/18\/0\/0\/5000\/3333\/1280\/0\/60\/0\/2f77486_1731945043139-080-hl-srouillard-2539981.jpg\" data-pswp-width=\"1280\" data-pswp-height=\"853\" rel=\"nofollow noopener\" target=\"_blank\">        <img decoding=\"async\" loading=\"lazy\" onerror=\"this.classList.add(`img--error`)\" src=\"https:\/\/www.europesays.com\/fr\/wp-content\/uploads\/2025\/09\/2f77486_1731945043139-080-hl-srouillard-2539981.jpg\"  width=\"640\" height=\"427\" alt=\"Int\u00e9rieur du Colis\u00e9e et ses nombreux touristes \u00e0 Rome, en Italie, le 16 septembre 2024.\"\/>     <\/a>      Int\u00e9rieur du Colis\u00e9e et ses nombreux touristes \u00e0 Rome, en Italie, le 16 septembre 2024.   Photo STEPHANE ROUILLARD\/Hans Lucas\/AFP             <strong>Les touristes italiens<\/strong>       <\/p>\n<p><strong>Vus par les Fran\u00e7ais<\/strong><\/p>\n<p>Pour les Fran\u00e7ais, les Italiens seraient une autre version d\u2019eux-m\u00eames, mais en plus excit\u00e9s et plus gesticulants. \u201cIls viennent pour notre art, notre histoire et notre gastronomie\u201d, constate avec satisfaction l\u2019enqu\u00eate men\u00e9e en Bourgogne. Ils ont le contact facile et font preuve d\u2019une \u201cspontan\u00e9it\u00e9 pleine de po\u00e9sie\u201d, selon Dana\u00e9 Pestel.<\/p>\n<p>Leur go\u00fbt prononc\u00e9 pour la nourriture et le vin peut exasp\u00e9rer certains Fran\u00e7ais \u2013 lorsque, par exemple, cela les am\u00e8ne \u00e0 critiquer les p\u00e2tes, les pizzas ou le caf\u00e9 fran\u00e7ais, comme ils le font assez fr\u00e9quemment. Mais en g\u00e9n\u00e9ral, ils se consid\u00e8rent, pour la gastronomie, comme les alli\u00e9s latins des Fran\u00e7ais contre les barbares de la restauration rapide.<\/p>\n<p>Dana\u00e9 Pestel n\u2019a relev\u00e9 qu\u2019un seul d\u00e9faut\u00a0: une tendance \u00e0 ne pas employer la bonne formule de salutations\u00a0: ainsi un Italien peut-il tr\u00e8s bien dire \u201cAu revoir\u00a0!\u201d en arrivant et \u201cBonjour\u00a0!\u201d en partant.<\/p>\n<p><strong>Vus par les Grecs<\/strong><\/p>\n<p>\u201cLes Italiens parlent tout le temps avec leurs mains et boivent beaucoup de caf\u00e9\u00a0; ils sont comme des Grecs, mais sous amph\u00e9tamines, plaisante un coiffeur. Le Dod\u00e9can\u00e8se leur pla\u00eet, parce que c\u2019est l\u00e0 qu\u2019ils ont r\u00e9gn\u00e9, et ils ont occup\u00e9 aussi les \u00eeles Ioniennes, comme le raconte le roman La Mandoline du Capitaine Corelli. De plus, beaucoup de personnes \u00e2g\u00e9es parlent un peu italien.\u201d<\/p>\n<p><strong>Vus par les Espagnols<\/strong><\/p>\n<p>Ici, personne ne dit du mal des Italiens, si ce n\u2019est qu\u2019ils sont parfois un peu bruyants. Tout le monde semble \u00eatre d\u2019avis que ces quasi-voisins de l\u2019Espagne sont presque leurs \u00e2mes s\u0153urs, car les Espagnols partagent de tr\u00e8s nombreuses similitudes avec eux, aussi bien aux niveaux culturel, linguistique et architectural que sur le plan des traditions culinaires.<\/p>\n<p>Contrairement aux touristes d\u2019autres pays (en particulier aux Am\u00e9ricains), les Italiens, eux, ne se plaignent pas de l\u2019heure tardive des repas, n\u2019entrent pas dans les \u00e9glises en short et d\u00e9bardeur, et sont consid\u00e9r\u00e9s dans l\u2019ensemble comme des gens respectueux.<\/p>\n<p>                                <a href=\"https:\/\/focus.courrierinternational.com\/2025\/05\/20\/0\/0\/5376\/3584\/1280\/0\/60\/0\/cf921e3_ftp-import-images-1-d5m1me8s0dkh-afp-47d44fu.jpg\" data-pswp-width=\"1280\" data-pswp-height=\"853\" rel=\"nofollow noopener\" target=\"_blank\">        <img decoding=\"async\" loading=\"lazy\" onerror=\"this.classList.add(`img--error`)\" src=\"https:\/\/www.europesays.com\/fr\/wp-content\/uploads\/2025\/09\/cf921e3_ftp-import-images-1-d5m1me8s0dkh-afp-47d44fu.jpg\"  width=\"640\" height=\"427\" alt=\"Un groupe de touristes dans les rues de P\u00e9kin, en Chine, le 20\u00a0mai 2025. \"\/>     <\/a>      Un groupe de touristes dans les rues de P\u00e9kin, en Chine, le 20\u00a0mai 2025.    Photo WANG ZHAO \/ AFP             <strong>Les touristes chinois<\/strong>       <\/p>\n<p><strong>Vus par les Fran\u00e7ais<\/strong><\/p>\n<p>De toute \u00e9vidence, les Fran\u00e7ais voudraient bien aimer les touristes chinois (car il y a beaucoup d\u2019argent \u00e0 gagner), mais ils ont parfois du mal. Ils sont en g\u00e9n\u00e9ral d\u00e9\u00e7us de voir des groupes visiter \u00e0 toute vitesse les grands sites culturels pour se rendre plus vite dans les boutiques de luxe. Enfin, cela ne d\u00e9\u00e7oit pas tout le monde\u00a0: les grands magasins parisiens, eux, se frottent les mains sans aucun doute\u00a0!<\/p>\n<p>Autre \u00e9l\u00e9ment qui met les nerfs des Fran\u00e7ais \u00e0 rude \u00e9preuve\u00a0: devoir \u00e9viter de commettre ce qui s\u2019apparente \u00e0 des exactions pour les Chinois. Il ne faudrait pas faire de grands gestes, parler avec les mains, arriver en retard ou r\u00e2ler, \u00e0 en croire l\u2019enqu\u00eate bourguignonne. Montrer du doigt un touriste chinois peut \u00e9galement \u00eatre consid\u00e9r\u00e9 comme un signe d\u2019agressivit\u00e9.<\/p>\n<p>Inversement, \u201ctous les Chinois ne ma\u00eetrisent pas les r\u00e8gles de politesse habituellement en vigueur au niveau mondial\u201d, souligne un h\u00f4telier de la c\u00f4te m\u00e9diterran\u00e9enne, qui pr\u00e9f\u00e8re rester anonyme, car il souhaite les garder comme clients, malgr\u00e9 sa remarque.<\/p>\n<p>D\u2019autres touristes chinois peuvent n\u00e9anmoins se montrer tr\u00e8s respectueux des hi\u00e9rarchies\u00a0: \u201cNos h\u00f4tes chinois demandent toujours qui est le propri\u00e9taire du ch\u00e2teau et ils n\u2019en croient pas leurs yeux d\u2019\u00eatre accueillis et servis par les propri\u00e9taires eux-m\u00eames\u201d, raconte Bernard Legal, du ch\u00e2teau de Chantore.<\/p>\n<p>En outre, lorsqu\u2019ils sortent, les Chinois aiment manger chinois\u00a0: \u201cIls nous demandent toujours de leur indiquer les meilleurs restaurants chinois de la ville, \u00e7a ne rate jamais\u00a0!\u201d dit Caterina Prochilo, de l\u2019office de tourisme de Nice.<\/p>\n<p><strong>Vus par les Grecs<\/strong><\/p>\n<p>Depuis que la soci\u00e9t\u00e9 chinoise Cosco a rachet\u00e9 une grande partie du port du Pir\u00e9e, on entend souvent les Grecs ronchonner\u00a0: \u201cIls sont en train de prendre possession de tout notre pays\u2026\u201d Un habitant de Santorin se plaint qu\u2019\u201cils provoquent des bouchons dans les ruelles et vont jusque sur les toits de [leurs] maisons pour prendre des selfies\u201d.<\/p>\n<p>En revanche, les touristes chinois plaisent beaucoup \u00e0 Maria, qui tient une boutique de v\u00eatements dans une des ruelles aux maisons blanchies \u00e0 la chaux de Chora, sur l\u2019\u00eele tr\u00e8s fr\u00e9quent\u00e9e de Mykonos. Elle est tr\u00e8s enthousiaste \u00e0 leur \u00e9gard\u00a0: \u201cJe les trouve formidables parce qu\u2019ils d\u00e9pensent \u00e9norm\u00e9ment\u00a0!\u201d<\/p>\n<p><strong>Vus par les Espagnols<\/strong><\/p>\n<p>Les Chinois sont appr\u00e9ci\u00e9s en Espagne pour leur pouvoir d\u2019achat et leur discr\u00e9tion, car ils restent en g\u00e9n\u00e9ral entre eux, sans faire trop de raffut. Le concierge d\u2019un h\u00f4tel chic se dit frapp\u00e9 par leur attirance pour les marques de cr\u00e9ateurs et de luxe, avant de pr\u00e9ciser quand m\u00eame que certains de ses coll\u00e8gues les trouvent au moins aussi p\u00e9nibles que les Am\u00e9ricains, car il faut satisfaire leurs moindres demandes sur-le-champ, sous peine de les voir s\u2019impatienter.<\/p>\n<p><strong>Vus par les Italiens<\/strong><\/p>\n<p>L\u2019Italie est devenue l\u2019une des destinations les plus pris\u00e9es des touristes chinois. En raison de son romantisme et de ses boutiques de luxe, le pays exerce un attrait consid\u00e9rable sur les nouvelles classes moyennes sup\u00e9rieures, au pouvoir d\u2019achat en hausse ces derniers temps. \u00c0 Milan, dans le Quadrilatero d\u2019Oro (le quartier des boutiques de cr\u00e9ateurs), ce sont les Chinois qui d\u00e9pensent le plus.<\/p>\n<p>Mais cela ne les rend pas pour autant sympathiques aux yeux de la majorit\u00e9 des Italiens, qui les appr\u00e9cient peu dans l\u2019ensemble. Les touristes chinois voyagent souvent en grands groupes, arm\u00e9s de perches \u00e0 selfie avec lesquels ils enregistrent chaque minute de leur p\u00e9riple, au m\u00e9pris des obstacles ou des situations inappropri\u00e9es\u00a0: \u201cIl y en a m\u00eame qui passent en rampant entre les jambes des gens\u201d \u00e0 la galerie des Offices, a constat\u00e9 un guide.<\/p>\n<p>                                <a href=\"https:\/\/focus.courrierinternational.com\/2025\/05\/02\/0\/0\/5000\/3330\/1280\/0\/60\/0\/68b314e_ftp-import-images-1-tkdpcqqeoyv8-2025-05-02t212058z-1542807546-rc2w9ea1ygcj-rtrmadp-3-australia-election.JPG\" data-pswp-width=\"1280\" data-pswp-height=\"852\" rel=\"nofollow noopener\" target=\"_blank\">        <img decoding=\"async\" loading=\"lazy\" onerror=\"this.classList.add(`img--error`)\" src=\"https:\/\/www.europesays.com\/fr\/wp-content\/uploads\/2025\/09\/68b314e_ftp-import-images-1-tkdpcqqeoyv8-2025-05-02t212058z-1542807546-rc2w9ea1ygcj-rtrmadp-3-austra.jpeg\"  width=\"640\" height=\"426\" alt=\"Un surfeur sur la plage de Bondi, \u00e0 Sydney, en Australie, le 3\u00a0mai 2025. \"\/>     <\/a>      Un surfeur sur la plage de Bondi, \u00e0 Sydney, en Australie, le 3\u00a0mai 2025.    Photo Hollie Adams \/ REUTERS             <strong>Les touristes australiens<\/strong>       <\/p>\n<p><strong>Vus par les Fran\u00e7ais<\/strong><\/p>\n<p>Bien accueillis un peu partout du fait de leur enthousiasme d\u00e9bordant, les Australiens sont particuli\u00e8rement estim\u00e9s dans le nord de la France, o\u00f9 ils se sont illustr\u00e9s lors de la Premi\u00e8re Guerre mondiale. Ce souvenir reste bien vivace, en particulier dans le Pas-de-Calais, o\u00f9 les diggers [soldats australiens et n\u00e9o-z\u00e9landais] se sont battus farouchement, comme \u00e0 Bullecourt et dans ses environs, en avril et mai 1917.<\/p>\n<p>Le village poss\u00e8de d\u2019ailleurs un parc m\u00e9morial en l\u2019honneur des 10\u00a0000 Australiens tomb\u00e9s au combat dans la r\u00e9gion, une rue d\u2019Australie, un Caf\u00e9 de Canberra et un superbe petit mus\u00e9e [Letaille] Bullecourt 1917, dirig\u00e9 par Harmony Pain et Alexandre Blondel. Ceux-ci jugent les visiteurs australiens particuli\u00e8rement amicaux et avenants\u00a0: \u201cCela fait longtemps que nous ne comptons plus le nombre de photos prises ensemble ou d\u2019accolades re\u00e7ues.\u201d De plus, les Australiens n\u2019h\u00e9sitent pas \u00e0 mettre la main \u00e0 la poche, que ce soit pour acheter des articles \u00e0 la boutique du mus\u00e9e ou pour faire des dons.<\/p>\n<p><strong>Vus par les Grecs<\/strong><\/p>\n<p>Comme l\u2019Australie comporte une forte diaspora grecque (1,7\u00a0% de ses habitants, selon le recensement de 2021), les Australiens sont chaleureusement accueillis en Gr\u00e8ce, en d\u00e9pit de la difficult\u00e9 de la plupart des Grecs \u00e0 comprendre l\u2019accent nasillard australien. \u201cLes Australiens sont un peu comme nous, les Grecs\u00a0: ils attachent beaucoup d\u2019importance \u00e0 l\u2019amiti\u00e9 entre potes (mateship)\u00a0; \u00e7a me fait penser aux liens tr\u00e8s forts que nous, les Grecs, entretenons avec notre parea (groupe d\u2019amis)\u201d, m\u2019a expliqu\u00e9 un Ath\u00e9nien.<\/p>\n<p><strong>Vus par les Espagnols<\/strong><\/p>\n<p>\u00c0 l\u2019instar des Am\u00e9ricains et des Britanniques, qu\u2019ils devancent seulement de peu en queue de peloton, les Australiens sont point\u00e9s du doigt pour leur comportement jug\u00e9 en g\u00e9n\u00e9ral assez rustre et irrespectueux. \u201cLes Australiens prennent notre cath\u00e9drale pour une bo\u00eete de nuit et non comme un lieu de pri\u00e8re\u201d, regrette un guide touristique de Barcelone, qui ajoute, entre autres r\u00e9criminations\u00a0: \u201cIls passent tout leur temps sur leur t\u00e9l\u00e9phone et ne semblent pas du tout int\u00e9ress\u00e9s par notre culture.\u201d<\/p>\n<p><strong>Vus par les Italiens<\/strong><\/p>\n<p>En Italie, tout le monde adore les Australiens. Enfin, presque tout le monde\u00a0! Et les Australiens le leur rendent bien, puisqu\u2019ils adorent l\u2019Italie et s\u2019extasient devant tout ce qui est italien. D\u2019un autre c\u00f4t\u00e9, apr\u00e8s avoir effectu\u00e9 plus de vingt-quatre heures d\u2019avion, c\u2019est un peu normal\u00a0! Comme le trajet leur a demand\u00e9 beaucoup d\u2019efforts et d\u2019argent, ils ont tendance \u00e0 raffoler de tout ce qu\u2019ils trouvent et \u00e0 se jeter \u00e0 corps perdu dans la vie locale.<\/p>\n<p>Revers de la m\u00e9daille\u00a0: il arrive que leur enthousiasme les conduise trop loin. Ainsi, en ao\u00fbt 2022, deux Australiens ont \u00e9t\u00e9 surpris en train de surfer sur le Grand Canal de Venise, et un autre en train de faire le tour du site antique de Pomp\u00e9i \u00e0 scooter. Il semblerait n\u00e9anmoins que ce soit l\u2019exception \u00e0 la r\u00e8gle, et les Italiens ont dans l\u2019ensemble une bonne image des Australiens.<\/p>\n<p>                                <a href=\"https:\/\/focus.courrierinternational.com\/2025\/04\/18\/0\/0\/5568\/3712\/1280\/0\/60\/0\/e43f853_sirius-fs-upload-1-iqs6vo2ei7th-1744980204174-080-hl-mcohen-2486229.jpg\" data-pswp-width=\"1280\" data-pswp-height=\"853\" rel=\"nofollow noopener\" target=\"_blank\">        <img decoding=\"async\" loading=\"lazy\" onerror=\"this.classList.add(`img--error`)\" src=\"https:\/\/www.europesays.com\/fr\/wp-content\/uploads\/2025\/09\/e43f853_sirius-fs-upload-1-iqs6vo2ei7th-1744980204174-080-hl-mcohen-2486229.jpg\"  width=\"640\" height=\"427\" alt=\"Des touristes am\u00e9ricains devant la cath\u00e9drale Notre-Dame de Paris durant les JO de 2024, le 10\u00a0ao\u00fbt 2024.\"\/>     <\/a>      Des touristes am\u00e9ricains devant la cath\u00e9drale Notre-Dame de Paris durant les JO de 2024, le 10\u00a0ao\u00fbt 2024.   Photo MAGALI COHEN\/Hans Lucas\/AFP             <strong>Les touristes am\u00e9ricains<\/strong>       <\/p>\n<p><strong>Vus par les Fran\u00e7ais<\/strong><\/p>\n<p>R\u00e9cemment, dans une vid\u00e9o de micro-trottoir r\u00e9alis\u00e9e avec le soutien de la r\u00e9gion Nouvelle-Aquitaine, il a \u00e9t\u00e9 demand\u00e9 \u00e0 des Am\u00e9ricains ce que leur \u00e9voquait le mot \u201cBordeaux\u201d. \u201cBrigitte Bordeaux\u00a0!\u201d a r\u00e9pondu une jeune femme. Mais lorsqu\u2019ils sont sur le sol fran\u00e7ais, les Am\u00e9ricains se montrent un peu plus brillants.<\/p>\n<p>Ils sont tr\u00e8s appr\u00e9ci\u00e9s pour leur vivacit\u00e9 d\u2019esprit et leur soif de culture, comme en t\u00e9moigne Marie-C\u00e9cile Ruault-Marmande, du mus\u00e9e national de la Pr\u00e9histoire en Dordogne\u00a0: \u201cM\u00eame au bout de deux heures de visite, ils restent enthousiastes et en redemandent. Ils appr\u00e9cient les explications tr\u00e8s d\u00e9taill\u00e9es, et font preuve d\u2019une grande capacit\u00e9 \u00e0 s\u2019\u00e9merveiller.\u201d<\/p>\n<p>Partout en France, les gens remarquent l\u2019exub\u00e9rance am\u00e9ricaine. \u201cIls sourient toujours et respirent la joie de vivre\u201d, constate Elena Murtas, qui travaille \u00e0 l\u2019office de tourisme d\u2019Aups, en Provence. Quelques b\u00e9mols toutefois\u00a0: il semblerait que les Am\u00e9ricains aient du mal avec l\u2019habitude fran\u00e7aise de faire la bise. Il leur faut de la climatisation, mais n\u2019ont que faire des abats et autres trucs mous que les Fran\u00e7ais aiment servir \u00e0 table.<\/p>\n<p>De plus, selon Bernard Legal, du ch\u00e2teau de Chantore, ils ne sont pas tr\u00e8s sensibles aux consid\u00e9rations \u00e9cologiques\u00a0: \u201cIls n\u2019\u00e9teignent jamais les lumi\u00e8res et voyagent avec d\u2019\u00e9normes valises.\u201d Cela \u00e9tant, ils sont les chouchous du personnel du ch\u00e2teau, car ce sont des personnes \u201caimables, respectueuses et qui savent le dire lorsqu\u2019elles appr\u00e9cient quelque chose\u201d.<\/p>\n<p><strong>Vus par les Grecs<\/strong><\/p>\n<p>Ici, les Am\u00e9ricains sont r\u00e9put\u00e9s pour leur g\u00e9n\u00e9rosit\u00e9 en mati\u00e8re de pourboires. Par ailleurs, ils entretiennent des liens historiques \u00e9troits avec la Gr\u00e8ce, et pas seulement en raison de la pr\u00e9sence d\u2019innombrables bases am\u00e9ricaines. En effet, apr\u00e8s la guerre, des villages grecs entiers, plong\u00e9s dans la mis\u00e8re, se sont vid\u00e9s de leurs habitants, partis aux \u00c9tats-Unis pour y entamer une nouvelle vie.<\/p>\n<p>\u201cCeux qui reviennent ici pour les vacances, on les appelle les Amerikanakia. Bien souvent, les plus jeunes ne parlent m\u00eame pas grec, mais nous les accueillons comme s\u2019ils \u00e9taient issus de notre propre sang\u201d, m\u2019a confi\u00e9 Mixalis Resnis, un tour-op\u00e9rateur de l\u2019\u00eele de Karpathos.<\/p>\n<p><strong>Vus par les Espagnols<\/strong><\/p>\n<p>\u201cLes Am\u00e9ricains ne sont pas tellement mieux que les Britanniques\u201d, affirme un guide touristique de S\u00e9ville, en \u00e9voquant le manque de respect des Am\u00e9ricains pour les coutumes et la culture locales, en particulier lorsqu\u2019ils visitent des sites religieux. Ils remportent \u00e9galement la palme de l\u2019ignorance historique et culturelle, comme l\u2019illustre le cas de ce touriste am\u00e9ricain qui avait demand\u00e9 si Franco \u00e9tait \u201ctoujours\u201d roi d\u2019Espagne. Et ce n\u2019est qu\u2019un exemple parmi d\u2019autres\u00a0! Les Am\u00e9ricains les plus ais\u00e9s sont n\u00e9anmoins bien accueillis du fait de leur fort pouvoir d\u2019achat.<\/p>\n<p><strong>Vus par les Italiens<\/strong><\/p>\n<p>\u201cLes Am\u00e9ricains fortun\u00e9s, du genre de ceux qui s\u00e9journent au Four Seasons, font partie de mes clients les plus difficiles, explique un guide, ils sont imbus d\u2019eux-m\u00eames, impolis, exigeants et n\u2019h\u00e9sitent pas \u00e0 faire attendre les autres pendant des heures.\u201d Selon lui, ils partent du principe que tout doit fonctionner de la m\u00eame mani\u00e8re que dans leur pays d\u2019origine et comprennent mal \u2013ou tol\u00e8rent mal \u2013 les particularit\u00e9s et subtilit\u00e9s du syst\u00e8me italien.<\/p>\n<p>Mais un autre guide fait, lui, l\u2019\u00e9loge des Am\u00e9ricains en g\u00e9n\u00e9ral, des \u201cbravissimi clienti\u201d, appr\u00e9ciant tout ce qui est italien, de la nourriture au vin, en passant par la culture. \u201cEt ils n\u2019h\u00e9sitent pas \u00e0 donner des pourboires, m\u00eame quand ce n\u2019est pas n\u00e9cessaire\u00a0!\u201d<\/p>\n<p>                                <a href=\"https:\/\/focus.courrierinternational.com\/2025\/05\/24\/0\/0\/5740\/3826\/1280\/0\/60\/0\/cf671a0_ftp-import-images-1-uzw23kvnrmsz-2025-05-24t053346z-27688102-rc2rbea4yz3m-rtrmadp-3-travel-cm-paris.JPG\" data-pswp-width=\"1280\" data-pswp-height=\"853\" rel=\"nofollow noopener\" target=\"_blank\">        <img decoding=\"async\" loading=\"lazy\" onerror=\"this.classList.add(`img--error`)\" src=\"https:\/\/www.europesays.com\/fr\/wp-content\/uploads\/2025\/09\/cf671a0_ftp-import-images-1-uzw23kvnrmsz-2025-05-24t053346z-27688102-rc2rbea4yz3m-rtrmadp-3-travel-c.jpeg\"  width=\"640\" height=\"427\" alt=\"Des touristes portant des b\u00e9rets rouges et des marini\u00e8res devant la pyramide du Louvre \u00e0 Paris, le 5\u00a0mai 2025. \"\/>     <\/a>      Des touristes portant des b\u00e9rets rouges et des marini\u00e8res devant la pyramide du Louvre \u00e0 Paris, le 5\u00a0mai 2025.    Photo Abdul Saboor\/REUTERS             <strong>Les touristes fran\u00e7ais<\/strong>       <\/p>\n<p><strong>Vus par les Grecs<\/strong><\/p>\n<p>\u201cAh, les Fran\u00e7ais\u00a0! Ils sont si romantiques\u2026 mais pourquoi r\u00e2lent-ils donc tout le temps\u00a0?\u201d Voil\u00e0 l\u2019une des r\u00e9ponses que j\u2019ai re\u00e7ues \u00e0 leur sujet, lorsque j\u2019ai interrog\u00e9 une demi-douzaine de Cr\u00e9tois attabl\u00e9s au kafeneio local. Avec de l\u00e9g\u00e8res variantes\u00a0: \u201cPourquoi sont-ils toujours autant stress\u00e9s\u00a0?\u201d\u00a0; \u201cPourquoi font-ils semblant de ne pas savoir parler anglais\u00a0?\u201d <\/p>\n<p>Un h\u00f4telier m\u2019explique\u00a0: \u201cContrairement \u00e0 nous les Cr\u00e9tois, qui prenons les choses comme elles viennent, les Fran\u00e7ais se plaignent pour un rien. On trouve \u00e7a bizarre. Mais attention, on les pr\u00e9f\u00e8re aux Allemands, parce qu\u2019au moins, eux, ils sourient et disent bonjour [en fran\u00e7ais dans le texte] \u00e0 tout le monde.\u201d<\/p>\n<p><strong>Vus par les Espagnols<\/strong><\/p>\n<p>S\u2019il est un sujet qui divise l\u2019opinion, c\u2019est bien l\u2019impression que laissent les Fran\u00e7ais. La plupart des Espagnols les consid\u00e8rent comme bien plus civilis\u00e9s que les Britanniques. \u201cIls ne restent pas allong\u00e9s sur la plage jusqu\u2019\u00e0 devenir compl\u00e8tement cram\u00e9s, et ils ne se bourrent pas toujours la gueule\u201d, constate un h\u00f4telier. Mais si beaucoup estiment que ce sont des gens bien \u00e9duqu\u00e9s et polis, d\u2019autres, presque aussi nombreux, les trouvent arrogants et chicaneurs.<\/p>\n<p><strong>Vus par les Italiens<\/strong><\/p>\n<p>Si les Italiens consid\u00e8rent en g\u00e9n\u00e9ral que les Fran\u00e7ais savent s\u2019habiller avec go\u00fbt, d\u2019autres commentaires sur les Fran\u00e7ais ne sont pas aussi flatteurs\u00a0: ils sont jug\u00e9s ferm\u00e9s, intol\u00e9rants, arrogants, se donnant des airs sup\u00e9rieurs, en particulier \u00e0 propos de la nourriture, du vin et de leur langue.<\/p>\n<p>Il vaut mieux ne pas s\u2019aviser de dire \u00e0 un Fran\u00e7ais que la cuisine fran\u00e7aise est n\u00e9e \u00e0 Florence \u00e0 la cour de Catherine de M\u00e9dicis, car cela risque d\u2019\u00eatre tr\u00e8s mal per\u00e7u. \u201cIls font rarement preuve d\u2019un r\u00e9el enthousiasme et affichent souvent un manque total de reconnaissance\u201d, d\u00e9plore un guide touristique. \u201cLes Fran\u00e7ais sont tout simplement\u2026 fran\u00e7ais\u00a0! Mais au moins, ils parlent un peu anglais maintenant, on arrive donc mieux \u00e0 communiquer avec eux\u201d, se console un restaurateur.<\/p>\n","protected":false},"excerpt":{"rendered":"[Cet article a \u00e9t\u00e9 initialement publi\u00e9 le 6\u00a0juillet 2025, et republi\u00e9 le 13\u00a0septembre.] \u00c0 l\u2019heure o\u00f9 les effets&hellip;\n","protected":false},"author":2,"featured_media":229655,"comment_status":"","ping_status":"","sticky":false,"template":"","format":"standard","meta":{"footnotes":""},"categories":[1588],"tags":[11,672,3822,6060,5035,309,1777,674,27,25984,452,3821,12,473,1853,602,36824,770,1851,1850,1852],"class_list":{"0":"post-387734","1":"post","2":"type-post","3":"status-publish","4":"format-standard","5":"has-post-thumbnail","7":"category-royaume-uni","8":"tag-actualites","9":"tag-allemagne","10":"tag-amu00e9riques","11":"tag-asie","12":"tag-australie","13":"tag-chine","14":"tag-eu","15":"tag-europe","16":"tag-france","17":"tag-gru00e8ce","18":"tag-italie","19":"tag-la-france-vue-de-lu2019u00e9tranger","20":"tag-news","21":"tag-royaume-uni","22":"tag-royaume-uni-de-grande-bretagne-et-dirlande-du-nord","23":"tag-tourisme","24":"tag-tourisme-de-masse","25":"tag-u00e9tats-unis","26":"tag-uk","27":"tag-united-kingdom","28":"tag-united-kingdom-of-great-britain-and-northern-ireland"},"share_on_mastodon":{"url":"https:\/\/pubeurope.com\/@fr\/115196761212352584","error":""},"_links":{"self":[{"href":"https:\/\/www.europesays.com\/fr\/wp-json\/wp\/v2\/posts\/387734","targetHints":{"allow":["GET"]}}],"collection":[{"href":"https:\/\/www.europesays.com\/fr\/wp-json\/wp\/v2\/posts"}],"about":[{"href":"https:\/\/www.europesays.com\/fr\/wp-json\/wp\/v2\/types\/post"}],"author":[{"embeddable":true,"href":"https:\/\/www.europesays.com\/fr\/wp-json\/wp\/v2\/users\/2"}],"replies":[{"embeddable":true,"href":"https:\/\/www.europesays.com\/fr\/wp-json\/wp\/v2\/comments?post=387734"}],"version-history":[{"count":0,"href":"https:\/\/www.europesays.com\/fr\/wp-json\/wp\/v2\/posts\/387734\/revisions"}],"wp:featuredmedia":[{"embeddable":true,"href":"https:\/\/www.europesays.com\/fr\/wp-json\/wp\/v2\/media\/229655"}],"wp:attachment":[{"href":"https:\/\/www.europesays.com\/fr\/wp-json\/wp\/v2\/media?parent=387734"}],"wp:term":[{"taxonomy":"category","embeddable":true,"href":"https:\/\/www.europesays.com\/fr\/wp-json\/wp\/v2\/categories?post=387734"},{"taxonomy":"post_tag","embeddable":true,"href":"https:\/\/www.europesays.com\/fr\/wp-json\/wp\/v2\/tags?post=387734"}],"curies":[{"name":"wp","href":"https:\/\/api.w.org\/{rel}","templated":true}]}}