{"id":387745,"date":"2025-09-13T11:35:13","date_gmt":"2025-09-13T11:35:13","guid":{"rendered":"https:\/\/www.europesays.com\/fr\/387745\/"},"modified":"2025-09-13T11:35:13","modified_gmt":"2025-09-13T11:35:13","slug":"les-evacuations-vers-la-france-toujours-a-larret-malgre-lurgence-humanitaire-liberation","status":"publish","type":"post","link":"https:\/\/www.europesays.com\/fr\/387745\/","title":{"rendered":"les \u00e9vacuations vers la France toujours \u00e0 l\u2019arr\u00eat malgr\u00e9 l\u2019urgence humanitaire \u2013 Lib\u00e9ration"},"content":{"rendered":"<p class=\"sc-cPiKLX AiZTS text-element\">Depuis plusieurs semaines, Catherine Le Scolan, m\u00e9decin g\u00e9n\u00e9raliste \u00e0 Rennes, se d\u00e9m\u00e8ne pour \u00e9vacuer Majdi Fathi, photojournaliste palestinien ind\u00e9pendant, de l\u2019enfer qu\u2019est devenue la bande de Gaza. P\u00e8re de quatre enfants, le quadrag\u00e9naire documente au quotidien et au p\u00e9ril de sa vie, la vie de ses concitoyens expos\u00e9s \u00e0 des bombardements incessants, la destruction de leurs logements et la famine grandissante. Ses images, publi\u00e9es par de grands m\u00e9dias internationaux tels que la BBC ou The Guardian, captent les sc\u00e8nes les plus dures du conflit, des files d\u2019attente interminables devant les points de distribution d\u2019aide humanitaire aux immenses panaches de fum\u00e9e qui obscurcissent ces derniers jours le ciel de la ville de Gaza. <\/p>\n<p class=\"sc-cPiKLX AiZTS text-element\">Catherine Le Scolan, qui a men\u00e9 une mission humanitaire \u00e0 l\u2019h\u00f4pital Nasser de Khan Youn\u00e8s en novembre 2024, s\u2019emploie d\u00e9sormais \u00e0 r\u00e9unir tous les documents n\u00e9cessaires pour faire \u00e9vacuer le photographe. Car Majdi Fathi et sa famille vivent dans la ville de Gaza, \u00e0 proximit\u00e9 du port, que l\u2019arm\u00e9e isra\u00e9lienne bombarde sans rel\u00e2che dans le cadre <a href=\"https:\/\/www.liberation.fr\/international\/moyen-orient\/nous-ne-savons-pas-ou-aller-il-ny-a-aucun-endroit-sur-les-palestiniens-face-a-limpossible-evacuation-de-la-ville-de-gaza-20250911_D7WLYA2AF5EYFFJHF5ZJIGWISI\/\" target=\"_blank\" rel=\"noopener\" title=\"https:\/\/www.liberation.fr\/international\/moyen-orient\/nous-ne-savons-pas-ou-aller-il-ny-a-aucun-endroit-sur-les-palestiniens-face-a-limpossible-evacuation-de- &lt;div style=\" clear:=\"\" both=\"\"><\/p>\n","protected":false},"excerpt":{"rendered":"Depuis plusieurs semaines, Catherine Le Scolan, m\u00e9decin g\u00e9n\u00e9raliste \u00e0 Rennes, se d\u00e9m\u00e8ne pour \u00e9vacuer Majdi Fathi, photojournaliste palestinien&hellip;\n","protected":false},"author":2,"featured_media":387746,"comment_status":"","ping_status":"","sticky":false,"template":"","format":"standard","meta":{"footnotes":""},"categories":[4],"tags":[11,1011,27,3517,3522,664,3523,12,25],"class_list":{"0":"post-387745","1":"post","2":"type-post","3":"status-publish","4":"format-standard","5":"has-post-thumbnail","7":"category-france","8":"tag-actualites","9":"tag-fr","10":"tag-france","11":"tag-gaza-l-escalade","12":"tag-guerre-hamas-israel","13":"tag-israel","14":"tag-israel-palestine-conflit","15":"tag-news","16":"tag-republique-francaise"},"share_on_mastodon":{"url":"https:\/\/pubeurope.com\/@fr\/115196783886332783","error":""},"_links":{"self":[{"href":"https:\/\/www.europesays.com\/fr\/wp-json\/wp\/v2\/posts\/387745","targetHints":{"allow":["GET"]}}],"collection":[{"href":"https:\/\/www.europesays.com\/fr\/wp-json\/wp\/v2\/posts"}],"about":[{"href":"https:\/\/www.europesays.com\/fr\/wp-json\/wp\/v2\/types\/post"}],"author":[{"embeddable":true,"href":"https:\/\/www.europesays.com\/fr\/wp-json\/wp\/v2\/users\/2"}],"replies":[{"embeddable":true,"href":"https:\/\/www.europesays.com\/fr\/wp-json\/wp\/v2\/comments?post=387745"}],"version-history":[{"count":0,"href":"https:\/\/www.europesays.com\/fr\/wp-json\/wp\/v2\/posts\/387745\/revisions"}],"wp:featuredmedia":[{"embeddable":true,"href":"https:\/\/www.europesays.com\/fr\/wp-json\/wp\/v2\/media\/387746"}],"wp:attachment":[{"href":"https:\/\/www.europesays.com\/fr\/wp-json\/wp\/v2\/media?parent=387745"}],"wp:term":[{"taxonomy":"category","embeddable":true,"href":"https:\/\/www.europesays.com\/fr\/wp-json\/wp\/v2\/categories?post=387745"},{"taxonomy":"post_tag","embeddable":true,"href":"https:\/\/www.europesays.com\/fr\/wp-json\/wp\/v2\/tags?post=387745"}],"curies":[{"name":"wp","href":"https:\/\/api.w.org\/{rel}","templated":true}]}}