{"id":387755,"date":"2025-09-13T11:42:14","date_gmt":"2025-09-13T11:42:14","guid":{"rendered":"https:\/\/www.europesays.com\/fr\/387755\/"},"modified":"2025-09-13T11:42:14","modified_gmt":"2025-09-13T11:42:14","slug":"un-grand-prix-de-cette-saison-vers-un-enorme-record","status":"publish","type":"post","link":"https:\/\/www.europesays.com\/fr\/387755\/","title":{"rendered":"un Grand Prix de cette saison vers un \u00e9norme record ?"},"content":{"rendered":"<p>Vers un tr\u00e8s gros record pour le Grand Prix des Etats-Unis ? Alors que le Circuit des Am\u00e9riques va accueillir le Grand Prix lors du week-end du 17 au 19 octobre, il s&rsquo;av\u00e8re que la demande est forte. Bobby Epstein, le pr\u00e9sident du Circuit des Am\u00e9riques, a d\u00e9clar\u00e9 que ce pourrait \u00eatre un Grand Prix des \u00c9tats-Unis \u00e0 guichets ferm\u00e9s, en citant le film F1 avec Brad Pitt comme une aide importante en vue d&rsquo;\u00e9tablir un nouveau record d&rsquo;affluence. Dans des propos repris par Motorsport Next Gen, Epstein a parl\u00e9 de ce possible gros record en vue.<\/p>\n<p>Un \u00e9norme record pour le Grand Prix des Etats-Unis ?<\/p>\n<blockquote>\n<p>\u00ab\u00a0Nous pourrions nous rapprocher d\u2019un nouveau record \u2013 il est encore t\u00f4t. Je sais juste que nous sommes d\u00e9j\u00e0 dans le top 3. Je ne sais pas s\u2019il manque quelque chose pour le battre, mais juste apr\u00e8s la pand\u00e9mie, la demande a fortement augment\u00e9 entre Netflix et les gens qui recevaient des ch\u00e8ques du gouvernement, ce qui leur donnait plus d\u2019argent \u00e0 d\u00e9penser. Je pense que c\u2019est la plus grande diff\u00e9rence. Ce n\u2019est pas l\u2019amour du sport ou la demande, je dirais que c\u2019est l\u2019\u00e9conomie\u00a0\u00bb, a d\u00e9clar\u00e9 Bobby Epstein, qui esp\u00e8re que le Grand Prix des Etats-Unis va conna\u00eetre un engouement \u00e9norme cette ann\u00e9e. Cela semble bien parti.<\/p>\n<\/blockquote>\n<p>    Partagez cette info avec vos amis et vos proches en cliquant ici  <\/p>\n<p> Podcasts \u00e0 la une MEN LIFE <\/p>\n<p>    Pour r\u00e9sumer<\/p>\n<p>Vers un tr\u00e8s gros record pour le Grand Prix des Etats-Unis ? Alors que le Circuit des Am\u00e9riques va accueillir le Grand Prix lors du week-end du 17 au 19 octobre, il s&rsquo;av\u00e8re que la demande est forte. Bobby Epstein, le pr\u00e9sident du Circuit des Am\u00e9riques, a d\u00e9clar\u00e9 que ce pourrait \u00eatre un Grand Prix des \u00c9tats-Unis \u00e0 guichets ferm\u00e9s.<\/p>\n<p>R\u00e9dacteur<\/p>\n<p><img decoding=\"async\" width=\"76\" height=\"76\" loading=\"lazy\" src=\"https:\/\/www.europesays.com\/fr\/wp-content\/uploads\/2025\/04\/logo-victor-willems.jpg\" alt=\"Victor Willems\"\/><\/p>\n","protected":false},"excerpt":{"rendered":"Vers un tr\u00e8s gros record pour le Grand Prix des Etats-Unis ? Alors que le Circuit des Am\u00e9riques&hellip;\n","protected":false},"author":2,"featured_media":387756,"comment_status":"","ping_status":"","sticky":false,"template":"","format":"standard","meta":{"footnotes":""},"categories":[1412],"tags":[1451,1452,1453,1454,1455,1011,27,60],"class_list":{"0":"post-387755","1":"post","2":"type-post","3":"status-publish","4":"format-standard","5":"has-post-thumbnail","7":"category-f1","8":"tag-f1","9":"tag-formula-1","10":"tag-formula1","11":"tag-formule-1","12":"tag-formule1","13":"tag-fr","14":"tag-france","15":"tag-sports"},"share_on_mastodon":{"url":"https:\/\/pubeurope.com\/@fr\/115196811720117141","error":""},"_links":{"self":[{"href":"https:\/\/www.europesays.com\/fr\/wp-json\/wp\/v2\/posts\/387755","targetHints":{"allow":["GET"]}}],"collection":[{"href":"https:\/\/www.europesays.com\/fr\/wp-json\/wp\/v2\/posts"}],"about":[{"href":"https:\/\/www.europesays.com\/fr\/wp-json\/wp\/v2\/types\/post"}],"author":[{"embeddable":true,"href":"https:\/\/www.europesays.com\/fr\/wp-json\/wp\/v2\/users\/2"}],"replies":[{"embeddable":true,"href":"https:\/\/www.europesays.com\/fr\/wp-json\/wp\/v2\/comments?post=387755"}],"version-history":[{"count":0,"href":"https:\/\/www.europesays.com\/fr\/wp-json\/wp\/v2\/posts\/387755\/revisions"}],"wp:featuredmedia":[{"embeddable":true,"href":"https:\/\/www.europesays.com\/fr\/wp-json\/wp\/v2\/media\/387756"}],"wp:attachment":[{"href":"https:\/\/www.europesays.com\/fr\/wp-json\/wp\/v2\/media?parent=387755"}],"wp:term":[{"taxonomy":"category","embeddable":true,"href":"https:\/\/www.europesays.com\/fr\/wp-json\/wp\/v2\/categories?post=387755"},{"taxonomy":"post_tag","embeddable":true,"href":"https:\/\/www.europesays.com\/fr\/wp-json\/wp\/v2\/tags?post=387755"}],"curies":[{"name":"wp","href":"https:\/\/api.w.org\/{rel}","templated":true}]}}