{"id":387757,"date":"2025-09-13T11:43:15","date_gmt":"2025-09-13T11:43:15","guid":{"rendered":"https:\/\/www.europesays.com\/fr\/387757\/"},"modified":"2025-09-13T11:43:15","modified_gmt":"2025-09-13T11:43:15","slug":"lultime-bataille-entre-vingegaard-et-almeida-au-sommet-du-bola-del-mundo-le-classement","status":"publish","type":"post","link":"https:\/\/www.europesays.com\/fr\/387757\/","title":{"rendered":"l&rsquo;ultime bataille entre Vingegaard et Almeida au sommet du Bola del Mundo, le classement"},"content":{"rendered":"<p class=\"app_entry_lead\">\n<p>                    <a title=\"\" href=\"https:\/\/www.europesays.com\/fr\/wp-content\/uploads\/2025\/09\/80190215.jpg\" class=\"fancy\"><\/p>\n<p>                            <img loading=\"lazy\" decoding=\"async\" src=\"https:\/\/www.europesays.com\/fr\/wp-content\/uploads\/2025\/09\/80190215.jpg\" alt=\"Vuelta 2025\u00a0: l'ultime bataille entre Vingegaard et Almeida au sommet du Bola del Mundo, le classement\" width=\"1500\" height=\"1000\"\/><\/p>\n<p>                    <\/a><\/p>\n<p>                Le Tour d&rsquo;Espagne se d\u00e9roule du 23\u00a0ao\u00fbt au 14\u00a0septembre avec de grandes attentes autour de Vingegaard&#8230; Mais pas que.<\/p>\n<p>            &#13;<\/p>\n<p>Sommaire<\/p>\n<p>&#13;<br \/>\n&#13;<br \/>\n&#13;<\/p>\n<p>Une Vuelta qui restera dans les annales pour de mauvaises raisons. Apr\u00e8s une multitude d&rsquo;\u00e9tapes perturb\u00e9es par les manifestations pro Palestine, le Tour d&rsquo;Espagne entre dans sa derni\u00e8re ligne droite. Il reste une v\u00e9ritable \u00e9tape pour faire la diff\u00e9rence entre Joao Almeida et Jonas Vingegaard et ce sera ce samedi, si tout se passe bien niveau s\u00e9curit\u00e9&#8230;<\/p>\n<p>Derni\u00e8res mises \u00e0 jour<\/p>\n<p><a name=\"post1757763672\"\/>13:41 &#8211; Vingt secondes<\/p>\n<p>Dans les derniers hectom\u00e8tres de la premi\u00e8re ascension de la journ\u00e9e, un groupe de neuf coureurs s&rsquo;est d\u00e9tach\u00e9. On y retourne notamment Mikkel Landa et Mads Pedersen.<\/p>\n<p><a name=\"post1757763642\"\/>13:40 &#8211; Chute d&rsquo;un sprinteur ! <\/p>\n<p>Dans la descente de l&rsquo;Alto de la Escondida, le sprinteur belge Arne Marit a lourdement chut\u00e9 dans un virage.\u00a0<\/p>\n<p><a name=\"post1757763339\"\/>13:35 &#8211; Un Australien en t\u00eate ! <\/p>\n<p>Le coureur de la formation Bahrain-Victorious Jack Haig a franchi le sommet de la Alto de la Escondida en t\u00eate.<\/p>\n<p><a name=\"post1757763168\"\/>13:32 &#8211; Un groupe se forme<\/p>\n<p>\u00c0 moins de deux kilom\u00e8tres du sommet de l&rsquo;Alto de la Escondida, un groupe s&rsquo;est form\u00e9 en t\u00eate, sous l&rsquo;impulsion de la formation Ineos Grenadiers.<\/p>\n<p><a name=\"post1757762993\"\/>13:29 &#8211; Ciccone se d\u00e9tache <\/p>\n<p>En compagnie de Brandon Rivera, Giulio Ciccone attaque et creuse un l\u00e9ger \u00e9cart.<\/p>\n<p><a name=\"post1757762785\"\/>13:26 &#8211; Cinq kilom\u00e8tres<\/p>\n<p>Alors que le d\u00e9part r\u00e9el a \u00e9t\u00e9 donn\u00e9 au pied de l&rsquo;ascension de l&rsquo;Alto de la Escondida, il reste cinq kilom\u00e8tres \u00e0 parcourir avant le sommet.\u00a0<\/p>\n<p><a name=\"post1757762774\"\/>13:26 &#8211; Le duo repris<\/p>\n<p>Le peloton est revenu sur le duo de t\u00eate, alors que le peloton en plusieurs groupes, sans surprise.\u00a0<\/p>\n<p><a name=\"post1757762727\"\/>13:25 &#8211; Regroupement en t\u00eate<\/p>\n<p>Derri\u00e8re le duo de t\u00eate, un groupe s&rsquo;est d\u00e9tach\u00e9 en contre.<\/p>\n<p><a name=\"post1757762638\"\/>13:23 &#8211; Bernal en contre<\/p>\n<p>En solitaire, le Colombien Egan Bernal revient sur Filippo Ganna. Le duo a une dizaine de secondes d&rsquo;avance sur le peloton.<\/p>\n<p><a name=\"post1757762520\"\/>13:22 &#8211; Ganna se place ! <\/p>\n<p>Coureur de la formation Ineos Grenadiers, Filippo Ganna se place et attaque. L&rsquo;Italien a quelques dizaines de m\u00e8tres d&rsquo;avance sur le peloton.\u00a0<\/p>\n<p><a name=\"post1757762400\"\/>13:20 &#8211; C&rsquo;est parti ! <\/p>\n<p>Le d\u00e9part r\u00e9el de la 20e \u00e9tape de la Vuelta 2025 vient d&rsquo;\u00eatre donn\u00e9 ! 160 kilom\u00e8tres \u00e0 parcourir jusqu&rsquo;\u00e0 la Bola Del Mundo !\u00a0<\/p>\n<p><a name=\"post1757762343\"\/>13:19 &#8211; Nouvelle crevaison<\/p>\n<p>Les crevaisons s&rsquo;encha\u00eenent dans ce d\u00e9but d&rsquo;\u00e9tape alors que le d\u00e9part r\u00e9el n&rsquo;a pas encore \u00e9t\u00e9 donn\u00e9 ! C&rsquo;est au tour d&rsquo;Elia Viviani de poser un pied \u00e0 terre.\u00a0<\/p>\n<p><a name=\"post1757762172\"\/>13:16 &#8211; D\u00e9pannage express<\/p>\n<p>Sur le bord de la route, c&rsquo;est au tour du Belge Jenthe Biermans de s&rsquo;arr\u00eater pour quelques ajustements sur son v\u00e9lo.<\/p>\n<p><a name=\"post1757762031\"\/>13:13 &#8211; Probl\u00e8me m\u00e9canique<\/p>\n<p>La 20e \u00e9tape met du temps \u00e0 d\u00e9buter. Coureur de la formation Bahrein-Victorious,\u00a0Mathijs Paasschens est victime d&rsquo;un probl\u00e8me m\u00e9canique.\u00a0<\/p>\n<p><a name=\"post1757761857\"\/>13:10 &#8211; D\u00e9part r\u00e9el retard\u00e9 ! <\/p>\n<p>En raison d&rsquo;un accrochage dans le peloton o\u00f9 Mikkel Bjerg est notamment concern\u00e9, le d\u00e9part r\u00e9el est repouss\u00e9 de quelques minutes.<\/p>\n<p><a class=\"app_edito_btn\" href=\"https:\/\/www.linternaute.com\/sport\/cyclisme\/8603817-vuelta-2025-l-ultime-bataille-entre-vingegaard-et-almeida-au-sommet-du-bola-del-mundo-le-classement\/\" id=\"jLiveMore\" data-sort-time=\"1757761856\" target=\"_blank\" rel=\"noopener\">LIRE PLUS<\/a><\/p>\n<p>L&rsquo;\u00e9dition 2025 est tr\u00e8s montagneuse avec 10\u00a0arriv\u00e9es au sommet.<\/p>\n<p><a class=\"fancy\" href=\"https:\/\/img-4.linternaute.com\/IbLX3OHP10DsGJ6QqauXTl2e7yE=\/1080x\/smart\/792089761efa497c8b756cea64708cde\/ccmcms-linternaute\/79044868.png\" target=\"_blank\" rel=\"noopener\"><img decoding=\"async\" alt=\"\" src=\"https:\/\/www.europesays.com\/fr\/wp-content\/uploads\/2025\/08\/79044868.png\"\/><\/a>&#13;<br \/>\n&#13;<br \/>\n\u00a9\u00a0Vuelta&#13;<\/p>\n<ul>&#13;<\/p>\n<li>Dimanche 24\u00a0ao\u00fbt \u2013\u00a0<strong>Etape 2\u00a0:\u00a0<\/strong>Alba &gt; Limone Piemonte (157\u00a0km)<\/li>\n<p>&#13;<\/p>\n<li>Lundi 25\u00a0ao\u00fbt \u2013\u00a0<strong>Etape 3\u00a0:\u00a0<\/strong>San Maurizio Canavese &gt; Ceres (139\u00a0km)<\/li>\n<p>&#13;<\/p>\n<li>Mardi 26\u00a0ao\u00fbt \u2013\u00a0<strong>Etape 4\u00a0:<\/strong>\u00a0Susa &gt; Voiron (192\u00a0km)<\/li>\n<p>&#13;<\/p>\n<li>Mercredi 27\u00a0ao\u00fbt \u2013<strong>\u00a0Etape 5\u00a0(CLM par \u00e9qu.)\u00a0:\u00a0<\/strong>Figueres &gt; Figueres (20\u00a0km)<\/li>\n<p>&#13;<\/p>\n<li>Jeudi 28\u00a0ao\u00fbt \u2013<strong>\u00a0Etape 6\u00a0:\u00a0<\/strong>Olot &gt; Pal. Andorra (170\u00a0km)<\/li>\n<p>&#13;<\/p>\n<li>Vendredi 29\u00a0ao\u00fbt \u2013<strong>\u00a0Etape 7\u00a0:\u00a0<\/strong>Andorra la Vella.Andorra &gt; Cerler.Huesca La Magia (187\u00a0km)<\/li>\n<p>&#13;<\/p>\n<li>Samedi 30\u00a0ao\u00fbt \u2013<strong>\u00a0Etape 8\u00a0:\u00a0<\/strong>Monz\u00f3n Templario &gt; Zaragoza (187\u00a0km)<\/li>\n<p>&#13;<\/p>\n<li>Dimanche 31\u00a0ao\u00fbt \u2013\u00a0<strong>Etape 9\u00a0:<\/strong>\u00a0Alfaro &gt; Estaci\u00f3n de esqu\u00ed de Valdezcaray (195\u00a0km)<\/li>\n<p>&#13;<\/p>\n<li>Mardi 2\u00a0septembre \u2013\u00a0<strong>Etape 10\u00a0:<\/strong>\u00a0Parque de la Naturaleza Sendaviva &gt; El Ferial Larra Belagua (168\u00a0km)<\/li>\n<p>&#13;<\/p>\n<li>Mercredi 3\u00a0septembre \u2013\u00a0<strong>Etape 11\u00a0:\u00a0<\/strong>Bilbao &gt; Bilbao (167\u00a0km)<\/li>\n<p>&#13;<\/p>\n<li>Jeudi 4\u00a0septembre \u2013\u00a0<strong>Etape 12\u00a0:<\/strong>\u00a0Laredo &gt; Los Corrales de Buelna (143\u00a0km)<\/li>\n<p>&#13;<\/p>\n<li>Vendredi 5\u00a0septembre \u2013\u00a0<strong>Etape 13\u00a0:\u00a0<\/strong>Cabez\u00f3n de la Sal &gt; L&rsquo;Angliru (202\u00a0km)<\/li>\n<p>&#13;<\/p>\n<li>Samedi 6\u00a0septembre \u2013\u00a0<strong>Etape 14\u00a0:\u00a0<\/strong>Avil\u00e9s &gt; Alto de La Farrapona. Lagos de Somiedo (135\u00a0km)<\/li>\n<p>&#13;<\/p>\n<li>Dimanche 7\u00a0septembre \u2013<strong>\u00a0Etape 15\u00a0:\u00a0<\/strong>A Veiga\/Vegadeo &gt; Monforte de Lemos (167\u00a0km)<\/li>\n<p>&#13;<\/p>\n<li>Mardi 9\u00a0septembre \u2013<strong>\u00a0Etape 16\u00a0:<\/strong>\u00a0Poio &gt; Mos.Castro de Herville (172\u00a0km)<\/li>\n<p>&#13;<\/p>\n<li>Mercredi 10\u00a0septembre \u2013\u00a0<strong>Etape 17\u00a0:<\/strong>\u00a0O Barco de Valdeorras &gt; Alto de El Morredero.Ponferrada (137\u00a0km)<\/li>\n<p>&#13;<\/p>\n<li>Jeudi 11\u00a0septembre \u2013\u00a0<strong>Etape 18\u00a0(CLM ind.)\u00a0:<\/strong>\u00a0Valladolid &gt; Valladolid (26\u00a0km)<\/li>\n<p>&#13;<\/p>\n<li>Vendredi 12\u00a0septembre \u2013\u00a0<strong>Etape 19\u00a0:<\/strong>\u00a0Rueda &gt; Guijuelo (159\u00a0km)<\/li>\n<p>&#13;<\/p>\n<li>Samedi 13\u00a0septembre \u2013\u00a0<strong>Etape 20\u00a0:<\/strong>\u00a0Robledo de Chavela &gt; Bola del Mundo. Puerto de Navacerrada (156\u00a0km)<\/li>\n<p>&#13;<\/p>\n<li>Dimanche 14\u00a0septembre \u2013\u00a0<strong>Etape 21\u00a0:<\/strong>\u00a0Alalpardo &gt; Madrid (101\u00a0km)<\/li>\n<p>&#13;\n<\/ul>\n<p>Quelle diffusion ?<\/p>\n<p>En France, comme dans le reste de l&rsquo;Europe, le\u00a0Tour d&rsquo;Espagne 2025\u00a0est diffus\u00e9 en direct et en int\u00e9gralit\u00e9 par\u00a0Eurosport.\u00a0<\/p>\n","protected":false},"excerpt":{"rendered":"Le Tour d&rsquo;Espagne se d\u00e9roule du 23\u00a0ao\u00fbt au 14\u00a0septembre avec de grandes attentes autour de Vingegaard&#8230; Mais pas&hellip;\n","protected":false},"author":2,"featured_media":387758,"comment_status":"","ping_status":"","sticky":false,"template":"","format":"standard","meta":{"footnotes":""},"categories":[1411],"tags":[52038,51761,1154,207,51763,1011,27,51767,60],"class_list":{"0":"post-387757","1":"post","2":"type-post","3":"status-publish","4":"format-standard","5":"has-post-thumbnail","7":"category-cyclisme","8":"tag-cms-linternaute-8603817","9":"tag-controller-content","10":"tag-cycling","11":"tag-cyclisme","12":"tag-format-papier","13":"tag-fr","14":"tag-france","15":"tag-parallaxeinfeed","16":"tag-sports"},"share_on_mastodon":{"url":"https:\/\/pubeurope.com\/@fr\/115196815680607247","error":""},"_links":{"self":[{"href":"https:\/\/www.europesays.com\/fr\/wp-json\/wp\/v2\/posts\/387757","targetHints":{"allow":["GET"]}}],"collection":[{"href":"https:\/\/www.europesays.com\/fr\/wp-json\/wp\/v2\/posts"}],"about":[{"href":"https:\/\/www.europesays.com\/fr\/wp-json\/wp\/v2\/types\/post"}],"author":[{"embeddable":true,"href":"https:\/\/www.europesays.com\/fr\/wp-json\/wp\/v2\/users\/2"}],"replies":[{"embeddable":true,"href":"https:\/\/www.europesays.com\/fr\/wp-json\/wp\/v2\/comments?post=387757"}],"version-history":[{"count":0,"href":"https:\/\/www.europesays.com\/fr\/wp-json\/wp\/v2\/posts\/387757\/revisions"}],"wp:featuredmedia":[{"embeddable":true,"href":"https:\/\/www.europesays.com\/fr\/wp-json\/wp\/v2\/media\/387758"}],"wp:attachment":[{"href":"https:\/\/www.europesays.com\/fr\/wp-json\/wp\/v2\/media?parent=387757"}],"wp:term":[{"taxonomy":"category","embeddable":true,"href":"https:\/\/www.europesays.com\/fr\/wp-json\/wp\/v2\/categories?post=387757"},{"taxonomy":"post_tag","embeddable":true,"href":"https:\/\/www.europesays.com\/fr\/wp-json\/wp\/v2\/tags?post=387757"}],"curies":[{"name":"wp","href":"https:\/\/api.w.org\/{rel}","templated":true}]}}