{"id":387759,"date":"2025-09-13T11:44:12","date_gmt":"2025-09-13T11:44:12","guid":{"rendered":"https:\/\/www.europesays.com\/fr\/387759\/"},"modified":"2025-09-13T11:44:12","modified_gmt":"2025-09-13T11:44:12","slug":"chelsea-debarque-lom-tremble","status":"publish","type":"post","link":"https:\/\/www.europesays.com\/fr\/387759\/","title":{"rendered":"Chelsea d\u00e9barque, l&rsquo;OM tremble"},"content":{"rendered":"<p><b>Cet \u00e9t\u00e9 au mercato, l&rsquo;OM voulait recruter Joel Ordonez. Finalement, le d\u00e9fenseur \u00e9quatorien est rest\u00e9 \u00e0 contre-coeur du c\u00f4t\u00e9 de Bruges.\u00a0<\/b><\/p>\n<p>Bruges en a fait voir de toutes les couleurs \u00e0 l&rsquo;<a href=\"https:\/\/www.foot01.com\/marseille\/pavard-et-aguerd-double-coup-de-genie-a-lom\" target=\"_self\" rel=\"nofollow noopener\">OM<\/a> cet \u00e9t\u00e9 concernant Joel Ordonez. Le d\u00e9fenseur voulait absolument rejoindre les rangs phoc\u00e9ens mais les Belges ont chang\u00e9 les modalit\u00e9s de son d\u00e9part, ce qui n&rsquo;a pas permis \u00e0 Marseille de boucler le deal. La confiance est plus que rompue entre l&rsquo;Equatorien et Bruges. Il ne serait pas \u00e9tonnant de le voir partir d\u00e8s cet hiver au vu des clubs int\u00e9ress\u00e9s par son profil. C&rsquo;est toujours le cas de l&rsquo;OM, mais aussi de Crystal Palace, Aston Villa et Chelsea. Les Blues auraient m\u00eame un alli\u00e9 de choix pour r\u00e9cup\u00e9rer Ordonez.\u00a0Ordonez \u00e0 Chelsea, \u00e7a devient concret\u00a0<\/p>\n<p>En effet, selon les informations de TBR Football,\u00a0Mois\u00e9s Caicedo aurait demand\u00e9 \u00e0 sa direction de Chelsea de tout faire pour recruter Joel Ordonez le plus rapidement possible. Enzo Maresca veut un d\u00e9fenseur central de toute urgence et ne dira pas non \u00e0 la possibilit\u00e9 de signer un joueur tel qu&rsquo;Ordonez. Si Caicedo avait dans le pass\u00e9 conseill\u00e9 \u00e0 son compatriote de rejoindre l&rsquo;OM et d&rsquo;\u00e9voluer ainsi sous les ordres de Roberto De Zerbi, il pourrait bien cette fois-ci jouer un vilain tour au club phoc\u00e9en, poussant pour que Chelsea le recrute. La puissance financi\u00e8re du club londonien pourrait faire la diff\u00e9rence. Les pensionnaires de Stamford Bridge peuvent mettre les plus de 30 millions d&rsquo;euros demand\u00e9s par Bruges, ce qui n&rsquo;est plus forc\u00e9ment le cas de l&rsquo;OM.<\/p>\n<p>Heureusement, Medhi Benatia a r\u00e9ussi \u00e0 renforcer l&rsquo;Olympique de Marseille d\u00e9fensivement en toute fin de march\u00e9 des transferts estival avec les arriv\u00e9es notables de Benjamin Pavard et Nayef Aguerd. Deux arriv\u00e9es qui apporteront pas mal d&rsquo;exp\u00e9rience, notamment pour les matchs \u00e0 venir en Ligue des champions.\u00a0<\/p>\n","protected":false},"excerpt":{"rendered":"Cet \u00e9t\u00e9 au mercato, l&rsquo;OM voulait recruter Joel Ordonez. Finalement, le d\u00e9fenseur \u00e9quatorien est rest\u00e9 \u00e0 contre-coeur du&hellip;\n","protected":false},"author":2,"featured_media":387760,"comment_status":"","ping_status":"","sticky":false,"template":"","format":"standard","meta":{"footnotes":""},"categories":[1410],"tags":[63,1011,27,60],"class_list":{"0":"post-387759","1":"post","2":"type-post","3":"status-publish","4":"format-standard","5":"has-post-thumbnail","7":"category-football","8":"tag-football","9":"tag-fr","10":"tag-france","11":"tag-sports"},"share_on_mastodon":{"url":"https:\/\/pubeurope.com\/@fr\/115196819247244841","error":""},"_links":{"self":[{"href":"https:\/\/www.europesays.com\/fr\/wp-json\/wp\/v2\/posts\/387759","targetHints":{"allow":["GET"]}}],"collection":[{"href":"https:\/\/www.europesays.com\/fr\/wp-json\/wp\/v2\/posts"}],"about":[{"href":"https:\/\/www.europesays.com\/fr\/wp-json\/wp\/v2\/types\/post"}],"author":[{"embeddable":true,"href":"https:\/\/www.europesays.com\/fr\/wp-json\/wp\/v2\/users\/2"}],"replies":[{"embeddable":true,"href":"https:\/\/www.europesays.com\/fr\/wp-json\/wp\/v2\/comments?post=387759"}],"version-history":[{"count":0,"href":"https:\/\/www.europesays.com\/fr\/wp-json\/wp\/v2\/posts\/387759\/revisions"}],"wp:featuredmedia":[{"embeddable":true,"href":"https:\/\/www.europesays.com\/fr\/wp-json\/wp\/v2\/media\/387760"}],"wp:attachment":[{"href":"https:\/\/www.europesays.com\/fr\/wp-json\/wp\/v2\/media?parent=387759"}],"wp:term":[{"taxonomy":"category","embeddable":true,"href":"https:\/\/www.europesays.com\/fr\/wp-json\/wp\/v2\/categories?post=387759"},{"taxonomy":"post_tag","embeddable":true,"href":"https:\/\/www.europesays.com\/fr\/wp-json\/wp\/v2\/tags?post=387759"}],"curies":[{"name":"wp","href":"https:\/\/api.w.org\/{rel}","templated":true}]}}