{"id":387761,"date":"2025-09-13T11:45:13","date_gmt":"2025-09-13T11:45:13","guid":{"rendered":"https:\/\/www.europesays.com\/fr\/387761\/"},"modified":"2025-09-13T11:45:13","modified_gmt":"2025-09-13T11:45:13","slug":"cyril-hanouna-a-saint-tropez-il-a-bien-passe-ses-vacances-avec-une-femme-et-pas-nimporte-laquelle","status":"publish","type":"post","link":"https:\/\/www.europesays.com\/fr\/387761\/","title":{"rendered":"Cyril Hanouna \u00e0 Saint-Tropez : il a bien pass\u00e9 ses vacances avec une femme et pas n\u2019importe laquelle !"},"content":{"rendered":"<p class=\"p1\">Comme chaque ann\u00e9e, <a href=\"https:\/\/www.closermag.fr\/tv_tele_realite\/ce-mec-est-dingue-mais-cette-indiscretion-sur-florent-pagny-revelee-chez-cyril-hanouna-3579172\" target=\"_blank\" rel=\"noopener\"><br \/>\nCyril Hanouna<\/a> a pass\u00e9 les grandes vacances <strong>sous le<br \/>\nsoleil de<\/strong> <a href=\"https:\/\/www.closermag.fr\/people\/cyril-hanouna-a-quoi-ressemble-sa-luxueuse-maison-a-saint-tropez-3460760\" target=\"_blank\" rel=\"noopener\"><br \/>\nSaint-Tropez<\/a>. Ce petit coin de paradis abrite l&rsquo;une de ses<br \/>\nluxueuses propri\u00e9t\u00e9s. Un article publi\u00e9 par le magazine<br \/>\nPublic d\u00e9crit plus pr\u00e9cis\u00e9ment <strong>une<br \/>\n\u00ab\u00a0<\/strong><strong>villa moderne de style californien<\/strong>,<br \/>\navec un grand bassin, qui s&rsquo;\u00e9tend sur 5000 m\u00e8tres carr\u00e9s\u00a0\u00bb non<br \/>\nloin de Ramatuelle.<\/p>\n<p class=\"p1\">Selon nos confr\u00e8res, le trublion du PAF aurait<br \/>\n\u00e9galement fait <strong>un crochet par les \u00c9tats-Unis<\/strong> avant<br \/>\nde se pr\u00e9lasser au bord de sa piscine. Le magazine mentionne une<br \/>\nvir\u00e9e tr\u00e8s bling-bling entre \u00ab\u00a0copains\u00a0\u00bb en Am\u00e9rique du Nord. La<br \/>\nbande de potes, comprenant notamment Raymond Aabou, aurait<br \/>\nparticip\u00e9 \u00e0 <strong>un tournoi de poker \u00e0 Las Vegas<\/strong> apr\u00e8s<br \/>\n<strong>un s\u00e9jour \u00e0 Los Angeles<\/strong>, \u00ab\u00a0avec passage oblig\u00e9<br \/>\nsur Rodeo Drive\u00a0\u00bb.<\/p>\n<p>Cyril Hanouna \u00e0 Saint-Tropez : cette femme \u00ab\u00a0de<br \/>\npremier plan\u00a0\u00bb a pass\u00e9 l&rsquo;\u00e9t\u00e9 avec lui<\/p>\n<p class=\"p1\">Si elle n&rsquo;a pas fait le d\u00e9placement outre-Atlantique,<br \/>\n<strong>la m\u00e8re de Cyril Hanouna<\/strong> a pos\u00e9 ses valises dans<br \/>\nla villa californienne de son fils <strong>dans le sud de la<br \/>\nFrance<\/strong>. Alors qu&rsquo;il \u00e9voquait <strong>l&rsquo;amiti\u00e9 entre sa<br \/>\nmaman et<\/strong> <a href=\"https:\/\/www.closermag.fr\/people\/vous-netes-pas-sur-la-liste-bernard-montiel-rejete-par-la-mere-de-son-premier-amour-3532236\" target=\"_blank\" rel=\"noopener\"><br \/>\nBernard Montiel<\/a> <strong>dans<\/strong> <a href=\"https:\/\/www.closermag.fr\/people\/cyril-hanouna-a-saint-tropez-et-cette-ville-aura-une-place-de-choix-dans-tout-beau-tout-n9uf-3571938\" target=\"_blank\" rel=\"noopener\"><br \/>\nTout Beau Tout N9uf<\/a> ce vendredi 12 septembre, l&rsquo;animateur a<br \/>\nracont\u00e9 <strong>une anecdote de vacances<\/strong> plut\u00f4t<br \/>\ntruculente.<\/p>\n<p class=\"p1\">\u00ab\u00a0Elle me dit : &lsquo;Il est avocat. Moi aussi,<br \/>\nj&rsquo;ai \u00e9t\u00e9 avocat.&rsquo; Je lui dis : &lsquo;Arr\u00eate, <strong>t&rsquo;as<br \/>\njamais \u00e9t\u00e9 avocate<\/strong>. Qu&rsquo;est-ce que tu racontes ? T&rsquo;as \u00e9t\u00e9<br \/>\navocate, le fruit&rsquo;. Et elle : &lsquo;Oui, mais tout le monde<br \/>\npeut devenir avocat&rsquo;. Et l\u00e0, <strong>elle commence \u00e0<br \/>\ns&rsquo;\u00e9nerver<\/strong>. Elle part pour aller se coucher, elle revient.<br \/>\nQu&rsquo;est-ce qu&rsquo;elle me dit ?\u00a0\u00bb, a relat\u00e9 Cyril Hanouna, passant<br \/>\nla parole \u00e0 un chroniqueur qui a assist\u00e9 \u00e0 la sc\u00e8ne.<\/p>\n<p>Cyril Hanouna \u00e0 Saint-Tropez : ce<br \/>\nchroniqueur raconte ses avec avec Baba<\/p>\n<p class=\"p1\">L&rsquo;ex-animateur de TPMP a point\u00e9 du doigt <a href=\"https:\/\/www.closermag.fr\/tv_tele_realite\/raymond-aabou-dans-la-tourmente-le-chroniqueur-fait-des-revelations-inquietantes-sur-sa-vie-personnelle-3377738\" target=\"_blank\" rel=\"noopener\"><br \/>\nRaymond Aabou<\/a>. Le chauffeur-livreur s&rsquo;est souvenu des<br \/>\nmaugr\u00e9ements de la m\u00e8re de Cyril Hanouna : \u00ab\u00a0N&rsquo;oublie jamais une<br \/>\nchose, <strong>je t&rsquo;ai connu, t&rsquo;\u00e9tais rien !<\/strong> T&rsquo;avais pas<br \/>\nd&rsquo;argent, <strong>t&rsquo;\u00e9tais pauvre<\/strong>. N&rsquo;oublie jamais \u00e7a<br \/>\n!\u00a0\u00bb. Les rires ont aussit\u00f4t fus\u00e9 en plateau.<\/p>\n<p class=\"p1\">Et le chroniqueur de reprendre de plus belle :<br \/>\n\u00ab\u00a0C&rsquo;est un peu normal que t&rsquo;aies pas d&rsquo;argent. A la maternit\u00e9, \u00e0<br \/>\n6 ans&#8230; C&rsquo;est un peu normal !\u00a0\u00bb. <a href=\"https:\/\/www.closermag.fr\/politique\/president-baba-et-brigitte-chaudiere-la-mise-en-scene-incroyable-de-cyril-hanouna-dans-tpmp-1559533\" target=\"_blank\" rel=\"noopener\"><br \/>\n\u00ab\u00a0Baba\u00a0\u00bb<\/a> a conclu l&rsquo;anecdote sur cette \u00ab\u00a0phrase folle\u00a0\u00bb en<br \/>\nassurant aux t\u00e9l\u00e9spectateurs <strong>avoir \u00ab\u00a0vraiment<br \/>\nrigol\u00e9\u00a0\u00bb<\/strong> gr\u00e2ce \u00e0 sa m\u00e8re pendant les grandes<br \/>\nvacances.<\/p>\n","protected":false},"excerpt":{"rendered":"Comme chaque ann\u00e9e, Cyril Hanouna a pass\u00e9 les grandes vacances sous le soleil de Saint-Tropez. Ce petit coin&hellip;\n","protected":false},"author":2,"featured_media":387762,"comment_status":"","ping_status":"","sticky":false,"template":"","format":"standard","meta":{"footnotes":""},"categories":[1359],"tags":[548,1083,58,59,1011,27,973],"class_list":{"0":"post-387761","1":"post","2":"type-post","3":"status-publish","4":"format-standard","5":"has-post-thumbnail","7":"category-people","8":"tag-article-simple","9":"tag-cyril-hanouna","10":"tag-divertissement","11":"tag-entertainment","12":"tag-fr","13":"tag-france","14":"tag-people"},"share_on_mastodon":{"url":"https:\/\/pubeurope.com\/@fr\/115196823071365634","error":""},"_links":{"self":[{"href":"https:\/\/www.europesays.com\/fr\/wp-json\/wp\/v2\/posts\/387761","targetHints":{"allow":["GET"]}}],"collection":[{"href":"https:\/\/www.europesays.com\/fr\/wp-json\/wp\/v2\/posts"}],"about":[{"href":"https:\/\/www.europesays.com\/fr\/wp-json\/wp\/v2\/types\/post"}],"author":[{"embeddable":true,"href":"https:\/\/www.europesays.com\/fr\/wp-json\/wp\/v2\/users\/2"}],"replies":[{"embeddable":true,"href":"https:\/\/www.europesays.com\/fr\/wp-json\/wp\/v2\/comments?post=387761"}],"version-history":[{"count":0,"href":"https:\/\/www.europesays.com\/fr\/wp-json\/wp\/v2\/posts\/387761\/revisions"}],"wp:featuredmedia":[{"embeddable":true,"href":"https:\/\/www.europesays.com\/fr\/wp-json\/wp\/v2\/media\/387762"}],"wp:attachment":[{"href":"https:\/\/www.europesays.com\/fr\/wp-json\/wp\/v2\/media?parent=387761"}],"wp:term":[{"taxonomy":"category","embeddable":true,"href":"https:\/\/www.europesays.com\/fr\/wp-json\/wp\/v2\/categories?post=387761"},{"taxonomy":"post_tag","embeddable":true,"href":"https:\/\/www.europesays.com\/fr\/wp-json\/wp\/v2\/tags?post=387761"}],"curies":[{"name":"wp","href":"https:\/\/api.w.org\/{rel}","templated":true}]}}