{"id":387763,"date":"2025-09-13T11:46:14","date_gmt":"2025-09-13T11:46:14","guid":{"rendered":"https:\/\/www.europesays.com\/fr\/387763\/"},"modified":"2025-09-13T11:46:14","modified_gmt":"2025-09-13T11:46:14","slug":"les-plus-belles-grappes-darbois-par-philippe-trias","status":"publish","type":"post","link":"https:\/\/www.europesays.com\/fr\/387763\/","title":{"rendered":"\u201cLes plus belles grappes d\u2019Arbois\u201d par Philippe Trias"},"content":{"rendered":"<p>Dimanche dernier, comme chaque premier week-end de septembre, la ville d\u2019Arbois, capitale des vins du Jura, a c\u00e9l\u00e9br\u00e9 le Biou, sa traditionnelle f\u00eate viticole. La veille de la c\u00e9r\u00e9monie, dans la grange historique de la maison Vercel, les vignerons arboisiens ont offert leurs plus belles grappes de raisin aux porteurs du Biou. Celles-ci ont servi \u00e0 la confection de la grappe g\u00e9ante et de la couronne qui, cette ann\u00e9e, arboraient des couleurs d\u2019automne.<\/p>\n<p>Dimanche matin, d\u00e8s 8 heures, les rues d\u2019Arbois se sont anim\u00e9es d\u2019une ambiance festive et solennelle, les habitants, vignerons et visiteurs \u00e9taient rassembl\u00e9s pour honorer cette tradition locale, o\u00f9 le biou est suspendu au ch\u0153ur de l\u2019\u00e9glise tandis que la couronne est accroch\u00e9e au monument aux morts au terme des deux d\u00e9fil\u00e9s. Cette matin\u00e9e de c\u00e9l\u00e9bration s\u2019est termin\u00e9e par un ap\u00e9ritif g\u00e9ant, plac\u00e9 sous le signe de la convivialit\u00e9 et du partage sur le parvis de l\u2019\u00e9glise Saint-Just.<\/p>\n<p>Rendez-vous en 2026, date importante pour le Biou d\u2019Arbois, retenu pour \u00eatre le candidat de la France au patrimoine culturel immat\u00e9riel de l\u2019humanit\u00e9 \u00e0 l\u2019Unesco.<\/p>\n<p class=\"note\">Photo r\u00e9alis\u00e9e avec un Nikon Z9 et une focale de 24\u00a0mm, une vitesse d\u2019obturation de 1\/250 s \u00e0 f\/5,0 et une sensibilit\u00e9 de 400 ISO.<\/p>\n","protected":false},"excerpt":{"rendered":"Dimanche dernier, comme chaque premier week-end de septembre, la ville d\u2019Arbois, capitale des vins du Jura, a c\u00e9l\u00e9br\u00e9&hellip;\n","protected":false},"author":2,"featured_media":387764,"comment_status":"","ping_status":"","sticky":false,"template":"","format":"standard","meta":{"footnotes":""},"categories":[1358],"tags":[20472,1348,1384,1385,1386,58,33,14809,59,1011,27,1826,14808,6182],"class_list":{"0":"post-387763","1":"post","2":"type-post","3":"status-publish","4":"format-standard","5":"has-post-thumbnail","7":"category-arts-et-design","8":"tag-arbois","9":"tag-arts","10":"tag-arts-and-design","11":"tag-arts-et-design","12":"tag-design","13":"tag-divertissement","14":"tag-economie","15":"tag-edition-jura-nord","16":"tag-entertainment","17":"tag-fr","18":"tag-france","19":"tag-jura","20":"tag-triangle-dor","21":"tag-vins-et-viticulture"},"share_on_mastodon":{"url":"https:\/\/pubeurope.com\/@fr\/115196827020653301","error":""},"_links":{"self":[{"href":"https:\/\/www.europesays.com\/fr\/wp-json\/wp\/v2\/posts\/387763","targetHints":{"allow":["GET"]}}],"collection":[{"href":"https:\/\/www.europesays.com\/fr\/wp-json\/wp\/v2\/posts"}],"about":[{"href":"https:\/\/www.europesays.com\/fr\/wp-json\/wp\/v2\/types\/post"}],"author":[{"embeddable":true,"href":"https:\/\/www.europesays.com\/fr\/wp-json\/wp\/v2\/users\/2"}],"replies":[{"embeddable":true,"href":"https:\/\/www.europesays.com\/fr\/wp-json\/wp\/v2\/comments?post=387763"}],"version-history":[{"count":0,"href":"https:\/\/www.europesays.com\/fr\/wp-json\/wp\/v2\/posts\/387763\/revisions"}],"wp:featuredmedia":[{"embeddable":true,"href":"https:\/\/www.europesays.com\/fr\/wp-json\/wp\/v2\/media\/387764"}],"wp:attachment":[{"href":"https:\/\/www.europesays.com\/fr\/wp-json\/wp\/v2\/media?parent=387763"}],"wp:term":[{"taxonomy":"category","embeddable":true,"href":"https:\/\/www.europesays.com\/fr\/wp-json\/wp\/v2\/categories?post=387763"},{"taxonomy":"post_tag","embeddable":true,"href":"https:\/\/www.europesays.com\/fr\/wp-json\/wp\/v2\/tags?post=387763"}],"curies":[{"name":"wp","href":"https:\/\/api.w.org\/{rel}","templated":true}]}}