{"id":387769,"date":"2025-09-13T11:49:12","date_gmt":"2025-09-13T11:49:12","guid":{"rendered":"https:\/\/www.europesays.com\/fr\/387769\/"},"modified":"2025-09-13T11:49:12","modified_gmt":"2025-09-13T11:49:12","slug":"que-reserve-intuition-le-nouveau-jeu-de-cyril-feraud","status":"publish","type":"post","link":"https:\/\/www.europesays.com\/fr\/387769\/","title":{"rendered":"que r\u00e9serve \u00abIntuition\u00bb, le nouveau jeu de Cyril F\u00e9raud ?"},"content":{"rendered":"<p>    \u00abIntuition\u00bb pr\u00e9sent\u00e9 par Cyril F\u00e9raud sur France 2.<br \/>\n                Fran\u00e7ois Roelants &#8211; France T\u00e9l\u00e9visions<\/p>\n<p>Ce samedi, France 2 lance un nouveau format dans lequel 150 candidats vont devoir r\u00e9pondre \u00e0 des questions \u00e0 suivant leur d\u00e9duction.<\/p>\n<p class=\"fig-paragraph\">Apr\u00e8s la logique avec\u00a0<a href=\"https:\/\/tvmag.lefigaro.fr\/programme-tv\/programme\/100-logique-la-reponse-est-sous-vos-yeux-d117316956\" target=\"_blank\" rel=\"noopener\" data-gtm-custom-categorie=\"navigation\" data-gtm-custom-action=\"crossclick\" data-gtm-custom-label=\"Contextuel\" data-gtm-event=\"customEventSPE\">\u00ab100 % Logique\u00bb<\/a>, la strat\u00e9gie avec\u00a0<a href=\"https:\/\/tvmag.lefigaro.fr\/programme-tv\/programme\/the-floor-d191694634\" target=\"_blank\" rel=\"noopener\" data-gtm-custom-categorie=\"navigation\" data-gtm-custom-action=\"crossclick\" data-gtm-custom-label=\"Contextuel\" data-gtm-event=\"customEventSPE\">\u00abThe Floor\u00bb<\/a>\u00a0et la culture g\u00e9n\u00e9rale avec\u00a0<a href=\"https:\/\/tvmag.lefigaro.fr\/programme-tv\/programme\/le-quiz-des-champions-d979423737\" target=\"_blank\" rel=\"noopener\" data-gtm-custom-categorie=\"navigation\" data-gtm-custom-action=\"crossclick\" data-gtm-custom-label=\"Contextuel\" data-gtm-event=\"customEventSPE\">\u00abLe Quiz des champions\u00bb<\/a>, France 2 a d\u00e9cid\u00e9 de tester l\u2019<a href=\"https:\/\/tvmag.lefigaro.fr\/programme-tv\/programme\/intuition-qui-sera-le-plus-proche-d542275643\" target=\"_blank\" rel=\"noopener\" data-gtm-custom-categorie=\"navigation\" data-gtm-custom-action=\"crossclick\" data-gtm-custom-label=\"Contextuel\" data-gtm-event=\"customEventSPE\"><strong>\u00abIntuition\u00bb<\/strong><\/a> \u00a0des t\u00e9l\u00e9spectateurs et de 150 joueurs. \u00abOn s\u2019est demand\u00e9 comment peut-on faire jouer une fois de plus le samedi soir toute la famille sans exclure personne et se challenger avec son mari, sa femme, ses enfants, ses petits-enfants\u00bb, souligne\u00a0<a href=\"https:\/\/www.lefigaro.fr\/tag\/cyril-feraud\" target=\"_blank\" rel=\"noopener\" data-gtm-custom-categorie=\"navigation\" data-gtm-custom-action=\"crossclick\" data-gtm-custom-label=\"Contextuel\" data-gtm-event=\"customEventSPE\"><strong>Cyril F\u00e9raud<\/strong><\/a> \u00a0qui est l\u2019animateur mais aussi le coproducteur de cette cr\u00e9ation fran\u00e7aise.<\/p>\n<p class=\"fig-paragraph\">Contrairement \u00e0 tous les autres formats d\u00e9j\u00e0 existants, le jeu ne fait pas appel \u00e0 des connaissances en culture g\u00e9n\u00e9rale mais, comme son nom l\u2019indique, \u00e0 l\u2019intuition. \u00abQuand on n\u2019a pas la bonne r\u00e9ponse, on ne sentira jamais d\u00e9valoris\u00e9\u00bb, indique le pr\u00e9sentateur. Toutes les questions ont un rapport avec \u00abdes choses qui font partie de notre vie et que l\u2019on croit conna\u00eetre\u00bb, pr\u00e9cise-t-il.<\/p>\n<p class=\"fig-body-link\">\n            \u00c0 lire aussi<br \/>\n        <a class=\"fig-body-link__link\" href=\"http:\/\/tvmag.lefigaro.fr\/programme-tv\/actu-tele\/cyril-feraud-arrete-la-carte-aux-tresors-le-quiz-des-champions-et-le-grand-concours-des-regions-20250827\" target=\"_blank\" data-fig-type=\"Article\" rel=\"noopener\" data-gtm-custom-categorie=\"navigation\" data-gtm-custom-action=\"crossclick\" data-gtm-custom-label=\"Contextuel\" data-gtm-event=\"customEventSPE\" data-fig-domain=\"TVMAG\">Cyril F\u00e9raud arr\u00eate \u00ab\u00a0La Carte aux tr\u00e9sors\u00a0\u00bb, \u00ab\u00a0Le Quiz des champions\u00a0\u00bb et \u00ab\u00a0Le Grand Concours des r\u00e9gions\u00a0\u00bb<br \/>\n    <\/a>\n<\/p>\n<p>                                    <a class=\"fig-a11y-skip a11y-hidden\" href=\"#fig-a11y-skip-main-inarticle\"><br \/>\n        Passer la publicit\u00e9<br \/>\n    <\/a><\/p>\n<p class=\"fig-paragraph\">Et toutes les r\u00e9ponses sont chiffr\u00e9es. Par exemple\u00a0: \u00c0 quelle heure en moyenne, les Fran\u00e7ais se l\u00e8vent-ils en semaine\u00a0? Quelle est la temp\u00e9rature la plus froide jamais enregistr\u00e9e sur Terre\u00a0? Combien de gros mots, en moyenne, les Fran\u00e7ais prononcent-ils chaque jour\u00a0? \u00abIl faut retenir que dans ce jeu, vous aurez toujours une id\u00e9e de la r\u00e9ponse quelle que soit la question, ce n\u2019est pas du hasard. Vous allez faire appel \u00e0 votre sens de la d\u00e9duction mais l\u2019important est d\u2019\u00eatre le plus proche de la bonne r\u00e9ponse\u00bb, r\u00e9sume Cyril F\u00e9raud.<\/p>\n<p class=\"fig-paragraph\">Pour chaque question, une fourchette indique aux joueurs entre quels chiffres se trouve la bonne r\u00e9ponse. Mais au fur et \u00e0 mesure de la soir\u00e9e, les intervalles s\u2019\u00e9largissent. Le jeu se d\u00e9roule en deux manches et une finale. Le vainqueur remporte 50.000 euros.<\/p>\n<p class=\"fig-paragraph\">C\u00f4t\u00e9 d\u00e9cor, France T\u00e9l\u00e9visions et la production ont mis le paquet. \u00abIl est gigantesque\u00a0! Il fait 12 m de haut et il y a autant d\u2019\u00e9crans qu\u2019aux NRJ Music Awards\u00bb, s\u2019enorgueillit Cyril F\u00e9raud. \u00abNon seulement il accueille les 150 candidats mais il permet de projeter l\u2019habillage (les questions, les r\u00e9ponses, le chrono&#8230;). Quand on l\u2019a pens\u00e9, on voulait vraiment qu\u2019il soit tr\u00e8s fort et qu\u2019il sorte des codes habituels des jeux\u00bb, ajoute-t-il. Afin de cr\u00e9er de la bonne humeur, l\u2019animateur s\u2019est entour\u00e9 d\u2019une bande d\u2019\u00ab\u200aintuitifs\u00a0\u00bb\u00a0: Cendrine Dominguez, Willy Rovelli, Isabelle Vitari, Yoann Riou ainsi que Gwendal Marimoutou.<\/p>\n","protected":false},"excerpt":{"rendered":"\u00abIntuition\u00bb pr\u00e9sent\u00e9 par Cyril F\u00e9raud sur France 2. Fran\u00e7ois Roelants &#8211; France T\u00e9l\u00e9visions Ce samedi, France 2 lance&hellip;\n","protected":false},"author":2,"featured_media":387770,"comment_status":"","ping_status":"","sticky":false,"template":"","format":"standard","meta":{"footnotes":""},"categories":[1355],"tags":[4642,58,59,1011,27,594,1361,873],"class_list":{"0":"post-387769","1":"post","2":"type-post","3":"status-publish","4":"format-standard","5":"has-post-thumbnail","7":"category-musique","8":"tag-cyril-feraud","9":"tag-divertissement","10":"tag-entertainment","11":"tag-fr","12":"tag-france","13":"tag-france-2","14":"tag-music","15":"tag-musique"},"share_on_mastodon":{"url":"https:\/\/pubeurope.com\/@fr\/115196838985712741","error":""},"_links":{"self":[{"href":"https:\/\/www.europesays.com\/fr\/wp-json\/wp\/v2\/posts\/387769","targetHints":{"allow":["GET"]}}],"collection":[{"href":"https:\/\/www.europesays.com\/fr\/wp-json\/wp\/v2\/posts"}],"about":[{"href":"https:\/\/www.europesays.com\/fr\/wp-json\/wp\/v2\/types\/post"}],"author":[{"embeddable":true,"href":"https:\/\/www.europesays.com\/fr\/wp-json\/wp\/v2\/users\/2"}],"replies":[{"embeddable":true,"href":"https:\/\/www.europesays.com\/fr\/wp-json\/wp\/v2\/comments?post=387769"}],"version-history":[{"count":0,"href":"https:\/\/www.europesays.com\/fr\/wp-json\/wp\/v2\/posts\/387769\/revisions"}],"wp:featuredmedia":[{"embeddable":true,"href":"https:\/\/www.europesays.com\/fr\/wp-json\/wp\/v2\/media\/387770"}],"wp:attachment":[{"href":"https:\/\/www.europesays.com\/fr\/wp-json\/wp\/v2\/media?parent=387769"}],"wp:term":[{"taxonomy":"category","embeddable":true,"href":"https:\/\/www.europesays.com\/fr\/wp-json\/wp\/v2\/categories?post=387769"},{"taxonomy":"post_tag","embeddable":true,"href":"https:\/\/www.europesays.com\/fr\/wp-json\/wp\/v2\/tags?post=387769"}],"curies":[{"name":"wp","href":"https:\/\/api.w.org\/{rel}","templated":true}]}}