{"id":387773,"date":"2025-09-13T11:51:13","date_gmt":"2025-09-13T11:51:13","guid":{"rendered":"https:\/\/www.europesays.com\/fr\/387773\/"},"modified":"2025-09-13T11:51:13","modified_gmt":"2025-09-13T11:51:13","slug":"nous-allons-devoir-vivre-avec-le-chikungunya-les-propositions-dun-parasitologue-nicois-face-a-la-progression-de-la-maladie-nice-matin","status":"publish","type":"post","link":"https:\/\/www.europesays.com\/fr\/387773\/","title":{"rendered":"&quot;Nous allons devoir vivre avec le chikungunya&quot;: les propositions d\u2019un parasitologue ni\u00e7ois face \u00e0 la progression de la maladie &#8211; Nice-Matin"},"content":{"rendered":"<ol>\n<li><a href=\"https:\/\/news.google.com\/rss\/articles\/CBMi-AFBVV95cUxNNWYtWnhueWpZLUJicnNqTUcwX0gtTFlMVThXbkZhMEZZSzNTSUlhYzg4X3lDOVVpbmdOMTA5OEJDdF9DQkVvTVM1MzhHSDI3eHhySmx1M3dDUHotZTUtb1hybW5GRkQ1NWh3RTZPSlFfX3ZXQ3NnXzBQdFpEQW11elpBTVlPNk9RSXBSR3B4b0JNdUZfQm9VLUNoVm9oZjRTck9RR25GNFRheXJUelk1YjU5amtWMTNiaDZwRHVLc0oxSnBnbXJEcF96VW9UZWMzSGxjM3hBWmIxcktFaXN4WWJyYmhtNGJTRGplWHVJUmZ1X1hweUZLXw?oc=5\" target=\"_blank\" rel=\"nofollow noopener\">\u00ab\u00a0Nous allons devoir vivre avec le chikungunya\u00a0\u00bb: les propositions d\u2019un parasitologue ni\u00e7ois face \u00e0 la progression de la maladie<\/a>&nbsp;&nbsp;Nice-Matin<\/li>\n<li><a href=\"https:\/\/news.google.com\/rss\/articles\/CBMiyAFBVV95cUxQc1RMMEkwMURsNkxnZFlWLXhOQzUyR0hTNG1KdHdDTDl3Y0RZNFpZSGVudUZXZkxNYlZ3aTAwOXVVd2ptT1BUYUNrRThtelBNVFI1S3ByZWlQcVJ4TEZ2aFlLVEJ0bVBGbnhBbl9zbl9sUUtoTzM1TVJOVGNKelBfU3VhVThyR1YyQ3JkMzRfZVJfSGdVU1NDUUUzNDBsRGx5dk9HbDhQM1VCcXBDT2V2MVljWHEwWWRTbnRuaUlZNkh4M3lTMTFqdQ?oc=5\" target=\"_blank\" rel=\"nofollow noopener\">Chikungunya : des foyers plus nombreux et de plus en plus importants en France m\u00e9tropolitaine<\/a>&nbsp;&nbsp;Le Monde.fr<\/li>\n<li><a href=\"https:\/\/news.google.com\/rss\/articles\/CBMigAJBVV95cUxOelhvYlFLUUJBY1ZYNElnWUpXdVc2ZnVoaE9oNTJfei02NzZsNU8wV0lGVUZPMzl1X2dkQl9tYmctbE10bzhlcjR0d3h5bi1tVUJzeUNzS3JKREpOaFZpOWxJMTRTLXVnSE5aTDRCMWtrRDJEejFOVElrNEppYXZRUDNCVjVQb3Q0U25PZzFPbFVjU0NTcXhlMTdTalVmSlB2SWJPLVZjcXEwel80cENhbkc3Y080N3N2MWNKZzFVNEZyUGdBWl9HQzRjQWFYQnUza0V2Ny03SnN1N3JDTG9KYVNsWUJhekJCblI5VkkwdDBWT0NaU2cwU08zYThFU0tH?oc=5\" target=\"_blank\" rel=\"nofollow noopener\">Deux cas autochtones de chikungunya d\u00e9tect\u00e9s \u00e0 Brive, une premi\u00e8re pour le d\u00e9partement de la Corr\u00e8ze<\/a>&nbsp;&nbsp;La Montagne<\/li>\n<li><a href=\"https:\/\/news.google.com\/rss\/articles\/CBMihgJBVV95cUxPQ0IyblJscm9POVg5TXRVYW5jUUxNX3pZY01RZVE2dm9qVi02c0VDbXg5d3BmQ21JQVFUMEFqM1N3RndURXNBcGZSczk2TlQyWmNhLXpsNDFsemV0QUVxMEJMVGVPc2lHNVdidnkzLUtySk5XclhBNm1lRUpPLTJyT0Vta2l1QWRfM29mdW8ySjhMRTI0eEhuOXVTSlZtaHpGV3dCZXdMeWdtZVkzZmdTVHBCQkZYZ2c5WEZjOU1oMG1WUjc3TTBWR1JVdEdMT0hSWGNCXzRpZDhiVlc0bjhJS2UzdWRhWWNZalhKY1REUFVzS1JoakFSSUowdHh1M3RlbjBYZjV3?oc=5\" target=\"_blank\" rel=\"nofollow noopener\">Ce qu\u2019il faut savoir sur l\u2019op\u00e9ration anti-moustique tigre men\u00e9e cette nuit \u00e0 Paris<\/a>&nbsp;&nbsp;Le Parisien<\/li>\n<li><a href=\"https:\/\/news.google.com\/rss\/articles\/CBMi5AFBVV95cUxPTnVkZUVUN2JfRVYwdnhRdDJ2OVBjLTg3dGM3dFhJbzYxOFVpNDZpOHBTMllYTDZ4VmNoZlpONUYyNk9hZC1vSHVONWVYb1M5dFotLTNaVDc3UmhWNkhpLW9PVG1GSnk1UDZzVG5yemdOYWtxb21hUW05NzJST2Jrd3RpTW5zQnRyU0hSLUlPbzZicmFZNXgySldrdzBFQ2l6TG1XVTkxbk5GZ3Jfd09KUDAxVWw1QUdmWFpQVmJHUWRBYW5lbEt0UFRkdXRtOWRacEpvX1ZPR1pGUEFlTC1zRXRzUkg?oc=5\" target=\"_blank\" rel=\"nofollow noopener\">Chikungunya \u00e0 Bergerac : toujours plus de malades malgr\u00e9 les op\u00e9rations de d\u00e9moustication. Faut-il s\u2019inqui\u00e9ter ?<\/a>&nbsp;&nbsp;Sud Ouest<\/li>\n<\/ol>\n","protected":false},"excerpt":{"rendered":"\u00ab\u00a0Nous allons devoir vivre avec le chikungunya\u00a0\u00bb: les propositions d\u2019un parasitologue ni\u00e7ois face \u00e0 la progression de la&hellip;\n","protected":false},"author":2,"featured_media":1445,"comment_status":"","ping_status":"","sticky":false,"template":"","format":"standard","meta":{"footnotes":""},"categories":[10],"tags":[1011,27,72,71],"class_list":{"0":"post-387773","1":"post","2":"type-post","3":"status-publish","4":"format-standard","5":"has-post-thumbnail","7":"category-sante","8":"tag-fr","9":"tag-france","10":"tag-health","11":"tag-sante"},"share_on_mastodon":{"url":"https:\/\/pubeurope.com\/@fr\/115196846750588139","error":""},"_links":{"self":[{"href":"https:\/\/www.europesays.com\/fr\/wp-json\/wp\/v2\/posts\/387773","targetHints":{"allow":["GET"]}}],"collection":[{"href":"https:\/\/www.europesays.com\/fr\/wp-json\/wp\/v2\/posts"}],"about":[{"href":"https:\/\/www.europesays.com\/fr\/wp-json\/wp\/v2\/types\/post"}],"author":[{"embeddable":true,"href":"https:\/\/www.europesays.com\/fr\/wp-json\/wp\/v2\/users\/2"}],"replies":[{"embeddable":true,"href":"https:\/\/www.europesays.com\/fr\/wp-json\/wp\/v2\/comments?post=387773"}],"version-history":[{"count":0,"href":"https:\/\/www.europesays.com\/fr\/wp-json\/wp\/v2\/posts\/387773\/revisions"}],"wp:featuredmedia":[{"embeddable":true,"href":"https:\/\/www.europesays.com\/fr\/wp-json\/wp\/v2\/media\/1445"}],"wp:attachment":[{"href":"https:\/\/www.europesays.com\/fr\/wp-json\/wp\/v2\/media?parent=387773"}],"wp:term":[{"taxonomy":"category","embeddable":true,"href":"https:\/\/www.europesays.com\/fr\/wp-json\/wp\/v2\/categories?post=387773"},{"taxonomy":"post_tag","embeddable":true,"href":"https:\/\/www.europesays.com\/fr\/wp-json\/wp\/v2\/tags?post=387773"}],"curies":[{"name":"wp","href":"https:\/\/api.w.org\/{rel}","templated":true}]}}