{"id":387774,"date":"2025-09-13T11:52:09","date_gmt":"2025-09-13T11:52:09","guid":{"rendered":"https:\/\/www.europesays.com\/fr\/387774\/"},"modified":"2025-09-13T11:52:09","modified_gmt":"2025-09-13T11:52:09","slug":"lhommage-vibrant-de-luis-enrique-a-presnel-kimpembe","status":"publish","type":"post","link":"https:\/\/www.europesays.com\/fr\/387774\/","title":{"rendered":"l\u2019hommage vibrant de Luis Enrique \u00e0 Presnel Kimpembe"},"content":{"rendered":"<p>Apr\u00e8s plus de 20 ann\u00e9es pass\u00e9es au club, <a href=\"https:\/\/www.footmercato.net\/joueur\/presnel-kimpembe\/\" rel=\"nofollow noopener\" target=\"_blank\">Presnel Kimpembe<\/a> <a href=\"https:\/\/www.footmercato.net\/a3982866206999297614-le-psg-annonce-le-depart-de-presnel-kimpembe\" rel=\"nofollow noopener\" target=\"_blank\">va tourner la page PSG<\/a>. Le champion du monde 2018 s\u2019est engag\u00e9 cette semaine avec le Qatar Sports Club. Pr\u00e9sent en conf\u00e9rence de presse ce samedi, \u00e0 la veille de la r\u00e9ception de Lens (17h15), <a href=\"https:\/\/www.footmercato.net\/entraineur\/luis-enrique-martinez-garcia\" rel=\"nofollow noopener\" target=\"_blank\">Luis Enrique<\/a> a tenu \u00e0 lui rendre hommage.<\/p>\n<p>            La suite apr\u00e8s cette publicit\u00e9<\/p>\n<p>\u00abTout le monde l\u2019adore, moi aussi j\u2019adore Presko, mais c\u2019est la vie. Il a \u00e9t\u00e9 bless\u00e9 depuis presque trois ans, c\u2019est dommage car c\u2019est un joueur de tr\u00e8s haut niveau. Encore aujourd\u2019hui. C\u2019est difficile car je n\u2019ai pas pu lui donner le temps dont il avait besoin. Ce sera un jour important pour dire au revoir \u00e0 Presko demain. Je lui souhaite le meilleur car il le m\u00e9rite. \u00bb Un hommage \u00e0 Kimpembe est pr\u00e9vu demain en marge de <a href=\"https:\/\/www.footmercato.net\/live\/8309762537320891409-paris-saint-germain-vs-lens\" rel=\"nofollow noopener\" target=\"_blank\">PSG &#8211; Lens<\/a>.<\/p>\n<p>\n    Pub. le 13\/09\/2025 13:21<br \/>\n            &#8211; MAJ le 13\/09\/2025 13:44\n    <\/p>\n","protected":false},"excerpt":{"rendered":"Apr\u00e8s plus de 20 ann\u00e9es pass\u00e9es au club, Presnel Kimpembe va tourner la page PSG. Le champion du&hellip;\n","protected":false},"author":2,"featured_media":387775,"comment_status":"","ping_status":"","sticky":false,"template":"","format":"standard","meta":{"footnotes":""},"categories":[9],"tags":[1011,27,60],"class_list":{"0":"post-387774","1":"post","2":"type-post","3":"status-publish","4":"format-standard","5":"has-post-thumbnail","7":"category-sports","8":"tag-fr","9":"tag-france","10":"tag-sports"},"share_on_mastodon":{"url":"https:\/\/pubeurope.com\/@fr\/115196850880137604","error":""},"_links":{"self":[{"href":"https:\/\/www.europesays.com\/fr\/wp-json\/wp\/v2\/posts\/387774","targetHints":{"allow":["GET"]}}],"collection":[{"href":"https:\/\/www.europesays.com\/fr\/wp-json\/wp\/v2\/posts"}],"about":[{"href":"https:\/\/www.europesays.com\/fr\/wp-json\/wp\/v2\/types\/post"}],"author":[{"embeddable":true,"href":"https:\/\/www.europesays.com\/fr\/wp-json\/wp\/v2\/users\/2"}],"replies":[{"embeddable":true,"href":"https:\/\/www.europesays.com\/fr\/wp-json\/wp\/v2\/comments?post=387774"}],"version-history":[{"count":0,"href":"https:\/\/www.europesays.com\/fr\/wp-json\/wp\/v2\/posts\/387774\/revisions"}],"wp:featuredmedia":[{"embeddable":true,"href":"https:\/\/www.europesays.com\/fr\/wp-json\/wp\/v2\/media\/387775"}],"wp:attachment":[{"href":"https:\/\/www.europesays.com\/fr\/wp-json\/wp\/v2\/media?parent=387774"}],"wp:term":[{"taxonomy":"category","embeddable":true,"href":"https:\/\/www.europesays.com\/fr\/wp-json\/wp\/v2\/categories?post=387774"},{"taxonomy":"post_tag","embeddable":true,"href":"https:\/\/www.europesays.com\/fr\/wp-json\/wp\/v2\/tags?post=387774"}],"curies":[{"name":"wp","href":"https:\/\/api.w.org\/{rel}","templated":true}]}}