{"id":387795,"date":"2025-09-13T12:03:10","date_gmt":"2025-09-13T12:03:10","guid":{"rendered":"https:\/\/www.europesays.com\/fr\/387795\/"},"modified":"2025-09-13T12:03:10","modified_gmt":"2025-09-13T12:03:10","slug":"top-14-javais-un-maillot-de-maa-nonu-et-maintenant-je-joue-avec-lui-avant-la-premiere-de-toulon-a-mayol-la-recrue-mathis-ferte-se-confie","status":"publish","type":"post","link":"https:\/\/www.europesays.com\/fr\/387795\/","title":{"rendered":"Top 14 : \u00ab\u00a0J&rsquo;avais un maillot de Ma&rsquo;a Nonu et maintenant je joue avec lui !\u00a0\u00bb, avant la premi\u00e8re de Toulon \u00e0 Mayol, la recrue Mathis Fert\u00e9 se confie"},"content":{"rendered":"<p>\u00c0 21\u00a0ans, Mathis Fert\u00e9 est arriv\u00e9 au RCT cet \u00e9t\u00e9 avec une \u00e9norme envie et une impatience d\u00e9cupl\u00e9e de red\u00e9couvrir le Top 14. Sa polyvalence (trois-quart aile &#8211; demi de m\u00eal\u00e9e &#8211; arri\u00e8re) sera un atout suppl\u00e9mentaire pour Pierre Mignoni. Mais en attendant de se faire une place au soleil dans le club de son c\u0153ur, la jeune p\u00e9pite du rugby tricolore qui a quitt\u00e9 Brive, son club formateur, travaille comme un fou pour \u00eatre \u00e0 la hauteur de sa premi\u00e8re \u00e0 Mayol.<\/p>\n<p><strong>Venir \u00e0 Toulon \u00e9tait une \u00e9vidence quand on a pass\u00e9 7\u00a0ans \u00e0 Brive\u00a0?<\/strong>&#13;\n<\/p>\n<p>Quand un club comme le RCT t\u2019appelle, tu ne r\u00e9fl\u00e9chis pas pendant 100\u00a0ans. J\u2019ai accroch\u00e9 tr\u00e8s vite avec <a href=\"https:\/\/www.laprovence.com\/article\/sports\/41865120332027\/rugby-pierre-mignoni-prolonge-a-toulon-jusquen-2029\" target=\"_blank\" rel=\"noopener\">Pierre (Mignoni)<\/a> donc le choix \u00e9tait assez \u00e9vident. Toulon, c\u2019est un club que j\u2019ai toujours aim\u00e9, que je regardais beaucoup \u00e0 la t\u00e9l\u00e9vision quand j\u2019\u00e9tais petit.. D\u2019ailleurs j\u2019ai pas mal de maillots du RCT mais surtout le num\u00e9ro 12 de <a href=\"https:\/\/www.laprovence.com\/article\/sports\/3074956648216114\/rugby-arrive-cet-hiver-l-ancien-international-neo-zelandais-ma-a-nonu-va-prolonger-son-contrat-a-toulon\" target=\"_blank\" rel=\"noopener\">Ma\u2019a Nonu<\/a>. Je l\u2019ai encore\u00a0! \u00c0 l\u2019\u00e9poque, il \u00e9tait aussi sur mon fond d\u2019\u00e9cran de t\u00e9l\u00e9phone (rires). Et maintenant, je joue avec lui\u00a0! C\u2019est dingue. Quand on partait en vacances en famille en Corse, on s\u2019arr\u00eatait toujours \u00e0 Toulon pour essayer de voir un match avant de prendre le bateau. J\u2019ai aussi des souvenirs \u00e0 la maison. Mon grand fr\u00e8re &#8230;<\/p>\n","protected":false},"excerpt":{"rendered":"\u00c0 21\u00a0ans, Mathis Fert\u00e9 est arriv\u00e9 au RCT cet \u00e9t\u00e9 avec une \u00e9norme envie et une impatience d\u00e9cupl\u00e9e&hellip;\n","protected":false},"author":2,"featured_media":387796,"comment_status":"","ping_status":"","sticky":false,"template":"","format":"standard","meta":{"footnotes":""},"categories":[9619],"tags":[17,1111,11,1777,674,1011,27,20276,52039,10274,43926,12,52040,882,25,479,60,3030,2310],"class_list":{"0":"post-387795","1":"post","2":"type-post","3":"status-publish","4":"format-standard","5":"has-post-thumbnail","7":"category-toulon","8":"tag-17","9":"tag-actu","10":"tag-actualites","11":"tag-eu","12":"tag-europe","13":"tag-fr","14":"tag-france","15":"tag-javais","16":"tag-maa","17":"tag-maillot","18":"tag-maintenant","19":"tag-news","20":"tag-nonu","21":"tag-provence-alpes-cote-dazur","22":"tag-republique-francaise","23":"tag-rugby","24":"tag-sports","25":"tag-top","26":"tag-toulon"},"share_on_mastodon":{"url":"https:\/\/pubeurope.com\/@fr\/115196894094859112","error":""},"_links":{"self":[{"href":"https:\/\/www.europesays.com\/fr\/wp-json\/wp\/v2\/posts\/387795","targetHints":{"allow":["GET"]}}],"collection":[{"href":"https:\/\/www.europesays.com\/fr\/wp-json\/wp\/v2\/posts"}],"about":[{"href":"https:\/\/www.europesays.com\/fr\/wp-json\/wp\/v2\/types\/post"}],"author":[{"embeddable":true,"href":"https:\/\/www.europesays.com\/fr\/wp-json\/wp\/v2\/users\/2"}],"replies":[{"embeddable":true,"href":"https:\/\/www.europesays.com\/fr\/wp-json\/wp\/v2\/comments?post=387795"}],"version-history":[{"count":0,"href":"https:\/\/www.europesays.com\/fr\/wp-json\/wp\/v2\/posts\/387795\/revisions"}],"wp:featuredmedia":[{"embeddable":true,"href":"https:\/\/www.europesays.com\/fr\/wp-json\/wp\/v2\/media\/387796"}],"wp:attachment":[{"href":"https:\/\/www.europesays.com\/fr\/wp-json\/wp\/v2\/media?parent=387795"}],"wp:term":[{"taxonomy":"category","embeddable":true,"href":"https:\/\/www.europesays.com\/fr\/wp-json\/wp\/v2\/categories?post=387795"},{"taxonomy":"post_tag","embeddable":true,"href":"https:\/\/www.europesays.com\/fr\/wp-json\/wp\/v2\/tags?post=387795"}],"curies":[{"name":"wp","href":"https:\/\/api.w.org\/{rel}","templated":true}]}}